{"id":148177,"date":"2026-08-31T17:02:20","date_gmt":"2026-08-31T20:02:20","guid":{"rendered":"https:\/\/noticiasbahia360.com.br\/?p=148177"},"modified":"2026-08-31T17:02:20","modified_gmt":"2026-08-31T20:02:20","slug":"homem-e-preso-suspeito-de-agredir-companheira-gravida","status":"publish","type":"post","link":"https:\/\/noticiasbahia360.com.br\/?p=148177","title":{"rendered":"Homem \u00e9 preso suspeito de agredir companheira gr\u00e1vida"},"content":{"rendered":"<div>\n<div>\n<figure><img decoding=\"async\" src=\"http:\/\/noticiasbahia360.com.br\/wp-content\/uploads\/2026\/08\/Backdrop-da-Policia-Civil-Imagem-ilustrativa-Divulgacao-Ascom-PCBA-1.jpg\" alt=\"Backdrop da Pol\u00edcia Civil\"><figcaption>Foto: Ilustrativa\/ Divulga\u00e7\u00e3o \/ Ascom-PCBA<\/figcaption><\/figure>\n<\/div>\n<p class=\"wp-block-paragraph\">Um homem investigado por viol\u00eancia dom\u00e9stica contra a pr\u00f3pria companheira, que est\u00e1 gr\u00e1vida, foi preso preventivamente nesta segunda-feira (31), em Rafael Jambeiro. O mandado foi cumprido por equipes da Delegacia Territorial do munic\u00edpio, vinculada \u00e0 1\u00aa Coordenadoria Regional de Pol\u00edcia do Interior (Coorpin).<\/p>\n<p class=\"wp-block-paragraph\">Segundo a Pol\u00edcia Civil, a v\u00edtima procurou a unidade policial e relatou epis\u00f3dios de agress\u00e3o f\u00edsica. Ela tamb\u00e9m solicitou medidas protetivas de urg\u00eancia. De acordo com a investiga\u00e7\u00e3o, a condi\u00e7\u00e3o de gestante da v\u00edtima foi considerada um fator de agravamento da situa\u00e7\u00e3o e de risco \u00e0 sua integridade f\u00edsica e psicol\u00f3gica.<\/p>\n<p class=\"wp-block-paragraph\">Diante da gravidade dos relatos, a autoridade policial solicitou a pris\u00e3o preventiva do homem. O pedido foi encaminhado \u00e0 Justi\u00e7a, que decretou a pris\u00e3o. A Pol\u00edcia Civil informou que o objetivo da medida \u00e9 impedir a continuidade ou a repeti\u00e7\u00e3o das agress\u00f5es e garantir a prote\u00e7\u00e3o da v\u00edtima.<\/p>\n<p class=\"wp-block-paragraph\">Ap\u00f3s a pris\u00e3o, o homem foi apresentado \u00e0s autoridades competentes e permanece \u00e0 disposi\u00e7\u00e3o da Justi\u00e7a.<\/p>\n<p class=\"wp-block-paragraph\"><em>Siga o Acorda Cidade no\u00a0<\/em><a href=\"https:\/\/news.google.com\/search?q=acorda%20cidade&amp;hl=pt-BR&amp;gl=BR&amp;ceid=BR%3Apt-419\"><strong><em>Google Not\u00edcias<\/em><\/strong><\/a><em>\u00a0e receba os principais destaques do dia. Participe tamb\u00e9m dos nossos canais no\u00a0<\/em><a href=\"https:\/\/www.whatsapp.com\/channel\/0029Va6Rb4v3WHTNnsh8WI3N\"><strong><em>WhatsApp<\/em><\/strong><\/a><em>\u00a0e\u00a0<\/em><a href=\"https:\/\/www.youtube.com\/@acordacidadenoticias\/videos\"><strong>YouTube<\/strong><\/a><em>\u00a0e do grupo no\u00a0<\/em><a href=\"https:\/\/t.me\/+sSz0khrgARA0ZmRh\"><strong><em>Telegram<\/em><\/strong><\/a><em>.<\/em><\/p>\n<\/div>\n","protected":false},"excerpt":{"rendered":"<p>Foto: Ilustrativa\/ Divulga\u00e7\u00e3o \/ Ascom-PCBA Um homem investigado por viol\u00eancia dom\u00e9stica contra a pr\u00f3pria companheira,<\/p>\n","protected":false},"author":1,"featured_media":148178,"comment_status":"closed","ping_status":"closed","sticky":false,"template":"","format":"gallery","meta":{"footnotes":""},"categories":[8,9,6,57,56,10],"tags":[],"class_list":["post-148177","post","type-post","status-publish","format-gallery","has-post-thumbnail","hentry","category-bahia","category-brasil","category-feira-de-santana","category-mundo","category-policia","category-politica","post_format-post-format-gallery"],"featured_image_urls":{"full":["https:\/\/noticiasbahia360.com.br\/wp-content\/uploads\/2026\/08\/Backdrop-da-Policia-Civil-Imagem-ilustrativa-Divulgacao-Ascom-PCBA-1.jpg",1200,900,false],"thumbnail":["https:\/\/noticiasbahia360.com.br\/wp-content\/uploads\/2026\/08\/Backdrop-da-Policia-Civil-Imagem-ilustrativa-Divulgacao-Ascom-PCBA-1-150x150.jpg",150,150,true],"medium":["https:\/\/noticiasbahia360.com.br\/wp-content\/uploads\/2026\/08\/Backdrop-da-Policia-Civil-Imagem-ilustrativa-Divulgacao-Ascom-PCBA-1-300x225.jpg",300,225,true],"medium_large":["https:\/\/noticiasbahia360.com.br\/wp-content\/uploads\/2026\/08\/Backdrop-da-Policia-Civil-Imagem-ilustrativa-Divulgacao-Ascom-PCBA-1-768x576.jpg",640,480,true],"large":["https:\/\/noticiasbahia360.com.br\/wp-content\/uploads\/2026\/08\/Backdrop-da-Policia-Civil-Imagem-ilustrativa-Divulgacao-Ascom-PCBA-1-1024x768.jpg",640,480,true],"1536x1536":["https:\/\/noticiasbahia360.com.br\/wp-content\/uploads\/2026\/08\/Backdrop-da-Policia-Civil-Imagem-ilustrativa-Divulgacao-Ascom-PCBA-1.jpg",1200,900,false],"2048x2048":["https:\/\/noticiasbahia360.com.br\/wp-content\/uploads\/2026\/08\/Backdrop-da-Policia-Civil-Imagem-ilustrativa-Divulgacao-Ascom-PCBA-1.jpg",1200,900,false],"chromenews-featured":["https:\/\/noticiasbahia360.com.br\/wp-content\/uploads\/2026\/08\/Backdrop-da-Policia-Civil-Imagem-ilustrativa-Divulgacao-Ascom-PCBA-1-1024x768.jpg",1024,768,true],"chromenews-large":["https:\/\/noticiasbahia360.com.br\/wp-content\/uploads\/2026\/08\/Backdrop-da-Policia-Civil-Imagem-ilustrativa-Divulgacao-Ascom-PCBA-1-825x575.jpg",825,575,true],"chromenews-medium":["https:\/\/noticiasbahia360.com.br\/wp-content\/uploads\/2026\/08\/Backdrop-da-Policia-Civil-Imagem-ilustrativa-Divulgacao-Ascom-PCBA-1-590x410.jpg",590,410,true]},"author_info":{"display_name":"noticiasbahia360.com.br","author_link":"https:\/\/noticiasbahia360.com.br\/?author=1"},"category_info":"<a href=\"https:\/\/noticiasbahia360.com.br\/?cat=8\" rel=\"category\">Bahia<\/a> <a href=\"https:\/\/noticiasbahia360.com.br\/?cat=9\" rel=\"category\">Brasil<\/a> <a href=\"https:\/\/noticiasbahia360.com.br\/?cat=6\" rel=\"category\">Feira de Santana<\/a> <a href=\"https:\/\/noticiasbahia360.com.br\/?cat=57\" rel=\"category\">Mundo<\/a> <a href=\"https:\/\/noticiasbahia360.com.br\/?cat=56\" rel=\"category\">Pol\u00edcia<\/a> <a href=\"https:\/\/noticiasbahia360.com.br\/?cat=10\" rel=\"category\">Pol\u00edtica<\/a>","tag_info":"Pol\u00edtica","comment_count":"0","_links":{"self":[{"href":"https:\/\/noticiasbahia360.com.br\/index.php?rest_route=\/wp\/v2\/posts\/148177","targetHints":{"allow":["GET"]}}],"collection":[{"href":"https:\/\/noticiasbahia360.com.br\/index.php?rest_route=\/wp\/v2\/posts"}],"about":[{"href":"https:\/\/noticiasbahia360.com.br\/index.php?rest_route=\/wp\/v2\/types\/post"}],"author":[{"embeddable":true,"href":"https:\/\/noticiasbahia360.com.br\/index.php?rest_route=\/wp\/v2\/users\/1"}],"replies":[{"embeddable":true,"href":"https:\/\/noticiasbahia360.com.br\/index.php?rest_route=%2Fwp%2Fv2%2Fcomments&post=148177"}],"version-history":[{"count":0,"href":"https:\/\/noticiasbahia360.com.br\/index.php?rest_route=\/wp\/v2\/posts\/148177\/revisions"}],"wp:featuredmedia":[{"embeddable":true,"href":"https:\/\/noticiasbahia360.com.br\/index.php?rest_route=\/wp\/v2\/media\/148178"}],"wp:attachment":[{"href":"https:\/\/noticiasbahia360.com.br\/index.php?rest_route=%2Fwp%2Fv2%2Fmedia&parent=148177"}],"wp:term":[{"taxonomy":"category","embeddable":true,"href":"https:\/\/noticiasbahia360.com.br\/index.php?rest_route=%2Fwp%2Fv2%2Fcategories&post=148177"},{"taxonomy":"post_tag","embeddable":true,"href":"https:\/\/noticiasbahia360.com.br\/index.php?rest_route=%2Fwp%2Fv2%2Ftags&post=148177"}],"curies":[{"name":"wp","href":"https:\/\/api.w.org\/{rel}","templated":true}]}}