{"id":148182,"date":"2026-08-31T18:02:37","date_gmt":"2026-08-31T21:02:37","guid":{"rendered":"https:\/\/noticiasbahia360.com.br\/?p=148182"},"modified":"2026-08-31T18:02:37","modified_gmt":"2026-08-31T21:02:37","slug":"homem-condenado-por-estupro-de-vulneravel-e-preso-na-bahia","status":"publish","type":"post","link":"https:\/\/noticiasbahia360.com.br\/?p=148182","title":{"rendered":"Homem condenado por estupro de vulner\u00e1vel \u00e9 preso na Bahia"},"content":{"rendered":"<div>\n<div>\n<figure><img decoding=\"async\" src=\"http:\/\/noticiasbahia360.com.br\/wp-content\/uploads\/2026\/08\/viatura-da-policia-civil-foto-divulgacao-.jpg\" alt=\"opera\u00e7\u00e3o\"><figcaption>Foto: Divulga\u00e7\u00e3o <\/figcaption><\/figure>\n<\/div>\n<p class=\"wp-block-paragraph\">Um homem de 64 anos, condenado por estupro de vulner\u00e1vel, foi preso pela Pol\u00edcia Civil na manh\u00e3 desta segunda-feira (31), na zona rural de Ichu. A a\u00e7\u00e3o ocorreu por volta das 10h, no povoado Formigueiro. O homem foi localizado ap\u00f3s um alerta emitido pelo Sistema de Reconhecimento Facial.<\/p>\n<p class=\"wp-block-paragraph\">A pris\u00e3o foi realizada por equipes da Delegacia Territorial de Serrinha, unidade integrante da 15\u00aa Coordenadoria Regional de Pol\u00edcia do Interior (Coorpin), no \u00e2mbito da Opera\u00e7\u00e3o Malhas da Lei. A a\u00e7\u00e3o contou com a atua\u00e7\u00e3o do Servi\u00e7o de Investiga\u00e7\u00e3o (SI) da DT de Serrinha, com apoio do Gatti\/Sisal e do N\u00facleo de Intelig\u00eancia da 15\u00aa Coorpin.<\/p>\n<p class=\"wp-block-paragraph\">Segundo a Pol\u00edcia Civil, o mandado de pris\u00e3o preventiva foi expedido pela 1\u00aa Vara Criminal, J\u00fari, de Execu\u00e7\u00f5es Penais e Inf\u00e2ncia e Juventude de Riach\u00e3o do Jacu\u00edpe. A ordem judicial decorre de uma condena\u00e7\u00e3o que ainda n\u00e3o transitou em julgado.<\/p>\n<p class=\"wp-block-paragraph\">Conforme a decis\u00e3o judicial, o homem foi condenado a 20 anos de reclus\u00e3o, em regime inicial fechado, pela pr\u00e1tica do crime de estupro de vulner\u00e1vel, previsto no artigo 217-A do C\u00f3digo Penal, combinado com o artigo 226, inciso II, em continuidade delitiva, nos termos do artigo 71 do C\u00f3digo Penal.<\/p>\n<p class=\"wp-block-paragraph\"><em>Siga o Acorda Cidade no\u00a0<\/em><a href=\"https:\/\/news.google.com\/search?q=acorda%20cidade&amp;hl=pt-BR&amp;gl=BR&amp;ceid=BR%3Apt-419\"><strong><em>Google Not\u00edcias<\/em><\/strong><\/a><em>\u00a0e receba os principais destaques do dia. Participe tamb\u00e9m dos nossos canais no\u00a0<\/em><a href=\"https:\/\/www.whatsapp.com\/channel\/0029Va6Rb4v3WHTNnsh8WI3N\"><strong><em>WhatsApp<\/em><\/strong><\/a><em>\u00a0e\u00a0<\/em><a href=\"https:\/\/www.youtube.com\/@acordacidadenoticias\/videos\"><strong>YouTube<\/strong><\/a><em>\u00a0e do grupo no\u00a0<\/em><a href=\"https:\/\/t.me\/+sSz0khrgARA0ZmRh\"><strong><em>Telegram<\/em><\/strong><\/a><em>.<\/em><\/p>\n<\/div>\n","protected":false},"excerpt":{"rendered":"<p>Foto: Divulga\u00e7\u00e3o Um homem de 64 anos, condenado por estupro de vulner\u00e1vel, foi preso pela<\/p>\n","protected":false},"author":1,"featured_media":148183,"comment_status":"closed","ping_status":"closed","sticky":false,"template":"","format":"gallery","meta":{"footnotes":""},"categories":[8,9,6,57,56,10],"tags":[],"class_list":["post-148182","post","type-post","status-publish","format-gallery","has-post-thumbnail","hentry","category-bahia","category-brasil","category-feira-de-santana","category-mundo","category-policia","category-politica","post_format-post-format-gallery"],"featured_image_urls":{"full":["https:\/\/noticiasbahia360.com.br\/wp-content\/uploads\/2026\/08\/viatura-da-policia-civil-foto-divulgacao-.jpg",1200,675,false],"thumbnail":["https:\/\/noticiasbahia360.com.br\/wp-content\/uploads\/2026\/08\/viatura-da-policia-civil-foto-divulgacao--150x150.jpg",150,150,true],"medium":["https:\/\/noticiasbahia360.com.br\/wp-content\/uploads\/2026\/08\/viatura-da-policia-civil-foto-divulgacao--300x169.jpg",300,169,true],"medium_large":["https:\/\/noticiasbahia360.com.br\/wp-content\/uploads\/2026\/08\/viatura-da-policia-civil-foto-divulgacao--768x432.jpg",640,360,true],"large":["https:\/\/noticiasbahia360.com.br\/wp-content\/uploads\/2026\/08\/viatura-da-policia-civil-foto-divulgacao--1024x576.jpg",640,360,true],"1536x1536":["https:\/\/noticiasbahia360.com.br\/wp-content\/uploads\/2026\/08\/viatura-da-policia-civil-foto-divulgacao-.jpg",1200,675,false],"2048x2048":["https:\/\/noticiasbahia360.com.br\/wp-content\/uploads\/2026\/08\/viatura-da-policia-civil-foto-divulgacao-.jpg",1200,675,false],"chromenews-featured":["https:\/\/noticiasbahia360.com.br\/wp-content\/uploads\/2026\/08\/viatura-da-policia-civil-foto-divulgacao--1024x576.jpg",1024,576,true],"chromenews-large":["https:\/\/noticiasbahia360.com.br\/wp-content\/uploads\/2026\/08\/viatura-da-policia-civil-foto-divulgacao--825x575.jpg",825,575,true],"chromenews-medium":["https:\/\/noticiasbahia360.com.br\/wp-content\/uploads\/2026\/08\/viatura-da-policia-civil-foto-divulgacao--590x410.jpg",590,410,true]},"author_info":{"display_name":"noticiasbahia360.com.br","author_link":"https:\/\/noticiasbahia360.com.br\/?author=1"},"category_info":"<a href=\"https:\/\/noticiasbahia360.com.br\/?cat=8\" rel=\"category\">Bahia<\/a> <a href=\"https:\/\/noticiasbahia360.com.br\/?cat=9\" rel=\"category\">Brasil<\/a> <a href=\"https:\/\/noticiasbahia360.com.br\/?cat=6\" rel=\"category\">Feira de Santana<\/a> <a href=\"https:\/\/noticiasbahia360.com.br\/?cat=57\" rel=\"category\">Mundo<\/a> <a href=\"https:\/\/noticiasbahia360.com.br\/?cat=56\" rel=\"category\">Pol\u00edcia<\/a> <a href=\"https:\/\/noticiasbahia360.com.br\/?cat=10\" rel=\"category\">Pol\u00edtica<\/a>","tag_info":"Pol\u00edtica","comment_count":"0","_links":{"self":[{"href":"https:\/\/noticiasbahia360.com.br\/index.php?rest_route=\/wp\/v2\/posts\/148182","targetHints":{"allow":["GET"]}}],"collection":[{"href":"https:\/\/noticiasbahia360.com.br\/index.php?rest_route=\/wp\/v2\/posts"}],"about":[{"href":"https:\/\/noticiasbahia360.com.br\/index.php?rest_route=\/wp\/v2\/types\/post"}],"author":[{"embeddable":true,"href":"https:\/\/noticiasbahia360.com.br\/index.php?rest_route=\/wp\/v2\/users\/1"}],"replies":[{"embeddable":true,"href":"https:\/\/noticiasbahia360.com.br\/index.php?rest_route=%2Fwp%2Fv2%2Fcomments&post=148182"}],"version-history":[{"count":0,"href":"https:\/\/noticiasbahia360.com.br\/index.php?rest_route=\/wp\/v2\/posts\/148182\/revisions"}],"wp:featuredmedia":[{"embeddable":true,"href":"https:\/\/noticiasbahia360.com.br\/index.php?rest_route=\/wp\/v2\/media\/148183"}],"wp:attachment":[{"href":"https:\/\/noticiasbahia360.com.br\/index.php?rest_route=%2Fwp%2Fv2%2Fmedia&parent=148182"}],"wp:term":[{"taxonomy":"category","embeddable":true,"href":"https:\/\/noticiasbahia360.com.br\/index.php?rest_route=%2Fwp%2Fv2%2Fcategories&post=148182"},{"taxonomy":"post_tag","embeddable":true,"href":"https:\/\/noticiasbahia360.com.br\/index.php?rest_route=%2Fwp%2Fv2%2Ftags&post=148182"}],"curies":[{"name":"wp","href":"https:\/\/api.w.org\/{rel}","templated":true}]}}