{"id":148184,"date":"2026-08-31T18:02:38","date_gmt":"2026-08-31T21:02:38","guid":{"rendered":"https:\/\/noticiasbahia360.com.br\/?p=148184"},"modified":"2026-08-31T18:02:38","modified_gmt":"2026-08-31T21:02:38","slug":"messi-anuncia-saida-da-selecao-argentina-sempre-dei-a-vida-por-esta-camisa","status":"publish","type":"post","link":"https:\/\/noticiasbahia360.com.br\/?p=148184","title":{"rendered":"Messi anuncia sa\u00edda da sele\u00e7\u00e3o argentina: \u201cSempre dei a vida por esta camisa\u201d"},"content":{"rendered":"<div>\n<div>\n<figure><img decoding=\"async\" src=\"http:\/\/noticiasbahia360.com.br\/wp-content\/uploads\/2026\/08\/Lionel-Messi-Jogador-da-argentina-Copa-do-Mundo-foto-conmebol.jpg\" alt=\"Messi\"><figcaption>Foto: Reprodu\u00e7\u00e3o \/ Site da Conmebol<\/figcaption><\/figure>\n<\/div>\n<p class=\"wp-block-paragraph\">O jogador Lionel Messi, de 39 anos, anunciou nesta segunda-feira (31), que vai sair da sele\u00e7\u00e3o argentina. Nas redes sociais, o craque publicou uma imagem de uma carta, afirmando que pensou muito e teve certeza ap\u00f3s a morte do pai, no in\u00edcio deste m\u00eas de agosto.<\/p>\n<p class=\"wp-block-paragraph\">Na publica\u00e7\u00e3o, Messi contou que escreveu a carta no dia 21 de julho, dois dias depois da final, mas que estava \u201cmais convicto do que antes\u201d depois do que aconteceu com o pai. Ele tamb\u00e9m disse que \u201cfoi uma decis\u00e3o que doeu e d\u00f3i na alma, mas entende que \u00e9 o momento\u201d.<\/p>\n<p class=\"wp-block-paragraph\">\u201cJuro para voc\u00eas que sempre dei tudo de mim, n\u00e3o apenas nos \u00faltimos anos em que ganhamos tudo, mas antes tamb\u00e9m; sempre lutei e dei a vida por esta camisa\u201d, seguiu o jogador. <\/p>\n<p class=\"wp-block-paragraph\">Messi explicou que sempre lutou parar dar alegria aos torcedores e fazer com que eles \u201cse sentissem orgulhosos de ser argentinos atrav\u00e9s do futebol.\u201d Ele tamb\u00e9m destacou o futuro da sele\u00e7\u00e3o com os novos jogadores. <\/p>\n<p class=\"wp-block-paragraph\">\u201cAmo, amei e amarei sempre estar na Sele\u00e7\u00e3o. Eu me esvaziei, n\u00e3o tenho mais nada para dar e, al\u00e9m disso, v\u00eam garotos muito bons atr\u00e1s que merecem estar aqui.\u201d <\/p>\n<p class=\"wp-block-paragraph\">Por fim, Messi agradeceu pelo carinho durante os 20 anos de atua\u00e7\u00e3o e disse que sentir\u00e1 falta de ouvir a torcida. Al\u00e9m disso, agradeceu a fam\u00edlia pelo apoio, aos treinadores, companheiros e dirigentes, ressaltando que levar\u00e1 as lembran\u00e7as e momentos inesquec\u00edveis. <\/p>\n<p class=\"wp-block-paragraph\">\u201cAgora serei mais um de voc\u00eas, torcendo e apoiando sempre do lado de fora (nas boas e nas ruins, muito mais). Vou embora com a tranquilidade e o orgulho de ter presenteado voc\u00eas, junto com meus companheiros, com momentos sonhados. Foi uma loucura ter vivido isso com voc\u00eas. Eu amo voc\u00eas! Obrigado, Deus, por me fazer argentino.\u201d<\/p>\n<p class=\"wp-block-paragraph\">Veja a publica\u00e7\u00e3o: <\/p>\n<figure class=\"wp-block-embed is-type-rich is-provider-instagram wp-block-embed-instagram\">\n<div class=\"wp-block-embed__wrapper\"><iframe title=\"Instagram frame\" loading=\"lazy\" height=\"628\" class=\"instagram-embed-iframe\" src=\"https:\/\/www.instagram.com\/p\/DctWzhYxElg\/embed\/\" allowtransparency=\"true\" frameborder=\"0\" scrolling=\"no\" onload=\"(function(o){window.instagramIframe = window.instagramIframe || []; window.instagramIframe.push(o);})(this)\" style=\"border: 0px; margin: 0 auto; max-width: 658px; width: calc(100% - 2px); border-radius: 4px; box-shadow: rgba(0, 0, 0, 0.498039) 0px 0px 1px 0px, rgba(0, 0, 0, 0.14902) 0px 1px 10px 0px; display: block; padding: 0px; background: rgb(255, 255, 255);\"><\/iframe><\/div>\n<\/figure>\n<p class=\"wp-block-paragraph\"><strong>Leia tamb\u00e9m: <a href=\"https:\/\/www.acordacidade.com.br\/mundo\/morre-aos-68-anos-jorge-horacio-pai-do-jogador-lionel-messi\/\">Morre aos 68 anos Jorge Hor\u00e1cio, pai do jogador Lionel Messi<\/a><\/strong><\/p>\n<p class=\"wp-block-paragraph\"><em>Siga o Acorda Cidade no\u00a0<\/em><a href=\"https:\/\/news.google.com\/search?q=acorda%20cidade&amp;hl=pt-BR&amp;gl=BR&amp;ceid=BR%3Apt-419\"><strong><em>Google Not\u00edcias<\/em><\/strong><\/a><em>\u00a0e receba os principais destaques do dia. Participe tamb\u00e9m dos nossos canais no\u00a0<\/em><a href=\"https:\/\/www.whatsapp.com\/channel\/0029Va6Rb4v3WHTNnsh8WI3N\"><strong><em>WhatsApp<\/em><\/strong><\/a><em>\u00a0e\u00a0<\/em><a href=\"https:\/\/www.youtube.com\/@acordacidadenoticias\/videos\"><strong>YouTube<\/strong><\/a><em>\u00a0e do grupo no\u00a0<\/em><a href=\"https:\/\/t.me\/+sSz0khrgARA0ZmRh\"><strong><em>Telegram<\/em><\/strong><\/a><em>.<\/em><\/p>\n<\/div>\n","protected":false},"excerpt":{"rendered":"<p>Foto: Reprodu\u00e7\u00e3o \/ Site da Conmebol O jogador Lionel Messi, de 39 anos, anunciou nesta<\/p>\n","protected":false},"author":1,"featured_media":148185,"comment_status":"closed","ping_status":"closed","sticky":false,"template":"","format":"gallery","meta":{"footnotes":""},"categories":[8,9,6,57,56,10],"tags":[],"class_list":["post-148184","post","type-post","status-publish","format-gallery","has-post-thumbnail","hentry","category-bahia","category-brasil","category-feira-de-santana","category-mundo","category-policia","category-politica","post_format-post-format-gallery"],"featured_image_urls":{"full":["https:\/\/noticiasbahia360.com.br\/wp-content\/uploads\/2026\/08\/Lionel-Messi-Jogador-da-argentina-Copa-do-Mundo-foto-conmebol.jpg",1200,675,false],"thumbnail":["https:\/\/noticiasbahia360.com.br\/wp-content\/uploads\/2026\/08\/Lionel-Messi-Jogador-da-argentina-Copa-do-Mundo-foto-conmebol-150x150.jpg",150,150,true],"medium":["https:\/\/noticiasbahia360.com.br\/wp-content\/uploads\/2026\/08\/Lionel-Messi-Jogador-da-argentina-Copa-do-Mundo-foto-conmebol-300x169.jpg",300,169,true],"medium_large":["https:\/\/noticiasbahia360.com.br\/wp-content\/uploads\/2026\/08\/Lionel-Messi-Jogador-da-argentina-Copa-do-Mundo-foto-conmebol-768x432.jpg",640,360,true],"large":["https:\/\/noticiasbahia360.com.br\/wp-content\/uploads\/2026\/08\/Lionel-Messi-Jogador-da-argentina-Copa-do-Mundo-foto-conmebol-1024x576.jpg",640,360,true],"1536x1536":["https:\/\/noticiasbahia360.com.br\/wp-content\/uploads\/2026\/08\/Lionel-Messi-Jogador-da-argentina-Copa-do-Mundo-foto-conmebol.jpg",1200,675,false],"2048x2048":["https:\/\/noticiasbahia360.com.br\/wp-content\/uploads\/2026\/08\/Lionel-Messi-Jogador-da-argentina-Copa-do-Mundo-foto-conmebol.jpg",1200,675,false],"chromenews-featured":["https:\/\/noticiasbahia360.com.br\/wp-content\/uploads\/2026\/08\/Lionel-Messi-Jogador-da-argentina-Copa-do-Mundo-foto-conmebol-1024x576.jpg",1024,576,true],"chromenews-large":["https:\/\/noticiasbahia360.com.br\/wp-content\/uploads\/2026\/08\/Lionel-Messi-Jogador-da-argentina-Copa-do-Mundo-foto-conmebol-825x575.jpg",825,575,true],"chromenews-medium":["https:\/\/noticiasbahia360.com.br\/wp-content\/uploads\/2026\/08\/Lionel-Messi-Jogador-da-argentina-Copa-do-Mundo-foto-conmebol-590x410.jpg",590,410,true]},"author_info":{"display_name":"noticiasbahia360.com.br","author_link":"https:\/\/noticiasbahia360.com.br\/?author=1"},"category_info":"<a href=\"https:\/\/noticiasbahia360.com.br\/?cat=8\" rel=\"category\">Bahia<\/a> <a href=\"https:\/\/noticiasbahia360.com.br\/?cat=9\" rel=\"category\">Brasil<\/a> <a href=\"https:\/\/noticiasbahia360.com.br\/?cat=6\" rel=\"category\">Feira de Santana<\/a> <a href=\"https:\/\/noticiasbahia360.com.br\/?cat=57\" rel=\"category\">Mundo<\/a> <a href=\"https:\/\/noticiasbahia360.com.br\/?cat=56\" rel=\"category\">Pol\u00edcia<\/a> <a href=\"https:\/\/noticiasbahia360.com.br\/?cat=10\" rel=\"category\">Pol\u00edtica<\/a>","tag_info":"Pol\u00edtica","comment_count":"0","_links":{"self":[{"href":"https:\/\/noticiasbahia360.com.br\/index.php?rest_route=\/wp\/v2\/posts\/148184","targetHints":{"allow":["GET"]}}],"collection":[{"href":"https:\/\/noticiasbahia360.com.br\/index.php?rest_route=\/wp\/v2\/posts"}],"about":[{"href":"https:\/\/noticiasbahia360.com.br\/index.php?rest_route=\/wp\/v2\/types\/post"}],"author":[{"embeddable":true,"href":"https:\/\/noticiasbahia360.com.br\/index.php?rest_route=\/wp\/v2\/users\/1"}],"replies":[{"embeddable":true,"href":"https:\/\/noticiasbahia360.com.br\/index.php?rest_route=%2Fwp%2Fv2%2Fcomments&post=148184"}],"version-history":[{"count":0,"href":"https:\/\/noticiasbahia360.com.br\/index.php?rest_route=\/wp\/v2\/posts\/148184\/revisions"}],"wp:featuredmedia":[{"embeddable":true,"href":"https:\/\/noticiasbahia360.com.br\/index.php?rest_route=\/wp\/v2\/media\/148185"}],"wp:attachment":[{"href":"https:\/\/noticiasbahia360.com.br\/index.php?rest_route=%2Fwp%2Fv2%2Fmedia&parent=148184"}],"wp:term":[{"taxonomy":"category","embeddable":true,"href":"https:\/\/noticiasbahia360.com.br\/index.php?rest_route=%2Fwp%2Fv2%2Fcategories&post=148184"},{"taxonomy":"post_tag","embeddable":true,"href":"https:\/\/noticiasbahia360.com.br\/index.php?rest_route=%2Fwp%2Fv2%2Ftags&post=148184"}],"curies":[{"name":"wp","href":"https:\/\/api.w.org\/{rel}","templated":true}]}}