{"id":148189,"date":"2026-08-31T18:02:41","date_gmt":"2026-08-31T21:02:41","guid":{"rendered":"https:\/\/noticiasbahia360.com.br\/?p=148189"},"modified":"2026-08-31T18:02:41","modified_gmt":"2026-08-31T21:02:41","slug":"pm-intensifica-operacao-paredao-e-apreende-veiculos-na-capital","status":"publish","type":"post","link":"https:\/\/noticiasbahia360.com.br\/?p=148189","title":{"rendered":"PM intensifica Opera\u00e7\u00e3o Pared\u00e3o e apreende ve\u00edculos na capital"},"content":{"rendered":"<div>\n<div>\n<figure><img decoding=\"async\" src=\"http:\/\/noticiasbahia360.com.br\/wp-content\/uploads\/2026\/08\/paredao-apreendido-em-Feira-de-Santana-foto-divulgacao-.jpg\" alt=\"PM pared\u00e3o apreendido\"><figcaption>Foto: Divulga\u00e7\u00e3o <\/figcaption><\/figure>\n<\/div>\n<p class=\"wp-block-paragraph\">A Pol\u00edcia Militar da Bahia intensificou, neste fim de semana, as a\u00e7\u00f5es da Opera\u00e7\u00e3o Pared\u00e3o em diferentes regi\u00f5es do estado. A iniciativa tem como objetivo coibir a perturba\u00e7\u00e3o do sossego, a polui\u00e7\u00e3o sonora e outras irregularidades relacionadas \u00e0 utiliza\u00e7\u00e3o de equipamentos sonoros.<\/p>\n<p class=\"wp-block-paragraph\">Entre as ocorr\u00eancias registradas na capital, foram realizadas a\u00e7\u00f5es em Massaranduba, S\u00e3o Caetano e Alto do Coqueirinho. Nos dois primeiros locais, foram removidos ve\u00edculos equipados com pared\u00e3o. J\u00e1 no Alto do Coqueirinho, ap\u00f3s a constata\u00e7\u00e3o de irregularidades, o respons\u00e1vel atendeu \u00e0 orienta\u00e7\u00e3o dos policiais e desligou o equipamento. A 39\u00aa CIPM tamb\u00e9m atuou de forma preventiva percorrendo as localidades do Curralinho, Borel, Georgina, Cajueiro e o Final de Linha da Boca do Rio, onde acompanhou a finaliza\u00e7\u00e3o ordeira e pac\u00edfica de um evento.<\/p>\n<p class=\"wp-block-paragraph\">No interior do estado da Bahia, as a\u00e7\u00f5es ganharam for\u00e7a em munic\u00edpios como Alagoinhas e Feira de Santana. Em Alagoinhas, na regi\u00e3o da pista de pouso, policiais constataram aglomera\u00e7\u00e3o, pared\u00e3o e motociclistas realizando manobras perigosas, culminando na condu\u00e7\u00e3o do respons\u00e1vel e do som automotivo \u00e0 Delegacia de Pol\u00edcia Civil. J\u00e1 em Feira de Santana, a PMBA, por meio do Comando de Policiamento da Regi\u00e3o Leste, desencadeou mais uma edi\u00e7\u00e3o da opera\u00e7\u00e3o neste final de semana (29 e 30), atuando nos bairros Pedra Ferrada, Bara\u00fanas, Asa Branca, Queimadinha, 35\u00b0 BI e Lagoa Grande. A interven\u00e7\u00e3o na cidade contou com diversas abordagens e averigua\u00e7\u00f5es veiculares, resultando no atendimento de 37 ocorr\u00eancias e em 11 notifica\u00e7\u00f5es por infra\u00e7\u00f5es ligadas a equipamentos sonoros.<\/p>\n<p class=\"wp-block-paragraph\">As a\u00e7\u00f5es foram realizadas em diversos munic\u00edpios baianos. Nos casos em que n\u00e3o houve apreens\u00e3o, a presen\u00e7a e a interven\u00e7\u00e3o policial contribu\u00edram para prevenir a perturba\u00e7\u00e3o do sossego e interromper atividades irregulares, garantindo mais tranquilidade e seguran\u00e7a \u00e0 popula\u00e7\u00e3o em toda a Bahia.<\/p>\n<p class=\"wp-block-paragraph\"><em>Siga o Acorda Cidade no\u00a0<\/em><a href=\"https:\/\/news.google.com\/search?q=acorda%20cidade&amp;hl=pt-BR&amp;gl=BR&amp;ceid=BR%3Apt-419\"><strong><em>Google Not\u00edcias<\/em><\/strong><\/a><em>\u00a0e receba os principais destaques do dia. Participe tamb\u00e9m dos nossos canais no\u00a0<\/em><a href=\"https:\/\/www.whatsapp.com\/channel\/0029Va6Rb4v3WHTNnsh8WI3N\"><strong><em>WhatsApp<\/em><\/strong><\/a><em>\u00a0e\u00a0<\/em><a href=\"https:\/\/www.youtube.com\/@acordacidadenoticias\/videos\"><strong>YouTube<\/strong><\/a><em>\u00a0e do grupo no\u00a0<\/em><a href=\"https:\/\/t.me\/+sSz0khrgARA0ZmRh\"><strong><em>Telegram<\/em><\/strong><\/a><em>.<\/em><\/p>\n<\/div>\n","protected":false},"excerpt":{"rendered":"<p>Foto: Divulga\u00e7\u00e3o A Pol\u00edcia Militar da Bahia intensificou, neste fim de semana, as a\u00e7\u00f5es da<\/p>\n","protected":false},"author":1,"featured_media":148190,"comment_status":"closed","ping_status":"closed","sticky":false,"template":"","format":"gallery","meta":{"footnotes":""},"categories":[8,9,6,57,56,10],"tags":[],"class_list":["post-148189","post","type-post","status-publish","format-gallery","has-post-thumbnail","hentry","category-bahia","category-brasil","category-feira-de-santana","category-mundo","category-policia","category-politica","post_format-post-format-gallery"],"featured_image_urls":{"full":["https:\/\/noticiasbahia360.com.br\/wp-content\/uploads\/2026\/08\/paredao-apreendido-em-Feira-de-Santana-foto-divulgacao-.jpg",1200,675,false],"thumbnail":["https:\/\/noticiasbahia360.com.br\/wp-content\/uploads\/2026\/08\/paredao-apreendido-em-Feira-de-Santana-foto-divulgacao--150x150.jpg",150,150,true],"medium":["https:\/\/noticiasbahia360.com.br\/wp-content\/uploads\/2026\/08\/paredao-apreendido-em-Feira-de-Santana-foto-divulgacao--300x169.jpg",300,169,true],"medium_large":["https:\/\/noticiasbahia360.com.br\/wp-content\/uploads\/2026\/08\/paredao-apreendido-em-Feira-de-Santana-foto-divulgacao--768x432.jpg",640,360,true],"large":["https:\/\/noticiasbahia360.com.br\/wp-content\/uploads\/2026\/08\/paredao-apreendido-em-Feira-de-Santana-foto-divulgacao--1024x576.jpg",640,360,true],"1536x1536":["https:\/\/noticiasbahia360.com.br\/wp-content\/uploads\/2026\/08\/paredao-apreendido-em-Feira-de-Santana-foto-divulgacao-.jpg",1200,675,false],"2048x2048":["https:\/\/noticiasbahia360.com.br\/wp-content\/uploads\/2026\/08\/paredao-apreendido-em-Feira-de-Santana-foto-divulgacao-.jpg",1200,675,false],"chromenews-featured":["https:\/\/noticiasbahia360.com.br\/wp-content\/uploads\/2026\/08\/paredao-apreendido-em-Feira-de-Santana-foto-divulgacao--1024x576.jpg",1024,576,true],"chromenews-large":["https:\/\/noticiasbahia360.com.br\/wp-content\/uploads\/2026\/08\/paredao-apreendido-em-Feira-de-Santana-foto-divulgacao--825x575.jpg",825,575,true],"chromenews-medium":["https:\/\/noticiasbahia360.com.br\/wp-content\/uploads\/2026\/08\/paredao-apreendido-em-Feira-de-Santana-foto-divulgacao--590x410.jpg",590,410,true]},"author_info":{"display_name":"noticiasbahia360.com.br","author_link":"https:\/\/noticiasbahia360.com.br\/?author=1"},"category_info":"<a href=\"https:\/\/noticiasbahia360.com.br\/?cat=8\" rel=\"category\">Bahia<\/a> <a href=\"https:\/\/noticiasbahia360.com.br\/?cat=9\" rel=\"category\">Brasil<\/a> <a href=\"https:\/\/noticiasbahia360.com.br\/?cat=6\" rel=\"category\">Feira de Santana<\/a> <a href=\"https:\/\/noticiasbahia360.com.br\/?cat=57\" rel=\"category\">Mundo<\/a> <a href=\"https:\/\/noticiasbahia360.com.br\/?cat=56\" rel=\"category\">Pol\u00edcia<\/a> <a href=\"https:\/\/noticiasbahia360.com.br\/?cat=10\" rel=\"category\">Pol\u00edtica<\/a>","tag_info":"Pol\u00edtica","comment_count":"0","_links":{"self":[{"href":"https:\/\/noticiasbahia360.com.br\/index.php?rest_route=\/wp\/v2\/posts\/148189","targetHints":{"allow":["GET"]}}],"collection":[{"href":"https:\/\/noticiasbahia360.com.br\/index.php?rest_route=\/wp\/v2\/posts"}],"about":[{"href":"https:\/\/noticiasbahia360.com.br\/index.php?rest_route=\/wp\/v2\/types\/post"}],"author":[{"embeddable":true,"href":"https:\/\/noticiasbahia360.com.br\/index.php?rest_route=\/wp\/v2\/users\/1"}],"replies":[{"embeddable":true,"href":"https:\/\/noticiasbahia360.com.br\/index.php?rest_route=%2Fwp%2Fv2%2Fcomments&post=148189"}],"version-history":[{"count":0,"href":"https:\/\/noticiasbahia360.com.br\/index.php?rest_route=\/wp\/v2\/posts\/148189\/revisions"}],"wp:featuredmedia":[{"embeddable":true,"href":"https:\/\/noticiasbahia360.com.br\/index.php?rest_route=\/wp\/v2\/media\/148190"}],"wp:attachment":[{"href":"https:\/\/noticiasbahia360.com.br\/index.php?rest_route=%2Fwp%2Fv2%2Fmedia&parent=148189"}],"wp:term":[{"taxonomy":"category","embeddable":true,"href":"https:\/\/noticiasbahia360.com.br\/index.php?rest_route=%2Fwp%2Fv2%2Fcategories&post=148189"},{"taxonomy":"post_tag","embeddable":true,"href":"https:\/\/noticiasbahia360.com.br\/index.php?rest_route=%2Fwp%2Fv2%2Ftags&post=148189"}],"curies":[{"name":"wp","href":"https:\/\/api.w.org\/{rel}","templated":true}]}}