{"id":148191,"date":"2026-08-31T18:02:42","date_gmt":"2026-08-31T21:02:42","guid":{"rendered":"https:\/\/noticiasbahia360.com.br\/?p=148191"},"modified":"2026-08-31T18:02:42","modified_gmt":"2026-08-31T21:02:42","slug":"lidice-da-mata-critica-nudez-de-jovens-em-ato-de-neto","status":"publish","type":"post","link":"https:\/\/noticiasbahia360.com.br\/?p=148191","title":{"rendered":"L\u00eddice da Mata critica nudez de jovens em ato de Neto"},"content":{"rendered":"<div>\n<div>\n<figure><img decoding=\"async\" src=\"http:\/\/noticiasbahia360.com.br\/wp-content\/uploads\/2026\/08\/Lidice-da-Mata-critica-nudez-de-jovens-em-ato-de-Neto-foto-divulgacao-.jpg\" alt=\"L\u00eddice nudez ACM Neto jovens nuas\"><figcaption>Foto: Reprodu\u00e7\u00e3o <\/figcaption><\/figure>\n<\/div>\n<p class=\"wp-block-paragraph\">A deputada federal L\u00eddice da Mata (PSB) criticou a presen\u00e7a de duas jovens seminuas, com os corpos pintados nas cores da campanha de ACM Neto, em um carro de som que acompanhou a passeata promovida pelo candidato do Uni\u00e3o Brasil ao Governo da Bahia.<\/p>\n<p class=\"wp-block-paragraph\">Para a parlamentar, a pol\u00edtica precisa ser tratada com seriedade e n\u00e3o cabe a explora\u00e7\u00e3o da nudez de jovens como instrumento para chamar a aten\u00e7\u00e3o do p\u00fablico. \u201cO povo quer saber de propostas, de projetos e de a\u00e7\u00f5es que possam melhorar efetivamente a sua vida\u201d, afirmou.<\/p>\n<p class=\"wp-block-paragraph\">L\u00eddice ressaltou que o epis\u00f3dio representa tamb\u00e9m um desrespeito \u00e0s mulheres e uma redu\u00e7\u00e3o do seu papel na vida pol\u00edtica. \u201cTemos pautas importantes que precisam ser discutidas e resolvidas, como o feminic\u00eddio, e a\u00e7\u00f5es desta natureza, que apenas sexualizam as mulheres, contribuem para o agravamento do problema\u201d, declarou.<\/p>\n<p class=\"wp-block-paragraph\">A deputada defendeu que a campanha eleitoral deve ser um espa\u00e7o de debate sobre os desafios reais da Bahia, com discuss\u00e3o de pol\u00edticas p\u00fablicas capazes de promover emprego, renda, educa\u00e7\u00e3o, sa\u00fade, seguran\u00e7a e oportunidades para a popula\u00e7\u00e3o.<\/p>\n<p class=\"wp-block-paragraph\">L\u00eddice contrap\u00f4s o epis\u00f3dio ao que classificou como uma grande demonstra\u00e7\u00e3o de mobiliza\u00e7\u00e3o pol\u00edtica durante a passeata de Jer\u00f4nimo Rodrigues (PT) no bairro da Liberdade, em Salvador, que contou com a presen\u00e7a do presidente Luiz In\u00e1cio Lula da Silva.<\/p>\n<p class=\"wp-block-paragraph\">Segundo a parlamentar, o ato reuniu uma multid\u00e3o em torno de um projeto pol\u00edtico comprometido com o futuro da Bahia e com propostas concretas para ampliar o desenvolvimento social e econ\u00f4mico do estado.<\/p>\n<p class=\"wp-block-paragraph\">\u201cA presen\u00e7a de Lula refor\u00e7a essa parceria com Jer\u00f4nimo e o compromisso de continuar trabalhando pela Bahia. \u00c9 com di\u00e1logo, propostas e a\u00e7\u00f5es concretas que se constr\u00f3i uma campanha e se responde ao que a popula\u00e7\u00e3o realmente espera dos seus governantes\u201d, concluiu L\u00eddice.<\/p>\n<p class=\"wp-block-paragraph\"><em>Siga o Acorda Cidade no\u00a0<\/em><a href=\"https:\/\/news.google.com\/search?q=acorda%20cidade&amp;hl=pt-BR&amp;gl=BR&amp;ceid=BR%3Apt-419\"><strong><em>Google Not\u00edcias<\/em><\/strong><\/a><em>\u00a0e receba os principais destaques do dia. Participe tamb\u00e9m dos nossos canais no\u00a0<\/em><a href=\"https:\/\/www.whatsapp.com\/channel\/0029Va6Rb4v3WHTNnsh8WI3N\"><strong><em>WhatsApp<\/em><\/strong><\/a><em>\u00a0e\u00a0<\/em><a href=\"https:\/\/www.youtube.com\/@acordacidadenoticias\/videos\"><strong>YouTube<\/strong><\/a><em>\u00a0e do grupo no\u00a0<\/em><a href=\"https:\/\/t.me\/+sSz0khrgARA0ZmRh\"><strong><em>Telegram<\/em><\/strong><\/a><em>.<\/em><\/p>\n<\/div>\n","protected":false},"excerpt":{"rendered":"<p>Foto: Reprodu\u00e7\u00e3o A deputada federal L\u00eddice da Mata (PSB) criticou a presen\u00e7a de duas jovens<\/p>\n","protected":false},"author":1,"featured_media":148192,"comment_status":"closed","ping_status":"closed","sticky":false,"template":"","format":"gallery","meta":{"footnotes":""},"categories":[8,9,6,57,56,10],"tags":[],"class_list":["post-148191","post","type-post","status-publish","format-gallery","has-post-thumbnail","hentry","category-bahia","category-brasil","category-feira-de-santana","category-mundo","category-policia","category-politica","post_format-post-format-gallery"],"featured_image_urls":{"full":["https:\/\/noticiasbahia360.com.br\/wp-content\/uploads\/2026\/08\/Lidice-da-Mata-critica-nudez-de-jovens-em-ato-de-Neto-foto-divulgacao-.jpg",1200,675,false],"thumbnail":["https:\/\/noticiasbahia360.com.br\/wp-content\/uploads\/2026\/08\/Lidice-da-Mata-critica-nudez-de-jovens-em-ato-de-Neto-foto-divulgacao--150x150.jpg",150,150,true],"medium":["https:\/\/noticiasbahia360.com.br\/wp-content\/uploads\/2026\/08\/Lidice-da-Mata-critica-nudez-de-jovens-em-ato-de-Neto-foto-divulgacao--300x169.jpg",300,169,true],"medium_large":["https:\/\/noticiasbahia360.com.br\/wp-content\/uploads\/2026\/08\/Lidice-da-Mata-critica-nudez-de-jovens-em-ato-de-Neto-foto-divulgacao--768x432.jpg",640,360,true],"large":["https:\/\/noticiasbahia360.com.br\/wp-content\/uploads\/2026\/08\/Lidice-da-Mata-critica-nudez-de-jovens-em-ato-de-Neto-foto-divulgacao--1024x576.jpg",640,360,true],"1536x1536":["https:\/\/noticiasbahia360.com.br\/wp-content\/uploads\/2026\/08\/Lidice-da-Mata-critica-nudez-de-jovens-em-ato-de-Neto-foto-divulgacao-.jpg",1200,675,false],"2048x2048":["https:\/\/noticiasbahia360.com.br\/wp-content\/uploads\/2026\/08\/Lidice-da-Mata-critica-nudez-de-jovens-em-ato-de-Neto-foto-divulgacao-.jpg",1200,675,false],"chromenews-featured":["https:\/\/noticiasbahia360.com.br\/wp-content\/uploads\/2026\/08\/Lidice-da-Mata-critica-nudez-de-jovens-em-ato-de-Neto-foto-divulgacao--1024x576.jpg",1024,576,true],"chromenews-large":["https:\/\/noticiasbahia360.com.br\/wp-content\/uploads\/2026\/08\/Lidice-da-Mata-critica-nudez-de-jovens-em-ato-de-Neto-foto-divulgacao--825x575.jpg",825,575,true],"chromenews-medium":["https:\/\/noticiasbahia360.com.br\/wp-content\/uploads\/2026\/08\/Lidice-da-Mata-critica-nudez-de-jovens-em-ato-de-Neto-foto-divulgacao--590x410.jpg",590,410,true]},"author_info":{"display_name":"noticiasbahia360.com.br","author_link":"https:\/\/noticiasbahia360.com.br\/?author=1"},"category_info":"<a href=\"https:\/\/noticiasbahia360.com.br\/?cat=8\" rel=\"category\">Bahia<\/a> <a href=\"https:\/\/noticiasbahia360.com.br\/?cat=9\" rel=\"category\">Brasil<\/a> <a href=\"https:\/\/noticiasbahia360.com.br\/?cat=6\" rel=\"category\">Feira de Santana<\/a> <a href=\"https:\/\/noticiasbahia360.com.br\/?cat=57\" rel=\"category\">Mundo<\/a> <a href=\"https:\/\/noticiasbahia360.com.br\/?cat=56\" rel=\"category\">Pol\u00edcia<\/a> <a href=\"https:\/\/noticiasbahia360.com.br\/?cat=10\" rel=\"category\">Pol\u00edtica<\/a>","tag_info":"Pol\u00edtica","comment_count":"0","_links":{"self":[{"href":"https:\/\/noticiasbahia360.com.br\/index.php?rest_route=\/wp\/v2\/posts\/148191","targetHints":{"allow":["GET"]}}],"collection":[{"href":"https:\/\/noticiasbahia360.com.br\/index.php?rest_route=\/wp\/v2\/posts"}],"about":[{"href":"https:\/\/noticiasbahia360.com.br\/index.php?rest_route=\/wp\/v2\/types\/post"}],"author":[{"embeddable":true,"href":"https:\/\/noticiasbahia360.com.br\/index.php?rest_route=\/wp\/v2\/users\/1"}],"replies":[{"embeddable":true,"href":"https:\/\/noticiasbahia360.com.br\/index.php?rest_route=%2Fwp%2Fv2%2Fcomments&post=148191"}],"version-history":[{"count":0,"href":"https:\/\/noticiasbahia360.com.br\/index.php?rest_route=\/wp\/v2\/posts\/148191\/revisions"}],"wp:featuredmedia":[{"embeddable":true,"href":"https:\/\/noticiasbahia360.com.br\/index.php?rest_route=\/wp\/v2\/media\/148192"}],"wp:attachment":[{"href":"https:\/\/noticiasbahia360.com.br\/index.php?rest_route=%2Fwp%2Fv2%2Fmedia&parent=148191"}],"wp:term":[{"taxonomy":"category","embeddable":true,"href":"https:\/\/noticiasbahia360.com.br\/index.php?rest_route=%2Fwp%2Fv2%2Fcategories&post=148191"},{"taxonomy":"post_tag","embeddable":true,"href":"https:\/\/noticiasbahia360.com.br\/index.php?rest_route=%2Fwp%2Fv2%2Ftags&post=148191"}],"curies":[{"name":"wp","href":"https:\/\/api.w.org\/{rel}","templated":true}]}}