{"id":148193,"date":"2026-08-31T18:02:43","date_gmt":"2026-08-31T21:02:43","guid":{"rendered":"https:\/\/noticiasbahia360.com.br\/?p=148193"},"modified":"2026-08-31T18:02:43","modified_gmt":"2026-08-31T21:02:43","slug":"projeto-de-futebol-comunitario-de-feira-de-santana-conquista-bicampeonato-e-leva-dois-premios-individuais","status":"publish","type":"post","link":"https:\/\/noticiasbahia360.com.br\/?p=148193","title":{"rendered":"Projeto de futebol comunit\u00e1rio de Feira de Santana conquista bicampeonato e leva dois pr\u00eamios individuais"},"content":{"rendered":"<div>\n<div>\n<figure><img decoding=\"async\" src=\"http:\/\/noticiasbahia360.com.br\/wp-content\/uploads\/2026\/08\/projeto-nova-geracao-feira-de-santana.jpg\" alt=\"Projeto de futebol comunit\u00e1rio de Feira de Santana conquista bicampeonato e leva dois pr\u00eamios individuais\"><figcaption>Foto: Jo\u00e3o Miranda<\/figcaption><\/figure>\n<\/div>\n<p class=\"wp-block-paragraph\">O Projeto Social Nova Gera\u00e7\u00e3o, que atua h\u00e1 15 anos em Feira de Santana como iniciativa social e escolinha de futebol comunit\u00e1ria para crian\u00e7as e adolescentes, conquistou, pela segunda vez, o t\u00edtulo da 3\u00aa Copa das Escolinhas, com a equipe da categoria Sub-12. <\/p>\n<p class=\"wp-block-paragraph\">A equipe do Nova Gera\u00e7\u00e3o teve uma campanha de destaque durante a competi\u00e7\u00e3o, permanecendo invicta em sete jogos, resultado que demonstra a dedica\u00e7\u00e3o dos atletas, o trabalho da comiss\u00e3o t\u00e9cnica e o apoio das fam\u00edlias que acompanham o projeto. <\/p>\n<p class=\"wp-block-paragraph\">\u00c0 frente do Projeto Nova Gera\u00e7\u00e3o est\u00e1 Paula Santana, fundadora e respons\u00e1vel pela dire\u00e7\u00e3o da iniciativa. Emocionada com a conquista, Paula comemorou o resultado e agradeceu a todos que contribu\u00edram para mais esse momento de vit\u00f3ria. <\/p>\n<p class=\"wp-block-paragraph\">A fundadora destacou a import\u00e2ncia da comiss\u00e3o t\u00e9cnica, dos pais e familiares dos atletas e de todos os parceiros que acreditam no trabalho desenvolvido pelo projeto. Entre eles est\u00e1 a Phyto Ess\u00eancias, padrinho do Projeto Nova Gera\u00e7\u00e3o, que contribui para o fortalecimento das a\u00e7\u00f5es realizadas com as crian\u00e7as e adolescentes.<\/p>\n<h2 id=\"h-gustavo-e-eleito-o-melhor-goleiro-do-campeonato\" class=\"wp-block-heading\">Gustavo \u00e9 eleito o melhor goleiro do campeonato<\/h2>\n<p class=\"wp-block-paragraph\">Entre os destaques individuais da competi\u00e7\u00e3o esteve o goleiro Gustavo, de 12 anos, que est\u00e1 h\u00e1 seis meses participando do Projeto Nova Gera\u00e7\u00e3o. O atleta foi reconhecido como melhor goleiro do campeonato, pr\u00eamio que celebrou seu desempenho durante a competi\u00e7\u00e3o e sua contribui\u00e7\u00e3o para a campanha invicta da equipe.<\/p>\n<figure class=\"wp-block-image size-full\"><img fetchpriority=\"high\" fetchpriority=\"high\" decoding=\"async\" width=\"1200\" height=\"1436\" src=\"http:\/\/noticiasbahia360.com.br\/wp-content\/uploads\/2026\/08\/gustavo-foto-joao-miranda.jpg\" alt=\"Projeto de futebol comunit\u00e1rio de Feira de Santana conquista bicampeonato e leva dois pr\u00eamios individuais\" class=\"wp-image-686590\" srcset=\"http:\/\/noticiasbahia360.com.br\/wp-content\/uploads\/2026\/08\/gustavo-foto-joao-miranda.jpg 1200w, https:\/\/uploads.acordacidade.com.br\/2026\/08\/gustavo-foto-joao-miranda-750x898.jpg 750w, https:\/\/uploads.acordacidade.com.br\/2026\/08\/gustavo-foto-joao-miranda-1000x1197.jpg 1000w, https:\/\/uploads.acordacidade.com.br\/2026\/08\/gustavo-foto-joao-miranda-450x539.jpg 450w, https:\/\/uploads.acordacidade.com.br\/2026\/08\/gustavo-foto-joao-miranda-150x180.jpg 150w\" sizes=\"(max-width: 1200px) 100vw, 1200px\"><figcaption class=\"wp-element-caption\">Foto: Jo\u00e3o Miranda<\/figcaption><\/figure>\n<p class=\"wp-block-paragraph\">Ao receber a premia\u00e7\u00e3o, Gustavo agradeceu primeiramente a Deus e tamb\u00e9m \u00e0 comiss\u00e3o t\u00e9cnica pelo apoio e incentivo durante sua trajet\u00f3ria no projeto e ao longo do campeonato.<\/p>\n<h2 id=\"h-endrio-gabriel-e-artilheiro-e-melhor-jogador\" class=\"wp-block-heading\">Endrio Gabriel \u00e9 artilheiro e melhor jogador<\/h2>\n<p class=\"wp-block-paragraph\">Outro grande destaque do Nova Gera\u00e7\u00e3o foi o atleta Endrio Gabriel, que est\u00e1 h\u00e1 um ano no projeto e participou pela primeira vez da competi\u00e7\u00e3o na categoria Sub-12.<\/p>\n<figure class=\"wp-block-image size-full\"><img decoding=\"async\" width=\"1200\" height=\"1300\" src=\"http:\/\/noticiasbahia360.com.br\/wp-content\/uploads\/2026\/08\/endrio-gabriel.jpg\" alt=\"Projeto de futebol comunit\u00e1rio de Feira de Santana conquista bicampeonato e leva dois pr\u00eamios individuais\" class=\"wp-image-686591\" srcset=\"http:\/\/noticiasbahia360.com.br\/wp-content\/uploads\/2026\/08\/endrio-gabriel.jpg 1200w, https:\/\/uploads.acordacidade.com.br\/2026\/08\/endrio-gabriel-750x813.jpg 750w, https:\/\/uploads.acordacidade.com.br\/2026\/08\/endrio-gabriel-1000x1083.jpg 1000w, https:\/\/uploads.acordacidade.com.br\/2026\/08\/endrio-gabriel-450x488.jpg 450w, https:\/\/uploads.acordacidade.com.br\/2026\/08\/endrio-gabriel-150x163.jpg 150w\" sizes=\"(max-width: 1200px) 100vw, 1200px\"><figcaption class=\"wp-element-caption\">Foto: Jo\u00e3o Miranda<\/figcaption><\/figure>\n<p class=\"wp-block-paragraph\">Endrio conquistou os pr\u00eamios de artilheiro e melhor jogador do campeonato, sendo um dos principais nomes da campanha do bicampeonato. O atleta agradeceu \u00e0 coordena\u00e7\u00e3o do Projeto Nova Gera\u00e7\u00e3o pelo incentivo e \u00e0 comiss\u00e3o t\u00e9cnica pelo trabalho e apoio durante os treinamentos e jogos.<\/p>\n<h2 id=\"h-um-campeonato-que-representa-muito-mais-do-que-futebol\" class=\"wp-block-heading\">Um campeonato que representa muito mais do que futebol<\/h2>\n<p class=\"wp-block-paragraph\">Para o professor Roberto, conhecido carinhosamente como \u201cCa\u00e7amba\u201d, a conquista representa muito mais do que um trof\u00e9u. <\/p>\n<p class=\"wp-block-paragraph\">O <a href=\"https:\/\/www.acordacidade.com.br\/tag\/professores\/\" data-type=\"post_tag\" data-id=\"34059\">professor<\/a> agradeceu \u00e0 diretoria do projeto pela organiza\u00e7\u00e3o, pelo planejamento dos treinamentos e pelo incentivo oferecido aos atletas durante toda a prepara\u00e7\u00e3o para a competi\u00e7\u00e3o. <\/p>\n<p class=\"wp-block-paragraph\">Em um momento de muita emo\u00e7\u00e3o, Roberto ressaltou principalmente o papel social desenvolvido pelo Nova Gera\u00e7\u00e3o ao longo dos seus 15 anos de hist\u00f3ria. <\/p>\n<p class=\"wp-block-paragraph\">Para ele, o futebol \u00e9 uma ferramenta capaz de transformar vidas, oferecer novas oportunidades e contribuir para que crian\u00e7as e adolescentes permane\u00e7am envolvidos em um ambiente saud\u00e1vel, longe das drogas e de situa\u00e7\u00f5es de vulnerabilidade. <\/p>\n<p class=\"wp-block-paragraph\">A conquista do bicampeonato da 3\u00aa Copa das Escolinhas \u00e9, portanto, resultado de um trabalho coletivo que envolve atletas, fam\u00edlias, comiss\u00e3o t\u00e9cnica, diretoria, coordena\u00e7\u00e3o e parceiros. <\/p>\n<p class=\"wp-block-paragraph\">Mais uma vez, o Projeto Nova Gera\u00e7\u00e3o mostra que vencer dentro de campo \u00e9 importante, mas transformar vidas \u00e9 a verdadeira vit\u00f3ria.<\/p>\n<p class=\"wp-block-paragraph\"><em>Siga o Acorda Cidade no\u00a0<\/em><a href=\"https:\/\/news.google.com\/search?q=acorda%20cidade&amp;hl=pt-BR&amp;gl=BR&amp;ceid=BR%3Apt-419\"><strong><em>Google Not\u00edcias<\/em><\/strong><\/a><em>\u00a0e receba os principais destaques do dia. Participe tamb\u00e9m dos nossos canais no\u00a0<\/em><a href=\"https:\/\/www.whatsapp.com\/channel\/0029Va6Rb4v3WHTNnsh8WI3N\"><strong><em>WhatsApp<\/em><\/strong><\/a><em>\u00a0e\u00a0<\/em><a href=\"https:\/\/www.youtube.com\/@acordacidadenoticias\/videos\"><strong>YouTube<\/strong><\/a><em>\u00a0e do grupo no\u00a0<\/em><a href=\"https:\/\/t.me\/+sSz0khrgARA0ZmRh\"><strong><em>Telegram<\/em><\/strong><\/a><em>.<\/em><\/p>\n<\/div>\n","protected":false},"excerpt":{"rendered":"<p>Foto: Jo\u00e3o Miranda O Projeto Social Nova Gera\u00e7\u00e3o, que atua h\u00e1 15 anos em Feira<\/p>\n","protected":false},"author":1,"featured_media":148194,"comment_status":"closed","ping_status":"closed","sticky":false,"template":"","format":"gallery","meta":{"footnotes":""},"categories":[8,9,6,57,56,10],"tags":[],"class_list":["post-148193","post","type-post","status-publish","format-gallery","has-post-thumbnail","hentry","category-bahia","category-brasil","category-feira-de-santana","category-mundo","category-policia","category-politica","post_format-post-format-gallery"],"featured_image_urls":{"full":["https:\/\/noticiasbahia360.com.br\/wp-content\/uploads\/2026\/08\/projeto-nova-geracao-feira-de-santana.jpg",1200,675,false],"thumbnail":["https:\/\/noticiasbahia360.com.br\/wp-content\/uploads\/2026\/08\/projeto-nova-geracao-feira-de-santana-150x150.jpg",150,150,true],"medium":["https:\/\/noticiasbahia360.com.br\/wp-content\/uploads\/2026\/08\/projeto-nova-geracao-feira-de-santana-300x169.jpg",300,169,true],"medium_large":["https:\/\/noticiasbahia360.com.br\/wp-content\/uploads\/2026\/08\/projeto-nova-geracao-feira-de-santana-768x432.jpg",640,360,true],"large":["https:\/\/noticiasbahia360.com.br\/wp-content\/uploads\/2026\/08\/projeto-nova-geracao-feira-de-santana-1024x576.jpg",640,360,true],"1536x1536":["https:\/\/noticiasbahia360.com.br\/wp-content\/uploads\/2026\/08\/projeto-nova-geracao-feira-de-santana.jpg",1200,675,false],"2048x2048":["https:\/\/noticiasbahia360.com.br\/wp-content\/uploads\/2026\/08\/projeto-nova-geracao-feira-de-santana.jpg",1200,675,false],"chromenews-featured":["https:\/\/noticiasbahia360.com.br\/wp-content\/uploads\/2026\/08\/projeto-nova-geracao-feira-de-santana-1024x576.jpg",1024,576,true],"chromenews-large":["https:\/\/noticiasbahia360.com.br\/wp-content\/uploads\/2026\/08\/projeto-nova-geracao-feira-de-santana-825x575.jpg",825,575,true],"chromenews-medium":["https:\/\/noticiasbahia360.com.br\/wp-content\/uploads\/2026\/08\/projeto-nova-geracao-feira-de-santana-590x410.jpg",590,410,true]},"author_info":{"display_name":"noticiasbahia360.com.br","author_link":"https:\/\/noticiasbahia360.com.br\/?author=1"},"category_info":"<a href=\"https:\/\/noticiasbahia360.com.br\/?cat=8\" rel=\"category\">Bahia<\/a> <a href=\"https:\/\/noticiasbahia360.com.br\/?cat=9\" rel=\"category\">Brasil<\/a> <a href=\"https:\/\/noticiasbahia360.com.br\/?cat=6\" rel=\"category\">Feira de Santana<\/a> <a href=\"https:\/\/noticiasbahia360.com.br\/?cat=57\" rel=\"category\">Mundo<\/a> <a href=\"https:\/\/noticiasbahia360.com.br\/?cat=56\" rel=\"category\">Pol\u00edcia<\/a> <a href=\"https:\/\/noticiasbahia360.com.br\/?cat=10\" rel=\"category\">Pol\u00edtica<\/a>","tag_info":"Pol\u00edtica","comment_count":"0","_links":{"self":[{"href":"https:\/\/noticiasbahia360.com.br\/index.php?rest_route=\/wp\/v2\/posts\/148193","targetHints":{"allow":["GET"]}}],"collection":[{"href":"https:\/\/noticiasbahia360.com.br\/index.php?rest_route=\/wp\/v2\/posts"}],"about":[{"href":"https:\/\/noticiasbahia360.com.br\/index.php?rest_route=\/wp\/v2\/types\/post"}],"author":[{"embeddable":true,"href":"https:\/\/noticiasbahia360.com.br\/index.php?rest_route=\/wp\/v2\/users\/1"}],"replies":[{"embeddable":true,"href":"https:\/\/noticiasbahia360.com.br\/index.php?rest_route=%2Fwp%2Fv2%2Fcomments&post=148193"}],"version-history":[{"count":0,"href":"https:\/\/noticiasbahia360.com.br\/index.php?rest_route=\/wp\/v2\/posts\/148193\/revisions"}],"wp:featuredmedia":[{"embeddable":true,"href":"https:\/\/noticiasbahia360.com.br\/index.php?rest_route=\/wp\/v2\/media\/148194"}],"wp:attachment":[{"href":"https:\/\/noticiasbahia360.com.br\/index.php?rest_route=%2Fwp%2Fv2%2Fmedia&parent=148193"}],"wp:term":[{"taxonomy":"category","embeddable":true,"href":"https:\/\/noticiasbahia360.com.br\/index.php?rest_route=%2Fwp%2Fv2%2Fcategories&post=148193"},{"taxonomy":"post_tag","embeddable":true,"href":"https:\/\/noticiasbahia360.com.br\/index.php?rest_route=%2Fwp%2Fv2%2Ftags&post=148193"}],"curies":[{"name":"wp","href":"https:\/\/api.w.org\/{rel}","templated":true}]}}