{"id":148197,"date":"2026-08-31T19:02:49","date_gmt":"2026-08-31T22:02:49","guid":{"rendered":"https:\/\/noticiasbahia360.com.br\/?p=148197"},"modified":"2026-08-31T19:02:49","modified_gmt":"2026-08-31T22:02:49","slug":"jeronimo-rodrigues-fara-caminhada-no-feira-ix-na-proxima-quinta-3","status":"publish","type":"post","link":"https:\/\/noticiasbahia360.com.br\/?p=148197","title":{"rendered":"Jer\u00f4nimo Rodrigues far\u00e1 caminhada no Feira IX na pr\u00f3xima quinta (3)"},"content":{"rendered":"<div>\n<div>\n<figure><img decoding=\"async\" src=\"http:\/\/noticiasbahia360.com.br\/wp-content\/uploads\/2026\/08\/Com-Rui-e-Wagner-Jeronimo-realiza-caminhada-pelas-ruas-de-Feira-de-Santana-foto-divulgacao-1-1.jpg\" alt=\"Com Rui e Wagner, Jer\u00f4nimo realiza caminhada pelas ruas de Feira de Santana\"><figcaption>Foto:  Lucas Santa B\u00e1rbara<\/figcaption><\/figure>\n<\/div>\n<p class=\"wp-block-paragraph\">O governador da Bahia, Jer\u00f4nimo Rodrigues (PT), realizar\u00e1 uma caminhada no conjunto Feira IX, em Feira de Santana, na pr\u00f3xima quinta-feira, dia 3 de setembro. A atividade, que deve come\u00e7ar a partir das 18h, faz parte da agenda pol\u00edtica do petista, que tenta a reelei\u00e7\u00e3o.<\/p>\n<p class=\"wp-block-paragraph\">O evento foi confirmado ao Acorda Cidade por uma fonte ligada ao governador. A convoca\u00e7\u00e3o oficial para a caminhada dever\u00e1 ocorrer em breve. A expectativa \u00e9 de que lideran\u00e7as pol\u00edticas e apoiadores participem da mobiliza\u00e7\u00e3o pelas ruas do conjunto.<\/p>\n<p class=\"wp-block-paragraph\">A atividade ocorre na sequ\u00eancia de uma s\u00e9rie de agendas pol\u00edticas que v\u00eam reunindo lideran\u00e7as do grupo governista em Feira de Santana. Na mobiliza\u00e7\u00e3o anterior, <a href=\"https:\/\/www.acordacidade.com.br\/politica\/eleicoes\/com-rui-e-wagner-jeronimo-realiza-caminhada-pelas-ruas-de-feira-de-santana\/\">Jer\u00f4nimo Rodrigues esteve acompanhado dos candidatos ao Senado Rui Costa e Jaques Wagner,<\/a> todos do PT, em uma caminhada que reuniu muitas pessoas.<\/p>\n<figure class=\"wp-block-image size-full\"><img fetchpriority=\"high\" fetchpriority=\"high\" decoding=\"async\" width=\"1200\" height=\"698\" src=\"http:\/\/noticiasbahia360.com.br\/wp-content\/uploads\/2026\/08\/Com-Rui-e-Wagner-Jeronimo-realiza-caminhada-pelas-ruas-de-Feira-de-Santana-foto-divulgacao-3-1.jpg\" alt=\"Com Rui e Wagner, Jer\u00f4nimo realiza caminhada pelas ruas de Feira de Santana\" class=\"wp-image-683846\" srcset=\"http:\/\/noticiasbahia360.com.br\/wp-content\/uploads\/2026\/08\/Com-Rui-e-Wagner-Jeronimo-realiza-caminhada-pelas-ruas-de-Feira-de-Santana-foto-divulgacao-3-1.jpg 1200w, https:\/\/uploads.acordacidade.com.br\/2026\/08\/Com-Rui-e-Wagner-Jeronimo-realiza-caminhada-pelas-ruas-de-Feira-de-Santana-foto-divulgacao-3-750x436.jpg 750w, https:\/\/uploads.acordacidade.com.br\/2026\/08\/Com-Rui-e-Wagner-Jeronimo-realiza-caminhada-pelas-ruas-de-Feira-de-Santana-foto-divulgacao-3-1000x582.jpg 1000w, https:\/\/uploads.acordacidade.com.br\/2026\/08\/Com-Rui-e-Wagner-Jeronimo-realiza-caminhada-pelas-ruas-de-Feira-de-Santana-foto-divulgacao-3-450x262.jpg 450w, https:\/\/uploads.acordacidade.com.br\/2026\/08\/Com-Rui-e-Wagner-Jeronimo-realiza-caminhada-pelas-ruas-de-Feira-de-Santana-foto-divulgacao-3-150x87.jpg 150w\" sizes=\"(max-width: 1200px) 100vw, 1200px\"><figcaption class=\"wp-element-caption\">Foto: Lucas Santa B\u00e1rbara<\/figcaption><\/figure>\n<p class=\"wp-block-paragraph\">A poss\u00edvel presen\u00e7a do presidente Lula na agenda \u00e9 tratada como uma possibilidade de grande relev\u00e2ncia pol\u00edtica entre os apoiadores do governo.<strong> At\u00e9 o momento, por\u00e9m, n\u00e3o h\u00e1 confirma\u00e7\u00e3o oficial de que Lula participar\u00e1 da caminhada.<\/strong><\/p>\n<p class=\"wp-block-paragraph\"><strong>Leia tamb\u00e9m:<\/strong><\/p>\n<p class=\"wp-block-paragraph\"><a href=\"https:\/\/www.acordacidade.com.br\/politica\/eleicoes\/com-rui-e-wagner-jeronimo-realiza-caminhada-pelas-ruas-de-feira-de-santana\/\">Com Rui e Wagner, Jer\u00f4nimo realiza caminhada pelas ruas de Feira de Santana<\/a><\/p>\n<p class=\"wp-block-paragraph\"><em>Siga o Acorda Cidade no\u00a0<\/em><a href=\"https:\/\/news.google.com\/search?q=acorda%20cidade&amp;hl=pt-BR&amp;gl=BR&amp;ceid=BR%3Apt-419\"><strong><em>Google Not\u00edcias<\/em><\/strong><\/a><em>\u00a0e receba os principais destaques do dia. Participe tamb\u00e9m dos nossos canais no\u00a0<\/em><a href=\"https:\/\/www.whatsapp.com\/channel\/0029Va6Rb4v3WHTNnsh8WI3N\"><strong><em>WhatsApp<\/em><\/strong><\/a><em>\u00a0e\u00a0<\/em><a href=\"https:\/\/www.youtube.com\/@acordacidadenoticias\/videos\"><strong>YouTube<\/strong><\/a><em>\u00a0e do grupo no\u00a0<\/em><a href=\"https:\/\/t.me\/+sSz0khrgARA0ZmRh\"><strong><em>Telegram<\/em><\/strong><\/a><em>.<\/em><\/p>\n<\/div>\n","protected":false},"excerpt":{"rendered":"<p>Foto: Lucas Santa B\u00e1rbara O governador da Bahia, Jer\u00f4nimo Rodrigues (PT), realizar\u00e1 uma caminhada no<\/p>\n","protected":false},"author":1,"featured_media":148198,"comment_status":"closed","ping_status":"closed","sticky":false,"template":"","format":"gallery","meta":{"footnotes":""},"categories":[8,9,6,57,56,10],"tags":[],"class_list":["post-148197","post","type-post","status-publish","format-gallery","has-post-thumbnail","hentry","category-bahia","category-brasil","category-feira-de-santana","category-mundo","category-policia","category-politica","post_format-post-format-gallery"],"featured_image_urls":{"full":["https:\/\/noticiasbahia360.com.br\/wp-content\/uploads\/2026\/08\/Com-Rui-e-Wagner-Jeronimo-realiza-caminhada-pelas-ruas-de-Feira-de-Santana-foto-divulgacao-1-1.jpg",1200,698,false],"thumbnail":["https:\/\/noticiasbahia360.com.br\/wp-content\/uploads\/2026\/08\/Com-Rui-e-Wagner-Jeronimo-realiza-caminhada-pelas-ruas-de-Feira-de-Santana-foto-divulgacao-1-1-150x150.jpg",150,150,true],"medium":["https:\/\/noticiasbahia360.com.br\/wp-content\/uploads\/2026\/08\/Com-Rui-e-Wagner-Jeronimo-realiza-caminhada-pelas-ruas-de-Feira-de-Santana-foto-divulgacao-1-1-300x175.jpg",300,175,true],"medium_large":["https:\/\/noticiasbahia360.com.br\/wp-content\/uploads\/2026\/08\/Com-Rui-e-Wagner-Jeronimo-realiza-caminhada-pelas-ruas-de-Feira-de-Santana-foto-divulgacao-1-1-768x447.jpg",640,373,true],"large":["https:\/\/noticiasbahia360.com.br\/wp-content\/uploads\/2026\/08\/Com-Rui-e-Wagner-Jeronimo-realiza-caminhada-pelas-ruas-de-Feira-de-Santana-foto-divulgacao-1-1-1024x596.jpg",640,373,true],"1536x1536":["https:\/\/noticiasbahia360.com.br\/wp-content\/uploads\/2026\/08\/Com-Rui-e-Wagner-Jeronimo-realiza-caminhada-pelas-ruas-de-Feira-de-Santana-foto-divulgacao-1-1.jpg",1200,698,false],"2048x2048":["https:\/\/noticiasbahia360.com.br\/wp-content\/uploads\/2026\/08\/Com-Rui-e-Wagner-Jeronimo-realiza-caminhada-pelas-ruas-de-Feira-de-Santana-foto-divulgacao-1-1.jpg",1200,698,false],"chromenews-featured":["https:\/\/noticiasbahia360.com.br\/wp-content\/uploads\/2026\/08\/Com-Rui-e-Wagner-Jeronimo-realiza-caminhada-pelas-ruas-de-Feira-de-Santana-foto-divulgacao-1-1-1024x596.jpg",1024,596,true],"chromenews-large":["https:\/\/noticiasbahia360.com.br\/wp-content\/uploads\/2026\/08\/Com-Rui-e-Wagner-Jeronimo-realiza-caminhada-pelas-ruas-de-Feira-de-Santana-foto-divulgacao-1-1-825x575.jpg",825,575,true],"chromenews-medium":["https:\/\/noticiasbahia360.com.br\/wp-content\/uploads\/2026\/08\/Com-Rui-e-Wagner-Jeronimo-realiza-caminhada-pelas-ruas-de-Feira-de-Santana-foto-divulgacao-1-1-590x410.jpg",590,410,true]},"author_info":{"display_name":"noticiasbahia360.com.br","author_link":"https:\/\/noticiasbahia360.com.br\/?author=1"},"category_info":"<a href=\"https:\/\/noticiasbahia360.com.br\/?cat=8\" rel=\"category\">Bahia<\/a> <a href=\"https:\/\/noticiasbahia360.com.br\/?cat=9\" rel=\"category\">Brasil<\/a> <a href=\"https:\/\/noticiasbahia360.com.br\/?cat=6\" rel=\"category\">Feira de Santana<\/a> <a href=\"https:\/\/noticiasbahia360.com.br\/?cat=57\" rel=\"category\">Mundo<\/a> <a href=\"https:\/\/noticiasbahia360.com.br\/?cat=56\" rel=\"category\">Pol\u00edcia<\/a> <a href=\"https:\/\/noticiasbahia360.com.br\/?cat=10\" rel=\"category\">Pol\u00edtica<\/a>","tag_info":"Pol\u00edtica","comment_count":"0","_links":{"self":[{"href":"https:\/\/noticiasbahia360.com.br\/index.php?rest_route=\/wp\/v2\/posts\/148197","targetHints":{"allow":["GET"]}}],"collection":[{"href":"https:\/\/noticiasbahia360.com.br\/index.php?rest_route=\/wp\/v2\/posts"}],"about":[{"href":"https:\/\/noticiasbahia360.com.br\/index.php?rest_route=\/wp\/v2\/types\/post"}],"author":[{"embeddable":true,"href":"https:\/\/noticiasbahia360.com.br\/index.php?rest_route=\/wp\/v2\/users\/1"}],"replies":[{"embeddable":true,"href":"https:\/\/noticiasbahia360.com.br\/index.php?rest_route=%2Fwp%2Fv2%2Fcomments&post=148197"}],"version-history":[{"count":0,"href":"https:\/\/noticiasbahia360.com.br\/index.php?rest_route=\/wp\/v2\/posts\/148197\/revisions"}],"wp:featuredmedia":[{"embeddable":true,"href":"https:\/\/noticiasbahia360.com.br\/index.php?rest_route=\/wp\/v2\/media\/148198"}],"wp:attachment":[{"href":"https:\/\/noticiasbahia360.com.br\/index.php?rest_route=%2Fwp%2Fv2%2Fmedia&parent=148197"}],"wp:term":[{"taxonomy":"category","embeddable":true,"href":"https:\/\/noticiasbahia360.com.br\/index.php?rest_route=%2Fwp%2Fv2%2Fcategories&post=148197"},{"taxonomy":"post_tag","embeddable":true,"href":"https:\/\/noticiasbahia360.com.br\/index.php?rest_route=%2Fwp%2Fv2%2Ftags&post=148197"}],"curies":[{"name":"wp","href":"https:\/\/api.w.org\/{rel}","templated":true}]}}