{"id":148200,"date":"2026-08-31T19:02:51","date_gmt":"2026-08-31T22:02:51","guid":{"rendered":"https:\/\/noticiasbahia360.com.br\/?p=148200"},"modified":"2026-08-31T19:02:51","modified_gmt":"2026-08-31T22:02:51","slug":"policia-civil-prende-homem-em-santo-amaro-por-mandado-do-rj","status":"publish","type":"post","link":"https:\/\/noticiasbahia360.com.br\/?p=148200","title":{"rendered":"Pol\u00edcia Civil prende homem em Santo Amaro por mandado do RJ"},"content":{"rendered":"<div>\n<div>\n<figure><img decoding=\"async\" src=\"http:\/\/noticiasbahia360.com.br\/wp-content\/uploads\/2026\/08\/Caso-e-investigado-na-delegacia-de-Santo-Amaro-no-reconcavo-da-Bahia-Foto-Divulgacao-Policia-Civil.jpg\" alt=\"Santo Amaro\"><figcaption>Foto: Divulga\u00e7\u00e3o\/Pol\u00edcia Civil<\/p>\n<\/figcaption><\/figure>\n<\/div>\n<p class=\"wp-block-paragraph\">Um homem identificado pelas iniciais P. S. L. J. foi preso preventivamente nesta segunda-feira (31), em Santo Amaro, no Rec\u00f4ncavo Baiano, durante uma a\u00e7\u00e3o da Pol\u00edcia Civil. A pris\u00e3o ocorreu em cumprimento a um mandado expedido pela Justi\u00e7a do Rio de Janeiro.<\/p>\n<p class=\"wp-block-paragraph\">Segundo a Pol\u00edcia Civil, o investigado j\u00e1 havia sido preso anteriormente em Santo Amaro, tamb\u00e9m em cumprimento a um mandado judicial. Na ocasi\u00e3o, ele era investigado pela participa\u00e7\u00e3o, junto com outros suspeitos, em um ataque a \u00f4nibus.<\/p>\n<p class=\"wp-block-paragraph\">Ainda conforme a Pol\u00edcia Civil, durante o ataque houve uma tentativa contra a vida de um dos passageiros e foram subtra\u00eddos pertences de outras v\u00edtimas.<\/p>\n<p class=\"wp-block-paragraph\">A a\u00e7\u00e3o foi realizada por investigadores da Delegacia Territorial de Santo Amaro, vinculada \u00e0 3\u00aa Coordenadoria Regional de Pol\u00edcia do Interior (Coorpin), em conjunto com equipes do Grupo de Apoio T\u00e9cnico e T\u00e1tico Investigativo (Gatti), no \u00e2mbito da Opera\u00e7\u00e3o Malhas da Lei.<\/p>\n<p class=\"wp-block-paragraph\"><em>Siga o Acorda Cidade no\u00a0<\/em><a href=\"https:\/\/news.google.com\/search?q=acorda%20cidade&amp;hl=pt-BR&amp;gl=BR&amp;ceid=BR%3Apt-419\"><strong><em>Google Not\u00edcias<\/em><\/strong><\/a><em>\u00a0e receba os principais destaques do dia. Participe tamb\u00e9m dos nossos canais no\u00a0<\/em><a href=\"https:\/\/www.whatsapp.com\/channel\/0029Va6Rb4v3WHTNnsh8WI3N\"><strong><em>WhatsApp<\/em><\/strong><\/a><em>\u00a0e\u00a0<\/em><a href=\"https:\/\/www.youtube.com\/@acordacidadenoticias\/videos\"><strong>YouTube<\/strong><\/a><em>\u00a0e do grupo no\u00a0<\/em><a href=\"https:\/\/t.me\/+sSz0khrgARA0ZmRh\"><strong><em>Telegram<\/em><\/strong><\/a><em>.<\/em><\/p>\n<\/div>\n","protected":false},"excerpt":{"rendered":"<p>Foto: Divulga\u00e7\u00e3o\/Pol\u00edcia Civil Um homem identificado pelas iniciais P. S. L. J. foi preso preventivamente<\/p>\n","protected":false},"author":1,"featured_media":148201,"comment_status":"closed","ping_status":"closed","sticky":false,"template":"","format":"gallery","meta":{"footnotes":""},"categories":[8,9,6,57,56,10],"tags":[],"class_list":["post-148200","post","type-post","status-publish","format-gallery","has-post-thumbnail","hentry","category-bahia","category-brasil","category-feira-de-santana","category-mundo","category-policia","category-politica","post_format-post-format-gallery"],"featured_image_urls":{"full":["https:\/\/noticiasbahia360.com.br\/wp-content\/uploads\/2026\/08\/Caso-e-investigado-na-delegacia-de-Santo-Amaro-no-reconcavo-da-Bahia-Foto-Divulgacao-Policia-Civil.jpg",1200,675,false],"thumbnail":["https:\/\/noticiasbahia360.com.br\/wp-content\/uploads\/2026\/08\/Caso-e-investigado-na-delegacia-de-Santo-Amaro-no-reconcavo-da-Bahia-Foto-Divulgacao-Policia-Civil-150x150.jpg",150,150,true],"medium":["https:\/\/noticiasbahia360.com.br\/wp-content\/uploads\/2026\/08\/Caso-e-investigado-na-delegacia-de-Santo-Amaro-no-reconcavo-da-Bahia-Foto-Divulgacao-Policia-Civil-300x169.jpg",300,169,true],"medium_large":["https:\/\/noticiasbahia360.com.br\/wp-content\/uploads\/2026\/08\/Caso-e-investigado-na-delegacia-de-Santo-Amaro-no-reconcavo-da-Bahia-Foto-Divulgacao-Policia-Civil-768x432.jpg",640,360,true],"large":["https:\/\/noticiasbahia360.com.br\/wp-content\/uploads\/2026\/08\/Caso-e-investigado-na-delegacia-de-Santo-Amaro-no-reconcavo-da-Bahia-Foto-Divulgacao-Policia-Civil-1024x576.jpg",640,360,true],"1536x1536":["https:\/\/noticiasbahia360.com.br\/wp-content\/uploads\/2026\/08\/Caso-e-investigado-na-delegacia-de-Santo-Amaro-no-reconcavo-da-Bahia-Foto-Divulgacao-Policia-Civil.jpg",1200,675,false],"2048x2048":["https:\/\/noticiasbahia360.com.br\/wp-content\/uploads\/2026\/08\/Caso-e-investigado-na-delegacia-de-Santo-Amaro-no-reconcavo-da-Bahia-Foto-Divulgacao-Policia-Civil.jpg",1200,675,false],"chromenews-featured":["https:\/\/noticiasbahia360.com.br\/wp-content\/uploads\/2026\/08\/Caso-e-investigado-na-delegacia-de-Santo-Amaro-no-reconcavo-da-Bahia-Foto-Divulgacao-Policia-Civil-1024x576.jpg",1024,576,true],"chromenews-large":["https:\/\/noticiasbahia360.com.br\/wp-content\/uploads\/2026\/08\/Caso-e-investigado-na-delegacia-de-Santo-Amaro-no-reconcavo-da-Bahia-Foto-Divulgacao-Policia-Civil-825x575.jpg",825,575,true],"chromenews-medium":["https:\/\/noticiasbahia360.com.br\/wp-content\/uploads\/2026\/08\/Caso-e-investigado-na-delegacia-de-Santo-Amaro-no-reconcavo-da-Bahia-Foto-Divulgacao-Policia-Civil-590x410.jpg",590,410,true]},"author_info":{"display_name":"noticiasbahia360.com.br","author_link":"https:\/\/noticiasbahia360.com.br\/?author=1"},"category_info":"<a href=\"https:\/\/noticiasbahia360.com.br\/?cat=8\" rel=\"category\">Bahia<\/a> <a href=\"https:\/\/noticiasbahia360.com.br\/?cat=9\" rel=\"category\">Brasil<\/a> <a href=\"https:\/\/noticiasbahia360.com.br\/?cat=6\" rel=\"category\">Feira de Santana<\/a> <a href=\"https:\/\/noticiasbahia360.com.br\/?cat=57\" rel=\"category\">Mundo<\/a> <a href=\"https:\/\/noticiasbahia360.com.br\/?cat=56\" rel=\"category\">Pol\u00edcia<\/a> <a href=\"https:\/\/noticiasbahia360.com.br\/?cat=10\" rel=\"category\">Pol\u00edtica<\/a>","tag_info":"Pol\u00edtica","comment_count":"0","_links":{"self":[{"href":"https:\/\/noticiasbahia360.com.br\/index.php?rest_route=\/wp\/v2\/posts\/148200","targetHints":{"allow":["GET"]}}],"collection":[{"href":"https:\/\/noticiasbahia360.com.br\/index.php?rest_route=\/wp\/v2\/posts"}],"about":[{"href":"https:\/\/noticiasbahia360.com.br\/index.php?rest_route=\/wp\/v2\/types\/post"}],"author":[{"embeddable":true,"href":"https:\/\/noticiasbahia360.com.br\/index.php?rest_route=\/wp\/v2\/users\/1"}],"replies":[{"embeddable":true,"href":"https:\/\/noticiasbahia360.com.br\/index.php?rest_route=%2Fwp%2Fv2%2Fcomments&post=148200"}],"version-history":[{"count":0,"href":"https:\/\/noticiasbahia360.com.br\/index.php?rest_route=\/wp\/v2\/posts\/148200\/revisions"}],"wp:featuredmedia":[{"embeddable":true,"href":"https:\/\/noticiasbahia360.com.br\/index.php?rest_route=\/wp\/v2\/media\/148201"}],"wp:attachment":[{"href":"https:\/\/noticiasbahia360.com.br\/index.php?rest_route=%2Fwp%2Fv2%2Fmedia&parent=148200"}],"wp:term":[{"taxonomy":"category","embeddable":true,"href":"https:\/\/noticiasbahia360.com.br\/index.php?rest_route=%2Fwp%2Fv2%2Fcategories&post=148200"},{"taxonomy":"post_tag","embeddable":true,"href":"https:\/\/noticiasbahia360.com.br\/index.php?rest_route=%2Fwp%2Fv2%2Ftags&post=148200"}],"curies":[{"name":"wp","href":"https:\/\/api.w.org\/{rel}","templated":true}]}}