{"id":148202,"date":"2026-08-31T19:02:52","date_gmt":"2026-08-31T22:02:52","guid":{"rendered":"https:\/\/noticiasbahia360.com.br\/?p=148202"},"modified":"2026-08-31T19:02:52","modified_gmt":"2026-08-31T22:02:52","slug":"dois-adolescentes-sao-apreendidos-por-suspeita-de-envolvimento-em-morte-de-idoso","status":"publish","type":"post","link":"https:\/\/noticiasbahia360.com.br\/?p=148202","title":{"rendered":"Dois adolescentes s\u00e3o apreendidos por suspeita de envolvimento em morte de idoso"},"content":{"rendered":"<div>\n<div>\n<figure><img decoding=\"async\" src=\"http:\/\/noticiasbahia360.com.br\/wp-content\/uploads\/2026\/08\/Riachao-do-Jacuipe-visao-aerea-Foto-Reproducao-Prefeitura-de-Riachao-do-Jacuipe.jpg\" alt=\"Riach\u00e3o do Jacu\u00edpe vis\u00e3o a\u00e9rea\"><figcaption>Foto: Reprodu\u00e7\u00e3o\/ Prefeitura de Riach\u00e3o do Jacu\u00edpe<\/figcaption><\/figure>\n<\/div>\n<p class=\"wp-block-paragraph\">Dois adolescentes, de 14 e 16 anos, foram apreendidos pela Pol\u00edcia Civil na manh\u00e3 desta segunda-feira (31), em Riach\u00e3o do Jacu\u00edpe. A a\u00e7\u00e3o ocorreu durante o cumprimento de dois mandados de busca e apreens\u00e3o relacionados \u00e0 morte de um idoso de 62 anos.<\/p>\n<p class=\"wp-block-paragraph\">Segundo a Pol\u00edcia Civil, as ordens judiciais foram cumpridas pelo Setor de Investiga\u00e7\u00e3o da Delegacia Territorial de Riach\u00e3o do Jacu\u00edpe. Os adolescentes s\u00e3o apontados nas investiga\u00e7\u00f5es como respons\u00e1veis pela morte do idoso.<\/p>\n<p class=\"wp-block-paragraph\">De acordo com as investiga\u00e7\u00f5es, no dia 8 de fevereiro de 2026, no bairro Alto do Cruzeiro, em Riach\u00e3o do Jacu\u00edpe, os adolescentes teriam agredido a v\u00edtima com bastante viol\u00eancia, deixando-a desacordada em via p\u00fablica.<\/p>\n<p class=\"wp-block-paragraph\">Ainda segundo as investiga\u00e7\u00f5es, o idoso foi socorrido para o Hospital Municipal e depois transferido para o Hospital Geral Cl\u00e9riston Andrade (HGCA), em Feira de Santana. O homem n\u00e3o resistiu aos ferimentos e morreu na unidade de sa\u00fade.<\/p>\n<p class=\"wp-block-paragraph\"><em>Siga o Acorda Cidade no\u00a0<\/em><a href=\"https:\/\/news.google.com\/search?q=acorda%20cidade&amp;hl=pt-BR&amp;gl=BR&amp;ceid=BR%3Apt-419\"><strong><em>Google Not\u00edcias<\/em><\/strong><\/a><em>\u00a0e receba os principais destaques do dia. Participe tamb\u00e9m dos nossos canais no\u00a0<\/em><a href=\"https:\/\/www.whatsapp.com\/channel\/0029Va6Rb4v3WHTNnsh8WI3N\"><strong><em>WhatsApp<\/em><\/strong><\/a><em>\u00a0e\u00a0<\/em><a href=\"https:\/\/www.youtube.com\/@acordacidadenoticias\/videos\"><strong>YouTube<\/strong><\/a><em>\u00a0e do grupo no\u00a0<\/em><a href=\"https:\/\/t.me\/+sSz0khrgARA0ZmRh\"><strong><em>Telegram<\/em><\/strong><\/a><em>.<\/em><\/p>\n<\/div>\n","protected":false},"excerpt":{"rendered":"<p>Foto: Reprodu\u00e7\u00e3o\/ Prefeitura de Riach\u00e3o do Jacu\u00edpe Dois adolescentes, de 14 e 16 anos, foram<\/p>\n","protected":false},"author":1,"featured_media":148203,"comment_status":"closed","ping_status":"closed","sticky":false,"template":"","format":"gallery","meta":{"footnotes":""},"categories":[8,9,6,57,56,10],"tags":[],"class_list":["post-148202","post","type-post","status-publish","format-gallery","has-post-thumbnail","hentry","category-bahia","category-brasil","category-feira-de-santana","category-mundo","category-policia","category-politica","post_format-post-format-gallery"],"featured_image_urls":{"full":["https:\/\/noticiasbahia360.com.br\/wp-content\/uploads\/2026\/08\/Riachao-do-Jacuipe-visao-aerea-Foto-Reproducao-Prefeitura-de-Riachao-do-Jacuipe.jpg",1200,675,false],"thumbnail":["https:\/\/noticiasbahia360.com.br\/wp-content\/uploads\/2026\/08\/Riachao-do-Jacuipe-visao-aerea-Foto-Reproducao-Prefeitura-de-Riachao-do-Jacuipe-150x150.jpg",150,150,true],"medium":["https:\/\/noticiasbahia360.com.br\/wp-content\/uploads\/2026\/08\/Riachao-do-Jacuipe-visao-aerea-Foto-Reproducao-Prefeitura-de-Riachao-do-Jacuipe-300x169.jpg",300,169,true],"medium_large":["https:\/\/noticiasbahia360.com.br\/wp-content\/uploads\/2026\/08\/Riachao-do-Jacuipe-visao-aerea-Foto-Reproducao-Prefeitura-de-Riachao-do-Jacuipe-768x432.jpg",640,360,true],"large":["https:\/\/noticiasbahia360.com.br\/wp-content\/uploads\/2026\/08\/Riachao-do-Jacuipe-visao-aerea-Foto-Reproducao-Prefeitura-de-Riachao-do-Jacuipe-1024x576.jpg",640,360,true],"1536x1536":["https:\/\/noticiasbahia360.com.br\/wp-content\/uploads\/2026\/08\/Riachao-do-Jacuipe-visao-aerea-Foto-Reproducao-Prefeitura-de-Riachao-do-Jacuipe.jpg",1200,675,false],"2048x2048":["https:\/\/noticiasbahia360.com.br\/wp-content\/uploads\/2026\/08\/Riachao-do-Jacuipe-visao-aerea-Foto-Reproducao-Prefeitura-de-Riachao-do-Jacuipe.jpg",1200,675,false],"chromenews-featured":["https:\/\/noticiasbahia360.com.br\/wp-content\/uploads\/2026\/08\/Riachao-do-Jacuipe-visao-aerea-Foto-Reproducao-Prefeitura-de-Riachao-do-Jacuipe-1024x576.jpg",1024,576,true],"chromenews-large":["https:\/\/noticiasbahia360.com.br\/wp-content\/uploads\/2026\/08\/Riachao-do-Jacuipe-visao-aerea-Foto-Reproducao-Prefeitura-de-Riachao-do-Jacuipe-825x575.jpg",825,575,true],"chromenews-medium":["https:\/\/noticiasbahia360.com.br\/wp-content\/uploads\/2026\/08\/Riachao-do-Jacuipe-visao-aerea-Foto-Reproducao-Prefeitura-de-Riachao-do-Jacuipe-590x410.jpg",590,410,true]},"author_info":{"display_name":"noticiasbahia360.com.br","author_link":"https:\/\/noticiasbahia360.com.br\/?author=1"},"category_info":"<a href=\"https:\/\/noticiasbahia360.com.br\/?cat=8\" rel=\"category\">Bahia<\/a> <a href=\"https:\/\/noticiasbahia360.com.br\/?cat=9\" rel=\"category\">Brasil<\/a> <a href=\"https:\/\/noticiasbahia360.com.br\/?cat=6\" rel=\"category\">Feira de Santana<\/a> <a href=\"https:\/\/noticiasbahia360.com.br\/?cat=57\" rel=\"category\">Mundo<\/a> <a href=\"https:\/\/noticiasbahia360.com.br\/?cat=56\" rel=\"category\">Pol\u00edcia<\/a> <a href=\"https:\/\/noticiasbahia360.com.br\/?cat=10\" rel=\"category\">Pol\u00edtica<\/a>","tag_info":"Pol\u00edtica","comment_count":"0","_links":{"self":[{"href":"https:\/\/noticiasbahia360.com.br\/index.php?rest_route=\/wp\/v2\/posts\/148202","targetHints":{"allow":["GET"]}}],"collection":[{"href":"https:\/\/noticiasbahia360.com.br\/index.php?rest_route=\/wp\/v2\/posts"}],"about":[{"href":"https:\/\/noticiasbahia360.com.br\/index.php?rest_route=\/wp\/v2\/types\/post"}],"author":[{"embeddable":true,"href":"https:\/\/noticiasbahia360.com.br\/index.php?rest_route=\/wp\/v2\/users\/1"}],"replies":[{"embeddable":true,"href":"https:\/\/noticiasbahia360.com.br\/index.php?rest_route=%2Fwp%2Fv2%2Fcomments&post=148202"}],"version-history":[{"count":0,"href":"https:\/\/noticiasbahia360.com.br\/index.php?rest_route=\/wp\/v2\/posts\/148202\/revisions"}],"wp:featuredmedia":[{"embeddable":true,"href":"https:\/\/noticiasbahia360.com.br\/index.php?rest_route=\/wp\/v2\/media\/148203"}],"wp:attachment":[{"href":"https:\/\/noticiasbahia360.com.br\/index.php?rest_route=%2Fwp%2Fv2%2Fmedia&parent=148202"}],"wp:term":[{"taxonomy":"category","embeddable":true,"href":"https:\/\/noticiasbahia360.com.br\/index.php?rest_route=%2Fwp%2Fv2%2Fcategories&post=148202"},{"taxonomy":"post_tag","embeddable":true,"href":"https:\/\/noticiasbahia360.com.br\/index.php?rest_route=%2Fwp%2Fv2%2Ftags&post=148202"}],"curies":[{"name":"wp","href":"https:\/\/api.w.org\/{rel}","templated":true}]}}