{"id":148204,"date":"2026-08-31T20:01:28","date_gmt":"2026-08-31T23:01:28","guid":{"rendered":"https:\/\/noticiasbahia360.com.br\/?p=148204"},"modified":"2026-08-31T20:01:28","modified_gmt":"2026-08-31T23:01:28","slug":"tse-suspende-campanha-digital-de-renan-santos-a-presidencia","status":"publish","type":"post","link":"https:\/\/noticiasbahia360.com.br\/?p=148204","title":{"rendered":"TSE suspende campanha digital de Renan Santos \u00e0 Presid\u00eancia"},"content":{"rendered":"<div>\n<div>\n<figure><img decoding=\"async\" src=\"http:\/\/noticiasbahia360.com.br\/wp-content\/uploads\/2026\/08\/Renan-Santos-Foto-Bartholomeu-Ferreira-da-Cruz-CNM-2.jpg\" alt=\"Renan Santos\"><figcaption>Renan Santos | Foto: Bartholomeu\/ Ferreira da Cruz CNM<\/figcaption><\/figure>\n<\/div>\n<p class=\"wp-block-paragraph\">O Tribunal Superior Eleitoral (TSE) suspendeu, nesta segunda-feira (31), a campanha digital de Renan Santos (Miss\u00e3o) \u00e0 Presid\u00eancia da Rep\u00fablica. A decis\u00e3o foi confirmada ao <a href=\"https:\/\/www.bahianoticias.com.br\/justica\/noticia\/75253-tse-suspende-candidatura-de-renan-santos-a-presidencia-campanha-convoca-coletiva\" target=\"_blank\" rel=\"noreferrer noopener\">Bahia Not\u00edcias<\/a>, site parceiro do Acorda Cidade, por Ricardo Almeida, porta-voz e coordenador nacional do Movimento Brasil Livre (MBL).<\/p>\n<p class=\"wp-block-paragraph\">A decis\u00e3o tem efeitos sobre a campanha do candidato. Entre as medidas determinadas est\u00e3o a suspens\u00e3o dos atos na internet, dos repasses de recursos do Fundo Especial de Financiamento de Campanha (FEFC) e da participa\u00e7\u00e3o de Renan em debates eleitorais.<\/p>\n<p class=\"wp-block-paragraph\">De acordo com o ministro Dias Toffoli, relator do processo, a suspens\u00e3o ocorreu em raz\u00e3o da falta de registro dos endere\u00e7os de sites, blogs, redes sociais e aplicativos de mensagens utilizados na campanha.<\/p>\n<p class=\"wp-block-paragraph\"><em>Siga o Acorda Cidade no\u00a0<\/em><a href=\"https:\/\/news.google.com\/search?q=acorda%20cidade&amp;hl=pt-BR&amp;gl=BR&amp;ceid=BR%3Apt-419\"><strong><em>Google Not\u00edcias<\/em><\/strong><\/a><em>\u00a0e receba os principais destaques do dia. Participe tamb\u00e9m dos nossos canais no\u00a0<\/em><a href=\"https:\/\/www.whatsapp.com\/channel\/0029Va6Rb4v3WHTNnsh8WI3N\"><strong><em>WhatsApp<\/em><\/strong><\/a><em>\u00a0e\u00a0<\/em><a href=\"https:\/\/www.youtube.com\/@acordacidadenoticias\/videos\"><strong>YouTube<\/strong><\/a><em>\u00a0e do grupo no\u00a0<\/em><a href=\"https:\/\/t.me\/+sSz0khrgARA0ZmRh\"><strong><em>Telegram<\/em><\/strong><\/a><em>.<\/em><\/p>\n<\/div>\n","protected":false},"excerpt":{"rendered":"<p>Renan Santos | Foto: Bartholomeu\/ Ferreira da Cruz CNM O Tribunal Superior Eleitoral (TSE) suspendeu,<\/p>\n","protected":false},"author":1,"featured_media":148205,"comment_status":"closed","ping_status":"closed","sticky":false,"template":"","format":"gallery","meta":{"footnotes":""},"categories":[8,9,6,57,56,10],"tags":[],"class_list":["post-148204","post","type-post","status-publish","format-gallery","has-post-thumbnail","hentry","category-bahia","category-brasil","category-feira-de-santana","category-mundo","category-policia","category-politica","post_format-post-format-gallery"],"featured_image_urls":{"full":["https:\/\/noticiasbahia360.com.br\/wp-content\/uploads\/2026\/08\/Renan-Santos-Foto-Bartholomeu-Ferreira-da-Cruz-CNM-2.jpg",1200,718,false],"thumbnail":["https:\/\/noticiasbahia360.com.br\/wp-content\/uploads\/2026\/08\/Renan-Santos-Foto-Bartholomeu-Ferreira-da-Cruz-CNM-2-150x150.jpg",150,150,true],"medium":["https:\/\/noticiasbahia360.com.br\/wp-content\/uploads\/2026\/08\/Renan-Santos-Foto-Bartholomeu-Ferreira-da-Cruz-CNM-2-300x180.jpg",300,180,true],"medium_large":["https:\/\/noticiasbahia360.com.br\/wp-content\/uploads\/2026\/08\/Renan-Santos-Foto-Bartholomeu-Ferreira-da-Cruz-CNM-2-768x460.jpg",640,383,true],"large":["https:\/\/noticiasbahia360.com.br\/wp-content\/uploads\/2026\/08\/Renan-Santos-Foto-Bartholomeu-Ferreira-da-Cruz-CNM-2-1024x613.jpg",640,383,true],"1536x1536":["https:\/\/noticiasbahia360.com.br\/wp-content\/uploads\/2026\/08\/Renan-Santos-Foto-Bartholomeu-Ferreira-da-Cruz-CNM-2.jpg",1200,718,false],"2048x2048":["https:\/\/noticiasbahia360.com.br\/wp-content\/uploads\/2026\/08\/Renan-Santos-Foto-Bartholomeu-Ferreira-da-Cruz-CNM-2.jpg",1200,718,false],"chromenews-featured":["https:\/\/noticiasbahia360.com.br\/wp-content\/uploads\/2026\/08\/Renan-Santos-Foto-Bartholomeu-Ferreira-da-Cruz-CNM-2-1024x613.jpg",1024,613,true],"chromenews-large":["https:\/\/noticiasbahia360.com.br\/wp-content\/uploads\/2026\/08\/Renan-Santos-Foto-Bartholomeu-Ferreira-da-Cruz-CNM-2-825x575.jpg",825,575,true],"chromenews-medium":["https:\/\/noticiasbahia360.com.br\/wp-content\/uploads\/2026\/08\/Renan-Santos-Foto-Bartholomeu-Ferreira-da-Cruz-CNM-2-590x410.jpg",590,410,true]},"author_info":{"display_name":"noticiasbahia360.com.br","author_link":"https:\/\/noticiasbahia360.com.br\/?author=1"},"category_info":"<a href=\"https:\/\/noticiasbahia360.com.br\/?cat=8\" rel=\"category\">Bahia<\/a> <a href=\"https:\/\/noticiasbahia360.com.br\/?cat=9\" rel=\"category\">Brasil<\/a> <a href=\"https:\/\/noticiasbahia360.com.br\/?cat=6\" rel=\"category\">Feira de Santana<\/a> <a href=\"https:\/\/noticiasbahia360.com.br\/?cat=57\" rel=\"category\">Mundo<\/a> <a href=\"https:\/\/noticiasbahia360.com.br\/?cat=56\" rel=\"category\">Pol\u00edcia<\/a> <a href=\"https:\/\/noticiasbahia360.com.br\/?cat=10\" rel=\"category\">Pol\u00edtica<\/a>","tag_info":"Pol\u00edtica","comment_count":"0","_links":{"self":[{"href":"https:\/\/noticiasbahia360.com.br\/index.php?rest_route=\/wp\/v2\/posts\/148204","targetHints":{"allow":["GET"]}}],"collection":[{"href":"https:\/\/noticiasbahia360.com.br\/index.php?rest_route=\/wp\/v2\/posts"}],"about":[{"href":"https:\/\/noticiasbahia360.com.br\/index.php?rest_route=\/wp\/v2\/types\/post"}],"author":[{"embeddable":true,"href":"https:\/\/noticiasbahia360.com.br\/index.php?rest_route=\/wp\/v2\/users\/1"}],"replies":[{"embeddable":true,"href":"https:\/\/noticiasbahia360.com.br\/index.php?rest_route=%2Fwp%2Fv2%2Fcomments&post=148204"}],"version-history":[{"count":0,"href":"https:\/\/noticiasbahia360.com.br\/index.php?rest_route=\/wp\/v2\/posts\/148204\/revisions"}],"wp:featuredmedia":[{"embeddable":true,"href":"https:\/\/noticiasbahia360.com.br\/index.php?rest_route=\/wp\/v2\/media\/148205"}],"wp:attachment":[{"href":"https:\/\/noticiasbahia360.com.br\/index.php?rest_route=%2Fwp%2Fv2%2Fmedia&parent=148204"}],"wp:term":[{"taxonomy":"category","embeddable":true,"href":"https:\/\/noticiasbahia360.com.br\/index.php?rest_route=%2Fwp%2Fv2%2Fcategories&post=148204"},{"taxonomy":"post_tag","embeddable":true,"href":"https:\/\/noticiasbahia360.com.br\/index.php?rest_route=%2Fwp%2Fv2%2Ftags&post=148204"}],"curies":[{"name":"wp","href":"https:\/\/api.w.org\/{rel}","templated":true}]}}