{"id":148206,"date":"2026-08-31T20:01:29","date_gmt":"2026-08-31T23:01:29","guid":{"rendered":"https:\/\/noticiasbahia360.com.br\/?p=148206"},"modified":"2026-08-31T20:01:29","modified_gmt":"2026-08-31T23:01:29","slug":"renan-santos-diz-que-vai-pedir-liminar-contra-suspensao-de-campanha-eleitoral","status":"publish","type":"post","link":"https:\/\/noticiasbahia360.com.br\/?p=148206","title":{"rendered":"Renan Santos diz que vai pedir liminar contra suspens\u00e3o de campanha eleitoral"},"content":{"rendered":"<div>\n<div>\n<figure><img decoding=\"async\" src=\"http:\/\/noticiasbahia360.com.br\/wp-content\/uploads\/2026\/08\/candidato-Renan-Santos-Partido-Missao.jpg\" alt=\"candidato Renan Santos Partido Miss\u00e3o\"><figcaption>Foto: Paulo Pinto\/Ag\u00eancia Brasil<br \/>\n<\/figcaption><\/figure>\n<\/div>\n<p class=\"wp-block-paragraph\">Ag\u00eancia Brasil \u2013 O candidato \u00e0 Presid\u00eancia da Rep\u00fablica Renan Santos (Miss\u00e3o) disse nesta segunda-feira (31) que sua campanha ir\u00e1 protocolar ainda hoje um pedido de liminar contra a\u00a0<a href=\"https:\/\/agenciabrasil.ebc.com.br\/justica\/noticia\/2026-08\/toffoli-suspende-propaganda-de-renan-santos-na-internet\">decis\u00e3o do ministro Dias Toffoli<\/a>, do Tribunal Superior Eleitoral (TSE), de suspender a propaganda eleitoral do candidato.\u00a0\u00a0\u00a0<img decoding=\"async\" src=\"https:\/\/agenciabrasil.ebc.com.br\/ebc.png?id=1701133&amp;o=node\"><img decoding=\"async\" src=\"https:\/\/agenciabrasil.ebc.com.br\/ebc.gif?id=1701133&amp;o=node\"><\/p>\n<p class=\"wp-block-paragraph\">\u201cFoi uma inflex\u00e3o autorit\u00e1ria. N\u00e3o d\u00e1 para justificar de maneira racional\u201d, declarou Renan.<\/p>\n<p class=\"wp-block-paragraph\">A decis\u00e3o tamb\u00e9m suspendeu os repasses do Fundo Especial de Financiamento de Campanha (FEFC) para o candidato e proibiu sua participa\u00e7\u00e3o em debates realizados em televis\u00e3o, r\u00e1dio e podcasts.<\/p>\n<p class=\"wp-block-paragraph\">As medidas do ministro ter\u00e3o validade at\u00e9 a decis\u00e3o final do TSE sobre o caso. O partido entrar\u00e1 com recurso direcionado ao presidente do TSE, ministro Nunes Marques.\u00a0<\/p>\n<p class=\"wp-block-paragraph\">Segundo Toffoli, o partido Miss\u00e3o deixou de informar \u00e0 Justi\u00e7a Eleitoral perfis de propaganda do candidato nas redes sociais.\u00a0<strong>\u00a0<\/strong>Na decis\u00e3o, o ministro pontuou que 16 perfis ligados ao candidato foram informados ao TSE 12 dias ap\u00f3s o per\u00edodo de registro de candidatura.<\/p>\n<p class=\"wp-block-paragraph\">A suspens\u00e3o est\u00e1 relacionada \u00e0s regras eleitorais para a propaganda na internet, que exigem o registro dos perfis oficiais de candidatos e partidos. Os candidatos devem informar \u00e0 Justi\u00e7a Eleitoral todos os perfis oficiais que ser\u00e3o usados na campanha, permitindo assim que os canais oficialmente vinculados a campanhas possam ser fiscalizados.<\/p>\n<p class=\"wp-block-paragraph\">De acordo com o advogado Arthur Rollo, que representa o candidato, como a medida bloqueia qualquer possibilidade de campanha que n\u00e3o seja o corpo a corpo, ela paralisa a campanha.\u00a0<\/p>\n<p class=\"wp-block-paragraph\">\u201cEm uma campanha de 45 dias, com poucos recursos, dois ou tr\u00eas dias fora s\u00e3o irrevers\u00edveis, mas irei ao TSE sustentar nossa posi\u00e7\u00e3o\u201d, disse o defensor.<\/p>\n<p class=\"wp-block-paragraph\">Segundo a defesa de Renan Santos, a campanha n\u00e3o teve direito ao contradit\u00f3rio e \u00e0 defesa.<\/p>\n<p class=\"wp-block-paragraph\"><em>Siga o Acorda Cidade no\u00a0<\/em><a href=\"https:\/\/news.google.com\/search?q=acorda%20cidade&amp;hl=pt-BR&amp;gl=BR&amp;ceid=BR%3Apt-419\"><strong><em>Google Not\u00edcias<\/em><\/strong><\/a><em>\u00a0e receba os principais destaques do dia. Participe tamb\u00e9m dos nossos canais no\u00a0<\/em><a href=\"https:\/\/www.whatsapp.com\/channel\/0029Va6Rb4v3WHTNnsh8WI3N\"><strong><em>WhatsApp<\/em><\/strong><\/a><em>\u00a0e\u00a0<\/em><a href=\"https:\/\/www.youtube.com\/@acordacidadenoticias\/videos\"><strong>YouTube<\/strong><\/a><em>\u00a0e do grupo no\u00a0<\/em><a href=\"https:\/\/t.me\/+sSz0khrgARA0ZmRh\"><strong><em>Telegram<\/em><\/strong><\/a><em>.<\/em><\/p>\n<\/div>\n","protected":false},"excerpt":{"rendered":"<p>Foto: Paulo Pinto\/Ag\u00eancia Brasil Ag\u00eancia Brasil \u2013 O candidato \u00e0 Presid\u00eancia da Rep\u00fablica Renan Santos<\/p>\n","protected":false},"author":1,"featured_media":148207,"comment_status":"closed","ping_status":"closed","sticky":false,"template":"","format":"gallery","meta":{"footnotes":""},"categories":[8,9,6,57,56,10],"tags":[],"class_list":["post-148206","post","type-post","status-publish","format-gallery","has-post-thumbnail","hentry","category-bahia","category-brasil","category-feira-de-santana","category-mundo","category-policia","category-politica","post_format-post-format-gallery"],"featured_image_urls":{"full":["https:\/\/noticiasbahia360.com.br\/wp-content\/uploads\/2026\/08\/candidato-Renan-Santos-Partido-Missao.jpg",1200,718,false],"thumbnail":["https:\/\/noticiasbahia360.com.br\/wp-content\/uploads\/2026\/08\/candidato-Renan-Santos-Partido-Missao-150x150.jpg",150,150,true],"medium":["https:\/\/noticiasbahia360.com.br\/wp-content\/uploads\/2026\/08\/candidato-Renan-Santos-Partido-Missao-300x180.jpg",300,180,true],"medium_large":["https:\/\/noticiasbahia360.com.br\/wp-content\/uploads\/2026\/08\/candidato-Renan-Santos-Partido-Missao-768x460.jpg",640,383,true],"large":["https:\/\/noticiasbahia360.com.br\/wp-content\/uploads\/2026\/08\/candidato-Renan-Santos-Partido-Missao-1024x613.jpg",640,383,true],"1536x1536":["https:\/\/noticiasbahia360.com.br\/wp-content\/uploads\/2026\/08\/candidato-Renan-Santos-Partido-Missao.jpg",1200,718,false],"2048x2048":["https:\/\/noticiasbahia360.com.br\/wp-content\/uploads\/2026\/08\/candidato-Renan-Santos-Partido-Missao.jpg",1200,718,false],"chromenews-featured":["https:\/\/noticiasbahia360.com.br\/wp-content\/uploads\/2026\/08\/candidato-Renan-Santos-Partido-Missao-1024x613.jpg",1024,613,true],"chromenews-large":["https:\/\/noticiasbahia360.com.br\/wp-content\/uploads\/2026\/08\/candidato-Renan-Santos-Partido-Missao-825x575.jpg",825,575,true],"chromenews-medium":["https:\/\/noticiasbahia360.com.br\/wp-content\/uploads\/2026\/08\/candidato-Renan-Santos-Partido-Missao-590x410.jpg",590,410,true]},"author_info":{"display_name":"noticiasbahia360.com.br","author_link":"https:\/\/noticiasbahia360.com.br\/?author=1"},"category_info":"<a href=\"https:\/\/noticiasbahia360.com.br\/?cat=8\" rel=\"category\">Bahia<\/a> <a href=\"https:\/\/noticiasbahia360.com.br\/?cat=9\" rel=\"category\">Brasil<\/a> <a href=\"https:\/\/noticiasbahia360.com.br\/?cat=6\" rel=\"category\">Feira de Santana<\/a> <a href=\"https:\/\/noticiasbahia360.com.br\/?cat=57\" rel=\"category\">Mundo<\/a> <a href=\"https:\/\/noticiasbahia360.com.br\/?cat=56\" rel=\"category\">Pol\u00edcia<\/a> <a href=\"https:\/\/noticiasbahia360.com.br\/?cat=10\" rel=\"category\">Pol\u00edtica<\/a>","tag_info":"Pol\u00edtica","comment_count":"0","_links":{"self":[{"href":"https:\/\/noticiasbahia360.com.br\/index.php?rest_route=\/wp\/v2\/posts\/148206","targetHints":{"allow":["GET"]}}],"collection":[{"href":"https:\/\/noticiasbahia360.com.br\/index.php?rest_route=\/wp\/v2\/posts"}],"about":[{"href":"https:\/\/noticiasbahia360.com.br\/index.php?rest_route=\/wp\/v2\/types\/post"}],"author":[{"embeddable":true,"href":"https:\/\/noticiasbahia360.com.br\/index.php?rest_route=\/wp\/v2\/users\/1"}],"replies":[{"embeddable":true,"href":"https:\/\/noticiasbahia360.com.br\/index.php?rest_route=%2Fwp%2Fv2%2Fcomments&post=148206"}],"version-history":[{"count":0,"href":"https:\/\/noticiasbahia360.com.br\/index.php?rest_route=\/wp\/v2\/posts\/148206\/revisions"}],"wp:featuredmedia":[{"embeddable":true,"href":"https:\/\/noticiasbahia360.com.br\/index.php?rest_route=\/wp\/v2\/media\/148207"}],"wp:attachment":[{"href":"https:\/\/noticiasbahia360.com.br\/index.php?rest_route=%2Fwp%2Fv2%2Fmedia&parent=148206"}],"wp:term":[{"taxonomy":"category","embeddable":true,"href":"https:\/\/noticiasbahia360.com.br\/index.php?rest_route=%2Fwp%2Fv2%2Fcategories&post=148206"},{"taxonomy":"post_tag","embeddable":true,"href":"https:\/\/noticiasbahia360.com.br\/index.php?rest_route=%2Fwp%2Fv2%2Ftags&post=148206"}],"curies":[{"name":"wp","href":"https:\/\/api.w.org\/{rel}","templated":true}]}}