{"id":148208,"date":"2026-08-31T21:01:31","date_gmt":"2026-09-01T00:01:31","guid":{"rendered":"https:\/\/noticiasbahia360.com.br\/?p=148208"},"modified":"2026-08-31T21:01:31","modified_gmt":"2026-09-01T00:01:31","slug":"policia-prende-suspeito-de-participacao-em-furto-de-celulares-que-causou-prejuizo-acima-de-r-162-mil-a-empresa","status":"publish","type":"post","link":"https:\/\/noticiasbahia360.com.br\/?p=148208","title":{"rendered":"Pol\u00edcia prende suspeito de participa\u00e7\u00e3o em furto de celulares que causou preju\u00edzo acima de R$ 162 mil a empresa"},"content":{"rendered":"<div>\n<div>\n<figure><img decoding=\"async\" src=\"http:\/\/noticiasbahia360.com.br\/wp-content\/uploads\/2026\/08\/Operacao-contra-furto-de-celulares-em-Salvador-e-RMS.jpg\" alt=\"Opera\u00e7\u00e3o contra furto de celulares em Salvador e RMS\"><figcaption>Foto: Ascom\/ Pol\u00edcia Civil<\/figcaption><\/figure>\n<\/div>\n<p class=\"wp-block-paragraph\">A Pol\u00edcia Civil da Bahia deflagrou duas opera\u00e7\u00f5es para reprimir furtos, roubos, recepta\u00e7\u00e3o e com\u00e9rcio irregular de celulares na Regi\u00e3o Metropolitana de Salvador (RMS) e na capital baiana, na manh\u00e3 desta segunda-feira (31). Em uma das a\u00e7\u00f5es, um homem, suspeito de envolvimento em um esquema criminoso que causou preju\u00edzo estimado em mais de R$ 162 mil a uma rede distribuidora, teve o mandado de pris\u00e3o preventiva cumprido, em Candeias, no \u00e2mbito da Opera\u00e7\u00e3o Manus Agiles.<\/p>\n<p class=\"wp-block-paragraph\">A pris\u00e3o do suspeito \u00e9 um desdobramento da Opera\u00e7\u00e3o Disconnected, deflagrada em abril, que resultou na pris\u00e3o de outros tr\u00eas suspeitos. Segundo as investiga\u00e7\u00f5es, o grupo criminoso, composto em sua maioria por ent\u00e3o funcion\u00e1rios do estabelecimento, teria se aproveitado das fun\u00e7\u00f5es exercidas na empresa para promover a subtra\u00e7\u00e3o de diversos aparelhos durante, ao menos, dois meses, em 2025. Na ocasi\u00e3o, de dentro da distribuidora eles articulavam para que as caixas com os objetos n\u00e3o chegassem \u00e0 empresa. At\u00e9 o momento, cinco aparelhos foram recuperados.<\/p>\n<p class=\"wp-block-paragraph\">As a\u00e7\u00f5es de repress\u00e3o aos crimes de furto, roubo e recepta\u00e7\u00e3o de aparelhos celulares tamb\u00e9m ocorreram na regi\u00e3o central de Salvador. Ao todo, dois estabelecimentos comerciais, que comercializam acess\u00f3rios para celulares, foram alvos da Opera\u00e7\u00e3o Original, que teve como objetivo verificar a venda e o armazenamento de produtos com marcas reproduzidas ou imitadas sem autoriza\u00e7\u00e3o dos titulares. <\/p>\n<p class=\"wp-block-paragraph\">A a\u00e7\u00e3o busca identificar poss\u00edveis crimes contra a propriedade industrial e as rela\u00e7\u00f5es de consumo. As equipes tamb\u00e9m vistoriaram outras duas lojas de venda de vestu\u00e1rio.<\/p>\n<p class=\"wp-block-paragraph\">As duas opera\u00e7\u00f5es foram realizadas pelo Departamento Especializado de Investiga\u00e7\u00f5es Criminais (DEIC). A Opera\u00e7\u00e3o Manus Agiles foi conduzida pela Delegacia de Repress\u00e3o a Furtos e Roubos (DRFR), enquanto a Opera\u00e7\u00e3o Original foi realizada pela Delegacia de Defesa do Consumidor (Decon), com participa\u00e7\u00e3o da Superintend\u00eancia de Prote\u00e7\u00e3o e Defesa do Consumidor (Procon-BA) e da Diretoria de A\u00e7\u00f5es de Prote\u00e7\u00e3o e Defesa do Consumidor (Codecon), da Prefeitura de Salvador.<\/p>\n<p class=\"wp-block-paragraph\"><em>Siga o Acorda Cidade no\u00a0<\/em><a href=\"https:\/\/news.google.com\/search?q=acorda%20cidade&amp;hl=pt-BR&amp;gl=BR&amp;ceid=BR%3Apt-419\"><strong><em>Google Not\u00edcias<\/em><\/strong><\/a><em>\u00a0e receba os principais destaques do dia. Participe tamb\u00e9m dos nossos canais no\u00a0<\/em><a href=\"https:\/\/www.whatsapp.com\/channel\/0029Va6Rb4v3WHTNnsh8WI3N\"><strong><em>WhatsApp<\/em><\/strong><\/a><em>\u00a0e\u00a0<\/em><a href=\"https:\/\/www.youtube.com\/@acordacidadenoticias\/videos\"><strong>YouTube<\/strong><\/a><em>\u00a0e do grupo no\u00a0<\/em><a href=\"https:\/\/t.me\/+sSz0khrgARA0ZmRh\"><strong><em>Telegram<\/em><\/strong><\/a><em>.<\/em><\/p>\n<\/div>\n","protected":false},"excerpt":{"rendered":"<p>Foto: Ascom\/ Pol\u00edcia Civil A Pol\u00edcia Civil da Bahia deflagrou duas opera\u00e7\u00f5es para reprimir furtos,<\/p>\n","protected":false},"author":1,"featured_media":148209,"comment_status":"closed","ping_status":"closed","sticky":false,"template":"","format":"gallery","meta":{"footnotes":""},"categories":[8,9,6,57,56,10],"tags":[],"class_list":["post-148208","post","type-post","status-publish","format-gallery","has-post-thumbnail","hentry","category-bahia","category-brasil","category-feira-de-santana","category-mundo","category-policia","category-politica","post_format-post-format-gallery"],"featured_image_urls":{"full":["https:\/\/noticiasbahia360.com.br\/wp-content\/uploads\/2026\/08\/Operacao-contra-furto-de-celulares-em-Salvador-e-RMS.jpg",1200,900,false],"thumbnail":["https:\/\/noticiasbahia360.com.br\/wp-content\/uploads\/2026\/08\/Operacao-contra-furto-de-celulares-em-Salvador-e-RMS-150x150.jpg",150,150,true],"medium":["https:\/\/noticiasbahia360.com.br\/wp-content\/uploads\/2026\/08\/Operacao-contra-furto-de-celulares-em-Salvador-e-RMS-300x225.jpg",300,225,true],"medium_large":["https:\/\/noticiasbahia360.com.br\/wp-content\/uploads\/2026\/08\/Operacao-contra-furto-de-celulares-em-Salvador-e-RMS-768x576.jpg",640,480,true],"large":["https:\/\/noticiasbahia360.com.br\/wp-content\/uploads\/2026\/08\/Operacao-contra-furto-de-celulares-em-Salvador-e-RMS-1024x768.jpg",640,480,true],"1536x1536":["https:\/\/noticiasbahia360.com.br\/wp-content\/uploads\/2026\/08\/Operacao-contra-furto-de-celulares-em-Salvador-e-RMS.jpg",1200,900,false],"2048x2048":["https:\/\/noticiasbahia360.com.br\/wp-content\/uploads\/2026\/08\/Operacao-contra-furto-de-celulares-em-Salvador-e-RMS.jpg",1200,900,false],"chromenews-featured":["https:\/\/noticiasbahia360.com.br\/wp-content\/uploads\/2026\/08\/Operacao-contra-furto-de-celulares-em-Salvador-e-RMS-1024x768.jpg",1024,768,true],"chromenews-large":["https:\/\/noticiasbahia360.com.br\/wp-content\/uploads\/2026\/08\/Operacao-contra-furto-de-celulares-em-Salvador-e-RMS-825x575.jpg",825,575,true],"chromenews-medium":["https:\/\/noticiasbahia360.com.br\/wp-content\/uploads\/2026\/08\/Operacao-contra-furto-de-celulares-em-Salvador-e-RMS-590x410.jpg",590,410,true]},"author_info":{"display_name":"noticiasbahia360.com.br","author_link":"https:\/\/noticiasbahia360.com.br\/?author=1"},"category_info":"<a href=\"https:\/\/noticiasbahia360.com.br\/?cat=8\" rel=\"category\">Bahia<\/a> <a href=\"https:\/\/noticiasbahia360.com.br\/?cat=9\" rel=\"category\">Brasil<\/a> <a href=\"https:\/\/noticiasbahia360.com.br\/?cat=6\" rel=\"category\">Feira de Santana<\/a> <a href=\"https:\/\/noticiasbahia360.com.br\/?cat=57\" rel=\"category\">Mundo<\/a> <a href=\"https:\/\/noticiasbahia360.com.br\/?cat=56\" rel=\"category\">Pol\u00edcia<\/a> <a href=\"https:\/\/noticiasbahia360.com.br\/?cat=10\" rel=\"category\">Pol\u00edtica<\/a>","tag_info":"Pol\u00edtica","comment_count":"0","_links":{"self":[{"href":"https:\/\/noticiasbahia360.com.br\/index.php?rest_route=\/wp\/v2\/posts\/148208","targetHints":{"allow":["GET"]}}],"collection":[{"href":"https:\/\/noticiasbahia360.com.br\/index.php?rest_route=\/wp\/v2\/posts"}],"about":[{"href":"https:\/\/noticiasbahia360.com.br\/index.php?rest_route=\/wp\/v2\/types\/post"}],"author":[{"embeddable":true,"href":"https:\/\/noticiasbahia360.com.br\/index.php?rest_route=\/wp\/v2\/users\/1"}],"replies":[{"embeddable":true,"href":"https:\/\/noticiasbahia360.com.br\/index.php?rest_route=%2Fwp%2Fv2%2Fcomments&post=148208"}],"version-history":[{"count":0,"href":"https:\/\/noticiasbahia360.com.br\/index.php?rest_route=\/wp\/v2\/posts\/148208\/revisions"}],"wp:featuredmedia":[{"embeddable":true,"href":"https:\/\/noticiasbahia360.com.br\/index.php?rest_route=\/wp\/v2\/media\/148209"}],"wp:attachment":[{"href":"https:\/\/noticiasbahia360.com.br\/index.php?rest_route=%2Fwp%2Fv2%2Fmedia&parent=148208"}],"wp:term":[{"taxonomy":"category","embeddable":true,"href":"https:\/\/noticiasbahia360.com.br\/index.php?rest_route=%2Fwp%2Fv2%2Fcategories&post=148208"},{"taxonomy":"post_tag","embeddable":true,"href":"https:\/\/noticiasbahia360.com.br\/index.php?rest_route=%2Fwp%2Fv2%2Ftags&post=148208"}],"curies":[{"name":"wp","href":"https:\/\/api.w.org\/{rel}","templated":true}]}}