{"id":148212,"date":"2026-08-31T21:01:33","date_gmt":"2026-09-01T00:01:33","guid":{"rendered":"https:\/\/noticiasbahia360.com.br\/?p=148212"},"modified":"2026-08-31T21:01:33","modified_gmt":"2026-09-01T00:01:33","slug":"do-interior-da-bahia-aos-holofotes-da-globo-influencer-revela-bastidores-da-fama-no-podcast-do-acorda-cidade","status":"publish","type":"post","link":"https:\/\/noticiasbahia360.com.br\/?p=148212","title":{"rendered":"Do interior da Bahia aos holofotes da Globo: influencer revela bastidores da fama no Podcast do Acorda Cidade"},"content":{"rendered":"<div>\n<div>\n<figure><img decoding=\"async\" src=\"http:\/\/noticiasbahia360.com.br\/wp-content\/uploads\/2026\/08\/Luciann-Markus-ft-kaio-vinicius-acorda-cidade-.webp\" alt=\"Do interior da Bahia aos holofotes da Globo: influencer revela bastidores da fama no Podcast do Acorda Cidade\"><figcaption>Luciann Markus | Foto: Kaio Vinic\u00edus\/Acorda Cidade<\/figcaption><\/figure>\n<\/div>\n<p><iframe height=\"200px\" width=\"100%\" frameborder=\"no\" scrolling=\"no\" seamless src=\"https:\/\/player.simplecast.com\/20e710a6-bcdc-4c8e-a0ee-8066477e42b8?dark=false\"><\/iframe><\/p>\n<p class=\"wp-block-paragraph\">Do interior da Bahia aos tapetes vermelhos dos grandes eventos do entretenimento brasileiro. Natural de Boquira, no sudoeste baiano, o influencer Luciann Markus saiu de uma cidade de cerca de 20 mil habitantes com um sonho na bagagem e, anos depois, passou a circular entre artistas, influenciadores e grandes nomes da televis\u00e3o. A trajet\u00f3ria, marcada por coragem, portas que se abriram e outras que precisaram ser rompidas, foi contada no 173\u00ba podcast do Acorda Cidade.<\/p>\n<figure class=\"wp-block-embed is-type-video is-provider-youtube wp-block-embed-youtube wp-embed-aspect-16-9 wp-has-aspect-ratio\">\n<div class=\"wp-block-embed__wrapper\">\n<iframe title=\"Podcast Acorda Cidade - BASTIDORES DA GLOBO: O OUTRO LADO DA FAMA!\" width=\"500\" height=\"281\" src=\"https:\/\/www.youtube.com\/embed\/S3wLTSf1NCU?feature=oembed\" frameborder=\"0\" allow=\"accelerometer; autoplay; clipboard-write; encrypted-media; gyroscope; picture-in-picture; web-share\" referrerpolicy=\"strict-origin-when-cross-origin\" allowfullscreen><\/iframe>\n<\/div>\n<\/figure>\n<p class=\"wp-block-paragraph\">Em entrevista ao Acorda Cidade, Luciann contou que atua como influenciador digital, apresentador, rep\u00f3rter, ator, fonoaudi\u00f3logo e consultor de marketing. Ele j\u00e1 ultrapassou a marca de 100 mil seguidores e participou de coberturas de grandes eventos e lan\u00e7amentos de novelas e programas da TV Globo. Mas, antes dos flashes, vieram os testes, os \u201cn\u00e3os\u201d, o nervosismo e at\u00e9 um tombo em uma cama el\u00e1stica.<\/p>\n<figure class=\"wp-block-embed is-type-rich is-provider-instagram wp-block-embed-instagram\">\n<div class=\"wp-block-embed__wrapper\"><iframe title=\"Instagram frame\" loading=\"lazy\" height=\"628\" class=\"instagram-embed-iframe\" src=\"https:\/\/www.instagram.com\/reel\/DYXaXUfxaaE\/embed\/\" allowtransparency=\"true\" frameborder=\"0\" scrolling=\"no\" onload=\"(function(o){window.instagramIframe = window.instagramIframe || []; window.instagramIframe.push(o);})(this)\" style=\"border: 0px; margin: 0 auto; max-width: 658px; width: calc(100% - 2px); border-radius: 4px; box-shadow: rgba(0, 0, 0, 0.498039) 0px 0px 1px 0px, rgba(0, 0, 0, 0.14902) 0px 1px 10px 0px; display: block; padding: 0px; background: rgb(255, 255, 255);\"><\/iframe><\/div>\n<\/figure>\n<p class=\"wp-block-paragraph\">\u201cPense que, nesse primeiro teste, eu n\u00e3o tinha experi\u00eancia com nada. Eu s\u00f3 tinha coragem e um sonho.\u201d Para ele, cada tentativa tamb\u00e9m serviu como aprendizado. \u201cOs n\u00e3os serviram para mim como sim. Eu lembro que foi muito dif\u00edcil conseguir um sim. Mas, todo teste, eu falava que era uma escola. Porque voc\u00ea passa por toda aquela prepara\u00e7\u00e3o de elenco. Voc\u00ea j\u00e1 est\u00e1 na ambi\u00eancia, que \u00e9 um est\u00fadio. Voc\u00ea j\u00e1 est\u00e1 com diretores, pessoas ali, fazendo aquela press\u00e3o.\u201d<\/p>\n<p class=\"wp-block-paragraph\">A virada come\u00e7ou quando Luciann decidiu parar de esperar uma oportunidade aparecer e criou o pr\u00f3prio espa\u00e7o nas redes sociais. Foi a\u00ed que o jogo virou. Em 2023, durante uma participa\u00e7\u00e3o no Pr\u00eamio Multishow, conheceu a cantora Roberta Miranda, encontro que acabou se transformando em uma amizade. <\/p>\n<figure class=\"wp-block-image size-full\"><img fetchpriority=\"high\" fetchpriority=\"high\" decoding=\"async\" width=\"1200\" height=\"861\" src=\"http:\/\/noticiasbahia360.com.br\/wp-content\/uploads\/2026\/08\/Luciann-Markus-ft-kaio-vinicius-acorda-cidade-1.webp\" alt=\"\" class=\"wp-image-686553\" srcset=\"http:\/\/noticiasbahia360.com.br\/wp-content\/uploads\/2026\/08\/Luciann-Markus-ft-kaio-vinicius-acorda-cidade-1.webp 1200w, https:\/\/uploads.acordacidade.com.br\/2026\/08\/Luciann-Markus-ft-kaio-vinicius-acorda-cidade-1-750x538.webp 750w, https:\/\/uploads.acordacidade.com.br\/2026\/08\/Luciann-Markus-ft-kaio-vinicius-acorda-cidade-1-1000x718.webp 1000w, https:\/\/uploads.acordacidade.com.br\/2026\/08\/Luciann-Markus-ft-kaio-vinicius-acorda-cidade-1-450x323.webp 450w, https:\/\/uploads.acordacidade.com.br\/2026\/08\/Luciann-Markus-ft-kaio-vinicius-acorda-cidade-1-150x108.webp 150w\" sizes=\"(max-width: 1200px) 100vw, 1200px\"><figcaption class=\"wp-element-caption\">Luciann Markus | Foto: Kaio Vinic\u00edus\/Acorda Cidade<\/figcaption><\/figure>\n<p class=\"wp-block-paragraph\">\u201cEu cheguei me apresentando. \u2018Oi, Roberta, tudo bem? Sou l\u00e1 da Bahia, estou representando a Bahia aqui no Pr\u00eamio Multishow. E hoje, eu estou aqui em nome do programa T\u00f4 no Direct, que \u00e9 um programa meu no Instagram.\u2019 A\u00ed, ela, \u2018nossa, Direct? Eu estou lan\u00e7ando uma m\u00fasica chamada Direct\u2019. Ah, pronto, deu match. \u2018Voc\u00ea vai me ajudar a divulgar essa m\u00fasica\u2019.\u201d A conex\u00e3o foi t\u00e3o forte que Roberta virou uma amiga.<\/p>\n<p class=\"wp-block-paragraph\">Outra conex\u00e3o que rendeu na internet foi a participa\u00e7\u00e3o do influencer no Programa Encontro com Patr\u00edcia Poeta. <\/p>\n<figure class=\"wp-block-embed is-type-rich is-provider-instagram wp-block-embed-instagram\">\n<div class=\"wp-block-embed__wrapper\"><iframe title=\"Instagram frame\" loading=\"lazy\" height=\"628\" class=\"instagram-embed-iframe\" src=\"https:\/\/www.instagram.com\/reel\/DWU1JRwkmL-\/embed\/\" allowtransparency=\"true\" frameborder=\"0\" scrolling=\"no\" onload=\"(function(o){window.instagramIframe = window.instagramIframe || []; window.instagramIframe.push(o);})(this)\" style=\"border: 0px; margin: 0 auto; max-width: 658px; width: calc(100% - 2px); border-radius: 4px; box-shadow: rgba(0, 0, 0, 0.498039) 0px 0px 1px 0px, rgba(0, 0, 0, 0.14902) 0px 1px 10px 0px; display: block; padding: 0px; background: rgb(255, 255, 255);\"><\/iframe><\/div>\n<\/figure>\n<p class=\"wp-block-paragraph\">Entre tantos encontros, dois nomes deixaram marcas especiais: a atriz D\u00e9bora Secco e cantora Nayara Azevedo. Em momentos diferentes, ambas disseram a Luciann uma palavra que acabou eternizada na pele: \u201cacreditar\u201d. \u201cEu sempre acredito que as coisas v\u00e3o acontecer. Eu tenho certeza que \u00e9 por isso que as coisas est\u00e3o acontecendo.\u201d <\/p>\n<p class=\"wp-block-paragraph\">Foi com essa mesma ideia que ele chegou a Feira de Santana. Depois de participar da Micareta de 2024 como foli\u00e3o, recebeu, no ano seguinte, o convite para apresentar a programa\u00e7\u00e3o da TV Feira. E a hist\u00f3ria tem um detalhe curioso: um ano antes, ele havia mandado uma mensagem para a emissora dizendo que gostaria de ser apresentador. E deu certo!<\/p>\n<figure class=\"wp-block-image size-full\"><img decoding=\"async\" width=\"1200\" height=\"908\" src=\"http:\/\/noticiasbahia360.com.br\/wp-content\/uploads\/2026\/08\/Luciann-Markus-ft-kaio-vinicius-acorda-cidade.webp\" alt=\"\" class=\"wp-image-686555\" srcset=\"http:\/\/noticiasbahia360.com.br\/wp-content\/uploads\/2026\/08\/Luciann-Markus-ft-kaio-vinicius-acorda-cidade.webp 1200w, https:\/\/uploads.acordacidade.com.br\/2026\/08\/Luciann-Markus-ft-kaio-vinicius-acorda-cidade-750x568.webp 750w, https:\/\/uploads.acordacidade.com.br\/2026\/08\/Luciann-Markus-ft-kaio-vinicius-acorda-cidade-1000x757.webp 1000w, https:\/\/uploads.acordacidade.com.br\/2026\/08\/Luciann-Markus-ft-kaio-vinicius-acorda-cidade-450x341.webp 450w, https:\/\/uploads.acordacidade.com.br\/2026\/08\/Luciann-Markus-ft-kaio-vinicius-acorda-cidade-150x114.webp 150w\" sizes=\"(max-width: 1200px) 100vw, 1200px\"><figcaption class=\"wp-element-caption\">Luciann Markus | Foto: Kaio Vinic\u00edus\/Acorda Cidade<\/figcaption><\/figure>\n<p class=\"wp-block-paragraph\">A caminhada, no entanto, tamb\u00e9m foi feita de perrengues. Luciann revelou como precisou conquistar credenciamentos, esperar por artistas e construir um portf\u00f3lio praticamente do zero. \u201cN\u00e3o tinha portf\u00f3lio. Mas tem que ter essa pessoa que vai te ajudar.\u201d <\/p>\n<p class=\"wp-block-paragraph\">Foi assim que ele conseguiu uma das primeiras oportunidades para cobrir um grande evento em Salvador. A partir dali, vieram novas entrevistas, novos convites e encontros com nomes como Wesley Safad\u00e3o, Xand Avi\u00e3o, Victor Fernandes e tantos outros.<\/p>\n<figure class=\"wp-block-embed is-type-rich is-provider-instagram wp-block-embed-instagram\">\n<div class=\"wp-block-embed__wrapper\"><iframe title=\"Instagram frame\" loading=\"lazy\" height=\"628\" class=\"instagram-embed-iframe\" src=\"https:\/\/www.instagram.com\/p\/DaGlo_8SxHC\/embed\/\" allowtransparency=\"true\" frameborder=\"0\" scrolling=\"no\" onload=\"(function(o){window.instagramIframe = window.instagramIframe || []; window.instagramIframe.push(o);})(this)\" style=\"border: 0px; margin: 0 auto; max-width: 658px; width: calc(100% - 2px); border-radius: 4px; box-shadow: rgba(0, 0, 0, 0.498039) 0px 0px 1px 0px, rgba(0, 0, 0, 0.14902) 0px 1px 10px 0px; display: block; padding: 0px; background: rgb(255, 255, 255);\"><\/iframe><\/div>\n<\/figure>\n<p class=\"wp-block-paragraph\">E os bastidores dessa trajet\u00f3ria v\u00e3o muito al\u00e9m das fotos ao lado dos famosos. No podcast, Luciann falou sobre a rela\u00e7\u00e3o com os artistas, a escolha de n\u00e3o trabalhar com fofoca, a experi\u00eancia nos lan\u00e7amentos da Globo, sua atua\u00e7\u00e3o como fonoaudi\u00f3logo e os pr\u00f3ximos passos da carreira, alguns deles ainda mantidos em segredo. <\/p>\n<p class=\"wp-block-paragraph\">O restante dessa hist\u00f3ria, com direito a bastidores, perrengues e revela\u00e7\u00f5es que n\u00e3o caberiam nesta mat\u00e9ria, est\u00e1 no 173\u00ba podcast do Acorda Cidade.<\/p>\n<p class=\"wp-block-paragraph\"><strong>\ud83c\udfa7 Assista ao epis\u00f3dio completo, que j\u00e1 est\u00e1 dispon\u00edvel nas principais plataformas de \u00e1udio. Ou\u00e7a agora abaixo:<\/strong><\/p>\n<p><iframe height=\"200px\" width=\"100%\" frameborder=\"no\" scrolling=\"no\" seamless src=\"https:\/\/player.simplecast.com\/20e710a6-bcdc-4c8e-a0ee-8066477e42b8?dark=false\"><\/iframe><\/p>\n<p class=\"wp-block-paragraph\"><em>Siga o Acorda Cidade no\u00a0<\/em><a href=\"https:\/\/news.google.com\/search?q=acorda%20cidade&amp;hl=pt-BR&amp;gl=BR&amp;ceid=BR%3Apt-419\"><strong><em>Google Not\u00edcias<\/em><\/strong><\/a><em>\u00a0e receba os principais destaques do dia. Participe tamb\u00e9m dos nossos canais no\u00a0<\/em><a href=\"https:\/\/www.whatsapp.com\/channel\/0029Va6Rb4v3WHTNnsh8WI3N\"><strong><em>WhatsApp<\/em><\/strong><\/a><em>\u00a0e\u00a0<\/em><a href=\"https:\/\/www.youtube.com\/@acordacidadenoticias\/videos\"><strong>YouTube<\/strong><\/a><em>\u00a0e do grupo no\u00a0<\/em><a href=\"https:\/\/t.me\/+sSz0khrgARA0ZmRh\"><strong><em>Telegram<\/em><\/strong><\/a><em>.<\/em><\/p>\n<\/div>\n","protected":false},"excerpt":{"rendered":"<p>Luciann Markus | Foto: Kaio Vinic\u00edus\/Acorda Cidade Do interior da Bahia aos tapetes vermelhos dos<\/p>\n","protected":false},"author":1,"featured_media":148213,"comment_status":"closed","ping_status":"closed","sticky":false,"template":"","format":"gallery","meta":{"footnotes":""},"categories":[8,9,6,57,56,10],"tags":[],"class_list":["post-148212","post","type-post","status-publish","format-gallery","has-post-thumbnail","hentry","category-bahia","category-brasil","category-feira-de-santana","category-mundo","category-policia","category-politica","post_format-post-format-gallery"],"featured_image_urls":{"full":["https:\/\/noticiasbahia360.com.br\/wp-content\/uploads\/2026\/08\/Luciann-Markus-ft-kaio-vinicius-acorda-cidade-.webp",1200,800,false],"thumbnail":["https:\/\/noticiasbahia360.com.br\/wp-content\/uploads\/2026\/08\/Luciann-Markus-ft-kaio-vinicius-acorda-cidade--150x150.webp",150,150,true],"medium":["https:\/\/noticiasbahia360.com.br\/wp-content\/uploads\/2026\/08\/Luciann-Markus-ft-kaio-vinicius-acorda-cidade--300x200.webp",300,200,true],"medium_large":["https:\/\/noticiasbahia360.com.br\/wp-content\/uploads\/2026\/08\/Luciann-Markus-ft-kaio-vinicius-acorda-cidade--768x512.webp",640,427,true],"large":["https:\/\/noticiasbahia360.com.br\/wp-content\/uploads\/2026\/08\/Luciann-Markus-ft-kaio-vinicius-acorda-cidade--1024x683.webp",640,427,true],"1536x1536":["https:\/\/noticiasbahia360.com.br\/wp-content\/uploads\/2026\/08\/Luciann-Markus-ft-kaio-vinicius-acorda-cidade-.webp",1200,800,false],"2048x2048":["https:\/\/noticiasbahia360.com.br\/wp-content\/uploads\/2026\/08\/Luciann-Markus-ft-kaio-vinicius-acorda-cidade-.webp",1200,800,false],"chromenews-featured":["https:\/\/noticiasbahia360.com.br\/wp-content\/uploads\/2026\/08\/Luciann-Markus-ft-kaio-vinicius-acorda-cidade--1024x683.webp",1024,683,true],"chromenews-large":["https:\/\/noticiasbahia360.com.br\/wp-content\/uploads\/2026\/08\/Luciann-Markus-ft-kaio-vinicius-acorda-cidade--825x575.webp",825,575,true],"chromenews-medium":["https:\/\/noticiasbahia360.com.br\/wp-content\/uploads\/2026\/08\/Luciann-Markus-ft-kaio-vinicius-acorda-cidade--590x410.webp",590,410,true]},"author_info":{"display_name":"noticiasbahia360.com.br","author_link":"https:\/\/noticiasbahia360.com.br\/?author=1"},"category_info":"<a href=\"https:\/\/noticiasbahia360.com.br\/?cat=8\" rel=\"category\">Bahia<\/a> <a href=\"https:\/\/noticiasbahia360.com.br\/?cat=9\" rel=\"category\">Brasil<\/a> <a href=\"https:\/\/noticiasbahia360.com.br\/?cat=6\" rel=\"category\">Feira de Santana<\/a> <a href=\"https:\/\/noticiasbahia360.com.br\/?cat=57\" rel=\"category\">Mundo<\/a> <a href=\"https:\/\/noticiasbahia360.com.br\/?cat=56\" rel=\"category\">Pol\u00edcia<\/a> <a href=\"https:\/\/noticiasbahia360.com.br\/?cat=10\" rel=\"category\">Pol\u00edtica<\/a>","tag_info":"Pol\u00edtica","comment_count":"0","_links":{"self":[{"href":"https:\/\/noticiasbahia360.com.br\/index.php?rest_route=\/wp\/v2\/posts\/148212","targetHints":{"allow":["GET"]}}],"collection":[{"href":"https:\/\/noticiasbahia360.com.br\/index.php?rest_route=\/wp\/v2\/posts"}],"about":[{"href":"https:\/\/noticiasbahia360.com.br\/index.php?rest_route=\/wp\/v2\/types\/post"}],"author":[{"embeddable":true,"href":"https:\/\/noticiasbahia360.com.br\/index.php?rest_route=\/wp\/v2\/users\/1"}],"replies":[{"embeddable":true,"href":"https:\/\/noticiasbahia360.com.br\/index.php?rest_route=%2Fwp%2Fv2%2Fcomments&post=148212"}],"version-history":[{"count":0,"href":"https:\/\/noticiasbahia360.com.br\/index.php?rest_route=\/wp\/v2\/posts\/148212\/revisions"}],"wp:featuredmedia":[{"embeddable":true,"href":"https:\/\/noticiasbahia360.com.br\/index.php?rest_route=\/wp\/v2\/media\/148213"}],"wp:attachment":[{"href":"https:\/\/noticiasbahia360.com.br\/index.php?rest_route=%2Fwp%2Fv2%2Fmedia&parent=148212"}],"wp:term":[{"taxonomy":"category","embeddable":true,"href":"https:\/\/noticiasbahia360.com.br\/index.php?rest_route=%2Fwp%2Fv2%2Fcategories&post=148212"},{"taxonomy":"post_tag","embeddable":true,"href":"https:\/\/noticiasbahia360.com.br\/index.php?rest_route=%2Fwp%2Fv2%2Ftags&post=148212"}],"curies":[{"name":"wp","href":"https:\/\/api.w.org\/{rel}","templated":true}]}}