{"id":148216,"date":"2026-08-31T23:01:45","date_gmt":"2026-09-01T02:01:45","guid":{"rendered":"https:\/\/noticiasbahia360.com.br\/?p=148216"},"modified":"2026-08-31T23:01:45","modified_gmt":"2026-09-01T02:01:45","slug":"criancas-que-morreram-afogadas-em-acude-de-paramirim-usavam-bebedouro-de-animais-como-embarcacao","status":"publish","type":"post","link":"https:\/\/noticiasbahia360.com.br\/?p=148216","title":{"rendered":"Crian\u00e7as que morreram afogadas em a\u00e7ude de Paramirim usavam bebedouro de animais como embarca\u00e7\u00e3o"},"content":{"rendered":"<div>\n<div>\n<figure><img decoding=\"async\" src=\"http:\/\/noticiasbahia360.com.br\/wp-content\/uploads\/2026\/08\/Quatro-criancas-da-mesma-familia-morrem-afogadas-em-reservatorio-na-Bahia-foto-divulgacao-1-2.jpg\" alt=\"Quatro crian\u00e7as da mesma fam\u00edlia morrem afogadas em reservat\u00f3rio na Bahia\"><figcaption>Foto: Reprodu\u00e7\u00e3o \/ Achei Sudoeste <\/figcaption><\/figure>\n<\/div>\n<p class=\"wp-block-paragraph\">As quatro crian\u00e7as que morreram afogadas na tarde de domingo (30), em um a\u00e7ude na zona rural de Paramirim, regi\u00e3o sudoeste da Bahia, estavam dentro de um equipamento utilizado como bebedouro ou cocho de alimentar animais. A trag\u00e9dia ocorreu na comunidade de Salina Branca e causou grande como\u00e7\u00e3o em toda a regi\u00e3o.<\/p>\n<figure class=\"wp-block-image size-full\"><img fetchpriority=\"high\" decoding=\"async\" width=\"1200\" height=\"800\" src=\"http:\/\/noticiasbahia360.com.br\/wp-content\/uploads\/2026\/08\/Embarcacao-improvisada.jpg\" alt=\"Embarca\u00e7\u00e3o improvisada onde quatro crian\u00e7as morreram em reservat\u00f3rio na zona rural de Paramirim\" class=\"wp-image-686353\" srcset=\"http:\/\/noticiasbahia360.com.br\/wp-content\/uploads\/2026\/08\/Embarcacao-improvisada.jpg 1200w, https:\/\/uploads.acordacidade.com.br\/2026\/08\/Embarcacao-improvisada-750x500.jpg 750w, https:\/\/uploads.acordacidade.com.br\/2026\/08\/Embarcacao-improvisada-1000x667.jpg 1000w, https:\/\/uploads.acordacidade.com.br\/2026\/08\/Embarcacao-improvisada-450x300.jpg 450w, https:\/\/uploads.acordacidade.com.br\/2026\/08\/Embarcacao-improvisada-150x100.jpg 150w\" sizes=\"(max-width: 1200px) 100vw, 1200px\"><figcaption class=\"wp-element-caption\">Foto: Divulga\u00e7\u00e3o\/PMBA<\/figcaption><\/figure>\n<p class=\"wp-block-paragraph\">O mergulhador e sargento Marcos Cordeiro, do 7\u00ba Batalh\u00e3o de Bombeiros Militar (BBM), com sede em Vit\u00f3ria da Conquista, relatou nesta segunda-feira (31) que a embarca\u00e7\u00e3o era totalmente inapropriada para esse tipo de transporte ou passeio.<\/p>\n<p class=\"wp-block-paragraph\">\u201cFoi algo improvisado. Parecia um cocho de alimentar animais, como se fosse uma banheira grande. N\u00e3o era adequado e, mesmo se fosse, as crian\u00e7as deveriam estar com prote\u00e7\u00e3o, no m\u00ednimo um colete\u201d, destacou em entrevista ao Achei Sudoeste, parceiro do Acorda Cidade.<\/p>\n<figure class=\"wp-block-image size-full\"><img decoding=\"async\" width=\"1200\" height=\"800\" src=\"http:\/\/noticiasbahia360.com.br\/wp-content\/uploads\/2026\/08\/resgate-criancas-afogadas-em-paramirim.jpg\" alt=\"resgate-criancas-afogadas-em-paramirim\" class=\"wp-image-686642\" srcset=\"http:\/\/noticiasbahia360.com.br\/wp-content\/uploads\/2026\/08\/resgate-criancas-afogadas-em-paramirim.jpg 1200w, https:\/\/uploads.acordacidade.com.br\/2026\/08\/resgate-criancas-afogadas-em-paramirim-750x500.jpg 750w, https:\/\/uploads.acordacidade.com.br\/2026\/08\/resgate-criancas-afogadas-em-paramirim-1000x667.jpg 1000w, https:\/\/uploads.acordacidade.com.br\/2026\/08\/resgate-criancas-afogadas-em-paramirim-450x300.jpg 450w, https:\/\/uploads.acordacidade.com.br\/2026\/08\/resgate-criancas-afogadas-em-paramirim-150x100.jpg 150w\" sizes=\"(max-width: 1200px) 100vw, 1200px\"><figcaption class=\"wp-element-caption\">Foto: Reprodu\u00e7\u00e3o\/ Achei Sudoeste<\/figcaption><\/figure>\n<p class=\"wp-block-paragraph\">O mergulhador afirmou que os irm\u00e3os Jeferson Davi da Silva Oliveira, de 9 anos; Jacson Diego Silva Oliveira, de 6 anos; e Jos\u00e9 Diogo da Silva Oliveira, de 3 anos; e do primo deles, Lorenzo Almeida Cardoso, de 8 anos, n\u00e3o sabiam nadar e submergiram ap\u00f3s a embarca\u00e7\u00e3o improvisada afundar nas \u00e1guas do reservat\u00f3rio. No momento do acidente, as crian\u00e7as tamb\u00e9m n\u00e3o usavam nenhum tipo de equipamento de prote\u00e7\u00e3o.<\/p>\n<p class=\"wp-block-paragraph\">O sargento contou, ainda, que foi preciso muito esfor\u00e7o e t\u00e9cnicas do 7\u00ba BBM para a equipe de mergulhadores localizarem os corpos, que foram colocados \u00e0s margens da lagoa, para serem encaminhados ao Departamento de Pol\u00edcia T\u00e9cnica (DPT).<\/p>\n<figure class=\"wp-block-image size-full\"><img decoding=\"async\" width=\"1200\" height=\"764\" src=\"http:\/\/noticiasbahia360.com.br\/wp-content\/uploads\/2026\/08\/acidente-envolvendo-4-criancas-em-reservatorio.jpg\" alt=\"Embarca\u00e7\u00e3o improvisada onde quatro crian\u00e7as morreram em reservat\u00f3rio na zona rural de Paramirim\" class=\"wp-image-686352\" srcset=\"http:\/\/noticiasbahia360.com.br\/wp-content\/uploads\/2026\/08\/acidente-envolvendo-4-criancas-em-reservatorio.jpg 1200w, https:\/\/uploads.acordacidade.com.br\/2026\/08\/acidente-envolvendo-4-criancas-em-reservatorio-750x478.jpg 750w, https:\/\/uploads.acordacidade.com.br\/2026\/08\/acidente-envolvendo-4-criancas-em-reservatorio-1000x637.jpg 1000w, https:\/\/uploads.acordacidade.com.br\/2026\/08\/acidente-envolvendo-4-criancas-em-reservatorio-450x287.jpg 450w, https:\/\/uploads.acordacidade.com.br\/2026\/08\/acidente-envolvendo-4-criancas-em-reservatorio-150x96.jpg 150w\" sizes=\"(max-width: 1200px) 100vw, 1200px\"><figcaption class=\"wp-element-caption\">Foto: Divulga\u00e7\u00e3o\/PMBA<\/figcaption><\/figure>\n<h2 id=\"h-adultos-tentaram-salvar-vitimas\" class=\"wp-block-heading\">Adultos tentaram salvar v\u00edtimas<\/h2>\n<p class=\"wp-block-paragraph\">De acordo com o relato da Pol\u00edcia Militar, uma guarni\u00e7\u00e3o da 46\u00aa Companhia Independente foi acionada por volta das 15h de domingo para atender \u00e0 ocorr\u00eancia. Ap\u00f3s chegarem no local, moradores informaram que, no total, havia duas pessoas adultas e cinco crian\u00e7as na embarca\u00e7\u00e3o quando o acidente ocorreu. <\/p>\n<p class=\"wp-block-paragraph\">No momento em que o equipamento come\u00e7ou a afundar, os adultos teriam tentado salvar as cinco crian\u00e7as, por\u00e9m somente uma foi retirada da \u00e1gua com vida. As demais afundaram.<\/p>\n<h3 id=\"h-leia-mais\" class=\"wp-block-heading\">Leia mais:<\/h3>\n<p class=\"wp-block-paragraph\"><a href=\"https:\/\/www.acordacidade.com.br\/bahia\/prefeitura-de-paramirim-suspende-aulas-apos-morte-de-quatro-criancas-por-afogamento-governador-lamenta-tragedia\/\" data-type=\"link\" data-id=\"https:\/\/www.acordacidade.com.br\/bahia\/prefeitura-de-paramirim-suspende-aulas-apos-morte-de-quatro-criancas-por-afogamento-governador-lamenta-tragedia\/\">Prefeitura de Paramirim suspende aulas ap\u00f3s morte de quatro crian\u00e7as por afogamento; governador lamenta trag\u00e9dia<\/a><\/p>\n<p class=\"wp-block-paragraph\"><a href=\"https:\/\/www.acordacidade.com.br\/bahia\/quatro-criancas-da-mesma-familia-morrem-afogadas-em-reservatorio-na-bahia\/\" data-type=\"link\" data-id=\"https:\/\/www.acordacidade.com.br\/bahia\/quatro-criancas-da-mesma-familia-morrem-afogadas-em-reservatorio-na-bahia\/\">Quatro crian\u00e7as da mesma fam\u00edlia morrem afogadas em reservat\u00f3rio na Bahia<\/a><\/p>\n<p class=\"wp-block-paragraph\"><em>Siga o Acorda Cidade no\u00a0<\/em><a href=\"https:\/\/news.google.com\/search?q=acorda%20cidade&amp;hl=pt-BR&amp;gl=BR&amp;ceid=BR%3Apt-419\"><strong><em>Google Not\u00edcias<\/em><\/strong><\/a><em>\u00a0e receba os principais destaques do dia. Participe tamb\u00e9m dos nossos canais no\u00a0<\/em><a href=\"https:\/\/www.whatsapp.com\/channel\/0029Va6Rb4v3WHTNnsh8WI3N\"><strong><em>WhatsApp<\/em><\/strong><\/a><em>\u00a0e\u00a0<\/em><a href=\"https:\/\/www.youtube.com\/@acordacidadenoticias\/videos\"><strong>YouTube<\/strong><\/a><em>\u00a0e do grupo no\u00a0<\/em><a href=\"https:\/\/t.me\/+sSz0khrgARA0ZmRh\"><strong><em>Telegram<\/em><\/strong><\/a><em>.<\/em><\/p>\n<p class=\"wp-block-paragraph\"><a href=\"https:\/\/www.acordacidade.com.br\/bahia\/quatro-criancas-da-mesma-familia-morrem-afogadas-em-reservatorio-na-bahia\/\" data-type=\"link\" data-id=\"https:\/\/www.acordacidade.com.br\/bahia\/quatro-criancas-da-mesma-familia-morrem-afogadas-em-reservatorio-na-bahia\/\"><br \/><\/a><\/p>\n<\/div>\n","protected":false},"excerpt":{"rendered":"<p>Foto: Reprodu\u00e7\u00e3o \/ Achei Sudoeste As quatro crian\u00e7as que morreram afogadas na tarde de domingo<\/p>\n","protected":false},"author":1,"featured_media":148217,"comment_status":"closed","ping_status":"closed","sticky":false,"template":"","format":"gallery","meta":{"footnotes":""},"categories":[8,9,6,57,56,10],"tags":[],"class_list":["post-148216","post","type-post","status-publish","format-gallery","has-post-thumbnail","hentry","category-bahia","category-brasil","category-feira-de-santana","category-mundo","category-policia","category-politica","post_format-post-format-gallery"],"featured_image_urls":{"full":["https:\/\/noticiasbahia360.com.br\/wp-content\/uploads\/2026\/08\/Quatro-criancas-da-mesma-familia-morrem-afogadas-em-reservatorio-na-Bahia-foto-divulgacao-1-2.jpg",1200,698,false],"thumbnail":["https:\/\/noticiasbahia360.com.br\/wp-content\/uploads\/2026\/08\/Quatro-criancas-da-mesma-familia-morrem-afogadas-em-reservatorio-na-Bahia-foto-divulgacao-1-2-150x150.jpg",150,150,true],"medium":["https:\/\/noticiasbahia360.com.br\/wp-content\/uploads\/2026\/08\/Quatro-criancas-da-mesma-familia-morrem-afogadas-em-reservatorio-na-Bahia-foto-divulgacao-1-2-300x175.jpg",300,175,true],"medium_large":["https:\/\/noticiasbahia360.com.br\/wp-content\/uploads\/2026\/08\/Quatro-criancas-da-mesma-familia-morrem-afogadas-em-reservatorio-na-Bahia-foto-divulgacao-1-2-768x447.jpg",640,373,true],"large":["https:\/\/noticiasbahia360.com.br\/wp-content\/uploads\/2026\/08\/Quatro-criancas-da-mesma-familia-morrem-afogadas-em-reservatorio-na-Bahia-foto-divulgacao-1-2-1024x596.jpg",640,373,true],"1536x1536":["https:\/\/noticiasbahia360.com.br\/wp-content\/uploads\/2026\/08\/Quatro-criancas-da-mesma-familia-morrem-afogadas-em-reservatorio-na-Bahia-foto-divulgacao-1-2.jpg",1200,698,false],"2048x2048":["https:\/\/noticiasbahia360.com.br\/wp-content\/uploads\/2026\/08\/Quatro-criancas-da-mesma-familia-morrem-afogadas-em-reservatorio-na-Bahia-foto-divulgacao-1-2.jpg",1200,698,false],"chromenews-featured":["https:\/\/noticiasbahia360.com.br\/wp-content\/uploads\/2026\/08\/Quatro-criancas-da-mesma-familia-morrem-afogadas-em-reservatorio-na-Bahia-foto-divulgacao-1-2-1024x596.jpg",1024,596,true],"chromenews-large":["https:\/\/noticiasbahia360.com.br\/wp-content\/uploads\/2026\/08\/Quatro-criancas-da-mesma-familia-morrem-afogadas-em-reservatorio-na-Bahia-foto-divulgacao-1-2-825x575.jpg",825,575,true],"chromenews-medium":["https:\/\/noticiasbahia360.com.br\/wp-content\/uploads\/2026\/08\/Quatro-criancas-da-mesma-familia-morrem-afogadas-em-reservatorio-na-Bahia-foto-divulgacao-1-2-590x410.jpg",590,410,true]},"author_info":{"display_name":"noticiasbahia360.com.br","author_link":"https:\/\/noticiasbahia360.com.br\/?author=1"},"category_info":"<a href=\"https:\/\/noticiasbahia360.com.br\/?cat=8\" rel=\"category\">Bahia<\/a> <a href=\"https:\/\/noticiasbahia360.com.br\/?cat=9\" rel=\"category\">Brasil<\/a> <a href=\"https:\/\/noticiasbahia360.com.br\/?cat=6\" rel=\"category\">Feira de Santana<\/a> <a href=\"https:\/\/noticiasbahia360.com.br\/?cat=57\" rel=\"category\">Mundo<\/a> <a href=\"https:\/\/noticiasbahia360.com.br\/?cat=56\" rel=\"category\">Pol\u00edcia<\/a> <a href=\"https:\/\/noticiasbahia360.com.br\/?cat=10\" rel=\"category\">Pol\u00edtica<\/a>","tag_info":"Pol\u00edtica","comment_count":"0","_links":{"self":[{"href":"https:\/\/noticiasbahia360.com.br\/index.php?rest_route=\/wp\/v2\/posts\/148216","targetHints":{"allow":["GET"]}}],"collection":[{"href":"https:\/\/noticiasbahia360.com.br\/index.php?rest_route=\/wp\/v2\/posts"}],"about":[{"href":"https:\/\/noticiasbahia360.com.br\/index.php?rest_route=\/wp\/v2\/types\/post"}],"author":[{"embeddable":true,"href":"https:\/\/noticiasbahia360.com.br\/index.php?rest_route=\/wp\/v2\/users\/1"}],"replies":[{"embeddable":true,"href":"https:\/\/noticiasbahia360.com.br\/index.php?rest_route=%2Fwp%2Fv2%2Fcomments&post=148216"}],"version-history":[{"count":0,"href":"https:\/\/noticiasbahia360.com.br\/index.php?rest_route=\/wp\/v2\/posts\/148216\/revisions"}],"wp:featuredmedia":[{"embeddable":true,"href":"https:\/\/noticiasbahia360.com.br\/index.php?rest_route=\/wp\/v2\/media\/148217"}],"wp:attachment":[{"href":"https:\/\/noticiasbahia360.com.br\/index.php?rest_route=%2Fwp%2Fv2%2Fmedia&parent=148216"}],"wp:term":[{"taxonomy":"category","embeddable":true,"href":"https:\/\/noticiasbahia360.com.br\/index.php?rest_route=%2Fwp%2Fv2%2Fcategories&post=148216"},{"taxonomy":"post_tag","embeddable":true,"href":"https:\/\/noticiasbahia360.com.br\/index.php?rest_route=%2Fwp%2Fv2%2Ftags&post=148216"}],"curies":[{"name":"wp","href":"https:\/\/api.w.org\/{rel}","templated":true}]}}