{"id":148221,"date":"2026-08-31T23:01:48","date_gmt":"2026-09-01T02:01:48","guid":{"rendered":"https:\/\/noticiasbahia360.com.br\/?p=148221"},"modified":"2026-08-31T23:01:48","modified_gmt":"2026-09-01T02:01:48","slug":"pm-prendeu-48-pessoas-durante-acoes-da-forca-total-nos-ultimos-12-meses-em-feira-e-regiao","status":"publish","type":"post","link":"https:\/\/noticiasbahia360.com.br\/?p=148221","title":{"rendered":"PM prendeu 48 pessoas durante a\u00e7\u00f5es da For\u00e7a Total nos \u00faltimos 12 meses em Feira e regi\u00e3o"},"content":{"rendered":"<div>\n<div>\n<figure><img decoding=\"async\" src=\"http:\/\/noticiasbahia360.com.br\/wp-content\/uploads\/2026\/08\/Policia-Militar-lanca-mais-uma-edicao-da-Operacao-Forca-Total-em-Feira-de-Santana-foto-Ed-Santos-Acorda-Cidade-7-1.jpeg\" alt=\"Pol\u00edcia Militar lan\u00e7a mais uma edi\u00e7\u00e3o da Opera\u00e7\u00e3o For\u00e7a Total em Feira de Santana\"><figcaption>Foto: Ed Santos \/ Acorda Cidade <\/figcaption><\/figure>\n<\/div>\n<p class=\"wp-block-paragraph\">O Comandante de Policiamento Regional Leste, coronal Miguel M\u00fcller, fez um balan\u00e7o nesta segunda-feira (31), em entrevista ao Acorda Cidade, sobre os resultados das edi\u00e7\u00f5es da Opera\u00e7\u00e3o For\u00e7a Total, deflagradas nos \u00faltimos 12 meses, em Feira de Santana e nos demais 16 munic\u00edpios do territ\u00f3rio de identidade.<\/p>\n<p class=\"wp-block-paragraph\">De acordo com o comandante, entre agosto de 2025 e agosto de 2026, a Pol\u00edcia Militar conduziu pelo menos 48 pessoas \u00e0 delegacia e realizou a apreens\u00e3o de 10 armas de fogo. Fora registradas 24 ocorr\u00eancias de tr\u00e1fico de drogas; 22 celulares foram apreendidos, como tamb\u00e9m foram recuperados 18 ve\u00edculos, sendo 13 motocicletas e cinco carros.<\/p>\n<p class=\"wp-block-paragraph\">O coronel informou que a PM cumpriu ainda cinco mandados de pris\u00e3o. Al\u00e9m disso, 151 equipamentos de jogos de azar foram apreendidos durante a\u00e7\u00f5es contra jogos ilegais de azar.<\/p>\n<figure class=\"wp-block-image size-full\"><img fetchpriority=\"high\" fetchpriority=\"high\" decoding=\"async\" width=\"1200\" height=\"675\" src=\"http:\/\/noticiasbahia360.com.br\/wp-content\/uploads\/2026\/08\/Evento-da-Cama-da-Mulher-Empresaria-de-Feira-de-Santana-sobre-seguranca-publica-foto-Ed-Santos-Aocrda-Cidade-02.jpg\" alt=\"Evento da C\u00e2mara da Mulher Empres\u00e1ria de Feira de Santana sobre seguran\u00e7a p\u00fablica foto Ed Santos Aocrda Cidade 02\" class=\"wp-image-663660\" srcset=\"http:\/\/noticiasbahia360.com.br\/wp-content\/uploads\/2026\/08\/Evento-da-Cama-da-Mulher-Empresaria-de-Feira-de-Santana-sobre-seguranca-publica-foto-Ed-Santos-Aocrda-Cidade-02.jpg 1200w, https:\/\/uploads.acordacidade.com.br\/2026\/06\/Evento-da-Cama-da-Mulher-Empresaria-de-Feira-de-Santana-sobre-seguranca-publica-foto-Ed-Santos-Aocrda-Cidade-02-750x422.jpg 750w, https:\/\/uploads.acordacidade.com.br\/2026\/06\/Evento-da-Cama-da-Mulher-Empresaria-de-Feira-de-Santana-sobre-seguranca-publica-foto-Ed-Santos-Aocrda-Cidade-02-1000x563.jpg 1000w, https:\/\/uploads.acordacidade.com.br\/2026\/06\/Evento-da-Cama-da-Mulher-Empresaria-de-Feira-de-Santana-sobre-seguranca-publica-foto-Ed-Santos-Aocrda-Cidade-02-450x253.jpg 450w, https:\/\/uploads.acordacidade.com.br\/2026\/06\/Evento-da-Cama-da-Mulher-Empresaria-de-Feira-de-Santana-sobre-seguranca-publica-foto-Ed-Santos-Aocrda-Cidade-02-150x84.jpg 150w\" sizes=\"(max-width: 1200px) 100vw, 1200px\"><figcaption class=\"wp-element-caption\">Coronel Michel Muller, comandante do Policiamento da Regi\u00e3o Leste | Foto: Ed Santos \/ Acorda Cidade <\/figcaption><\/figure>\n<p class=\"wp-block-paragraph\">M\u00fcller acrescentou ainda que durante a For\u00e7a Total no \u00faltimo ano houve uma ocorr\u00eancia de morte, envolvendo resistente em a\u00e7\u00e3o policial.<\/p>\n<p class=\"wp-block-paragraph\">\u201cQuero dizer que essa opera\u00e7\u00e3o \u00e9 deflagrada a partir da determina\u00e7\u00e3o do nosso Comandante-Geral, e o objetivo \u00e9 apresentar incremento ostensivo em todo o territ\u00f3rio baiano e, no nosso caso, a Regi\u00e3o Leste, com a convoca\u00e7\u00e3o de policiais que servem na atividade de bastidor, na administra\u00e7\u00e3o, em outras escalas. Todos os esfor\u00e7os s\u00e3o lan\u00e7ados no terreno, com acr\u00e9scimo de viaturas, de motocicletas, e policiais, de modo a impactar com ostensividade aumentada, com uma musculatura maior, numa clara demonstra\u00e7\u00e3o de for\u00e7a e transfer\u00eancia de tranquilidade para as pessoas\u201d, destacou o comandante do CPR-L.<\/p>\n<p class=\"wp-block-paragraph\"><em>Com informa\u00e7\u00f5es do rep\u00f3rter Ed Santos, do Acorda Cidade<\/em><\/p>\n<h2 id=\"h-leia-mais\" class=\"wp-block-heading\">Leia mais: <\/h2>\n<p class=\"wp-block-paragraph\"><a href=\"https:\/\/www.acordacidade.com.br\/policia\/policia-militar-lanca-mais-uma-edicao-da-operacao-forca-total-em-feira-de-santana\/\" data-type=\"link\" data-id=\"https:\/\/www.acordacidade.com.br\/policia\/policia-militar-lanca-mais-uma-edicao-da-operacao-forca-total-em-feira-de-santana\/\">Pol\u00edcia Militar lan\u00e7a mais uma edi\u00e7\u00e3o da Opera\u00e7\u00e3o For\u00e7a Total em Feira de Santana<br \/><\/a><\/p>\n<p class=\"wp-block-paragraph\"><em>Siga o Acorda Cidade no\u00a0<\/em><a href=\"https:\/\/news.google.com\/search?q=acorda%20cidade&amp;hl=pt-BR&amp;gl=BR&amp;ceid=BR%3Apt-419\"><strong><em>Google Not\u00edcias<\/em><\/strong><\/a><em>\u00a0e receba os principais destaques do dia. Participe tamb\u00e9m dos nossos canais no\u00a0<\/em><a href=\"https:\/\/www.whatsapp.com\/channel\/0029Va6Rb4v3WHTNnsh8WI3N\"><strong><em>WhatsApp<\/em><\/strong><\/a><em>\u00a0e\u00a0<\/em><a href=\"https:\/\/www.youtube.com\/@acordacidadenoticias\/videos\"><strong>YouTube<\/strong><\/a><em>\u00a0e do grupo no\u00a0<\/em><a href=\"https:\/\/t.me\/+sSz0khrgARA0ZmRh\"><strong><em>Telegram<\/em><\/strong><\/a><em>.<\/em><\/p>\n<\/div>\n","protected":false},"excerpt":{"rendered":"<p>Foto: Ed Santos \/ Acorda Cidade O Comandante de Policiamento Regional Leste, coronal Miguel M\u00fcller,<\/p>\n","protected":false},"author":1,"featured_media":148222,"comment_status":"closed","ping_status":"closed","sticky":false,"template":"","format":"gallery","meta":{"footnotes":""},"categories":[8,9,6,57,56,10],"tags":[],"class_list":["post-148221","post","type-post","status-publish","format-gallery","has-post-thumbnail","hentry","category-bahia","category-brasil","category-feira-de-santana","category-mundo","category-policia","category-politica","post_format-post-format-gallery"],"featured_image_urls":{"full":["https:\/\/noticiasbahia360.com.br\/wp-content\/uploads\/2026\/08\/Policia-Militar-lanca-mais-uma-edicao-da-Operacao-Forca-Total-em-Feira-de-Santana-foto-Ed-Santos-Acorda-Cidade-7-1.jpeg",1200,675,false],"thumbnail":["https:\/\/noticiasbahia360.com.br\/wp-content\/uploads\/2026\/08\/Policia-Militar-lanca-mais-uma-edicao-da-Operacao-Forca-Total-em-Feira-de-Santana-foto-Ed-Santos-Acorda-Cidade-7-1-150x150.jpeg",150,150,true],"medium":["https:\/\/noticiasbahia360.com.br\/wp-content\/uploads\/2026\/08\/Policia-Militar-lanca-mais-uma-edicao-da-Operacao-Forca-Total-em-Feira-de-Santana-foto-Ed-Santos-Acorda-Cidade-7-1-300x169.jpeg",300,169,true],"medium_large":["https:\/\/noticiasbahia360.com.br\/wp-content\/uploads\/2026\/08\/Policia-Militar-lanca-mais-uma-edicao-da-Operacao-Forca-Total-em-Feira-de-Santana-foto-Ed-Santos-Acorda-Cidade-7-1-768x432.jpeg",640,360,true],"large":["https:\/\/noticiasbahia360.com.br\/wp-content\/uploads\/2026\/08\/Policia-Militar-lanca-mais-uma-edicao-da-Operacao-Forca-Total-em-Feira-de-Santana-foto-Ed-Santos-Acorda-Cidade-7-1-1024x576.jpeg",640,360,true],"1536x1536":["https:\/\/noticiasbahia360.com.br\/wp-content\/uploads\/2026\/08\/Policia-Militar-lanca-mais-uma-edicao-da-Operacao-Forca-Total-em-Feira-de-Santana-foto-Ed-Santos-Acorda-Cidade-7-1.jpeg",1200,675,false],"2048x2048":["https:\/\/noticiasbahia360.com.br\/wp-content\/uploads\/2026\/08\/Policia-Militar-lanca-mais-uma-edicao-da-Operacao-Forca-Total-em-Feira-de-Santana-foto-Ed-Santos-Acorda-Cidade-7-1.jpeg",1200,675,false],"chromenews-featured":["https:\/\/noticiasbahia360.com.br\/wp-content\/uploads\/2026\/08\/Policia-Militar-lanca-mais-uma-edicao-da-Operacao-Forca-Total-em-Feira-de-Santana-foto-Ed-Santos-Acorda-Cidade-7-1-1024x576.jpeg",1024,576,true],"chromenews-large":["https:\/\/noticiasbahia360.com.br\/wp-content\/uploads\/2026\/08\/Policia-Militar-lanca-mais-uma-edicao-da-Operacao-Forca-Total-em-Feira-de-Santana-foto-Ed-Santos-Acorda-Cidade-7-1-825x575.jpeg",825,575,true],"chromenews-medium":["https:\/\/noticiasbahia360.com.br\/wp-content\/uploads\/2026\/08\/Policia-Militar-lanca-mais-uma-edicao-da-Operacao-Forca-Total-em-Feira-de-Santana-foto-Ed-Santos-Acorda-Cidade-7-1-590x410.jpeg",590,410,true]},"author_info":{"display_name":"noticiasbahia360.com.br","author_link":"https:\/\/noticiasbahia360.com.br\/?author=1"},"category_info":"<a href=\"https:\/\/noticiasbahia360.com.br\/?cat=8\" rel=\"category\">Bahia<\/a> <a href=\"https:\/\/noticiasbahia360.com.br\/?cat=9\" rel=\"category\">Brasil<\/a> <a href=\"https:\/\/noticiasbahia360.com.br\/?cat=6\" rel=\"category\">Feira de Santana<\/a> <a href=\"https:\/\/noticiasbahia360.com.br\/?cat=57\" rel=\"category\">Mundo<\/a> <a href=\"https:\/\/noticiasbahia360.com.br\/?cat=56\" rel=\"category\">Pol\u00edcia<\/a> <a href=\"https:\/\/noticiasbahia360.com.br\/?cat=10\" rel=\"category\">Pol\u00edtica<\/a>","tag_info":"Pol\u00edtica","comment_count":"0","_links":{"self":[{"href":"https:\/\/noticiasbahia360.com.br\/index.php?rest_route=\/wp\/v2\/posts\/148221","targetHints":{"allow":["GET"]}}],"collection":[{"href":"https:\/\/noticiasbahia360.com.br\/index.php?rest_route=\/wp\/v2\/posts"}],"about":[{"href":"https:\/\/noticiasbahia360.com.br\/index.php?rest_route=\/wp\/v2\/types\/post"}],"author":[{"embeddable":true,"href":"https:\/\/noticiasbahia360.com.br\/index.php?rest_route=\/wp\/v2\/users\/1"}],"replies":[{"embeddable":true,"href":"https:\/\/noticiasbahia360.com.br\/index.php?rest_route=%2Fwp%2Fv2%2Fcomments&post=148221"}],"version-history":[{"count":0,"href":"https:\/\/noticiasbahia360.com.br\/index.php?rest_route=\/wp\/v2\/posts\/148221\/revisions"}],"wp:featuredmedia":[{"embeddable":true,"href":"https:\/\/noticiasbahia360.com.br\/index.php?rest_route=\/wp\/v2\/media\/148222"}],"wp:attachment":[{"href":"https:\/\/noticiasbahia360.com.br\/index.php?rest_route=%2Fwp%2Fv2%2Fmedia&parent=148221"}],"wp:term":[{"taxonomy":"category","embeddable":true,"href":"https:\/\/noticiasbahia360.com.br\/index.php?rest_route=%2Fwp%2Fv2%2Fcategories&post=148221"},{"taxonomy":"post_tag","embeddable":true,"href":"https:\/\/noticiasbahia360.com.br\/index.php?rest_route=%2Fwp%2Fv2%2Ftags&post=148221"}],"curies":[{"name":"wp","href":"https:\/\/api.w.org\/{rel}","templated":true}]}}