{"id":148224,"date":"2026-08-31T23:01:49","date_gmt":"2026-09-01T02:01:49","guid":{"rendered":"https:\/\/noticiasbahia360.com.br\/?p=148224"},"modified":"2026-08-31T23:01:49","modified_gmt":"2026-09-01T02:01:49","slug":"sesp-mobiliza-60-agentes-para-limpeza-diaria-do-parque-de-exposicao-durante-a-expofeira","status":"publish","type":"post","link":"https:\/\/noticiasbahia360.com.br\/?p=148224","title":{"rendered":"Sesp mobiliza 60 agentes para limpeza di\u00e1ria do Parque de Exposi\u00e7\u00e3o durante a Expofeira"},"content":{"rendered":"<div>\n<div>\n<figure><img decoding=\"async\" src=\"http:\/\/noticiasbahia360.com.br\/wp-content\/uploads\/2026\/08\/Expofeira.jpg\" alt=\"Expofeira\"><figcaption>Foto: Jorge Magalhaes\/Secom<\/figcaption><\/figure>\n<\/div>\n<p class=\"wp-block-paragraph\">O esquema de limpeza do Parque de Exposi\u00e7\u00e3o Jo\u00e3o Martins da Silva, durante a 47\u00aa Exposi\u00e7\u00e3o Agropecu\u00e1ria de Feira de Santana, que acontece de 6 a 13 de setembro, j\u00e1 foi elaborado pela Secretaria de Servi\u00e7os P\u00fablicos.<\/p>\n<p class=\"wp-block-paragraph\">O n\u00famero de agentes de limpeza que atuar\u00e3o diretamente na coleta ser\u00e1 de 60 por dia \u2014 os trabalhadores ser\u00e3o divididos em tr\u00eas equipes formadas por 20 pessoas cada. As equipes ficar\u00e3o no Parque em tempo integral.<\/p>\n<p class=\"wp-block-paragraph\">Ser\u00e3o usados caminh\u00f5es coletores e ca\u00e7ambas. A expectativa da Sesp \u00e9 de que, neste ano, a quantidade de refugos retirados seja superior \u00e0 verificada no ano passado, que foi de aproximadamente 70 toneladas.<\/p>\n<p class=\"wp-block-paragraph\">\u201cVamos cobrir toda a extens\u00e3o do Parque de Exposi\u00e7\u00e3o, inclusive os estacionamentos\u201d, disse o diretor do Departamento de Limpeza Urbana, Pedro Paulo. \u201cJ\u00e1 estamos limpando a Avenida Noide Cerqueira.\u201d<\/p>\n<p class=\"wp-block-paragraph\">Os agentes de limpeza ser\u00e3o os respons\u00e1veis pela coleta dos dejetos produzidos pelos animais que ficar\u00e3o nas baias e galp\u00f5es. \u201cEntretanto, s\u00e3o os criadores respons\u00e1veis pelas varri\u00e7\u00f5es e limpeza desses espa\u00e7os.\u201d<\/p>\n<p class=\"wp-block-paragraph\">Pedro Paulo disse que ser\u00e3o instaladas dezenas de caixas coletoras ao longo das ruas do Parque de Exposi\u00e7\u00e3o, para onde os visitantes dever\u00e3o destinar o lixo produzido por eles \u2014 de pap\u00e9is, latas e pl\u00e1sticos, por exemplo.<\/p>\n<p class=\"wp-block-paragraph\"><em>As informa\u00e7\u00f5es s\u00e3o da Secretaria Municipal de Comunica\u00e7\u00e3o Social (Secom)<\/em><\/p>\n<p class=\"wp-block-paragraph\"><em>Siga o Acorda Cidade no\u00a0<\/em><a href=\"https:\/\/news.google.com\/search?q=acorda%20cidade&amp;hl=pt-BR&amp;gl=BR&amp;ceid=BR%3Apt-419\"><strong><em>Google Not\u00edcias<\/em><\/strong><\/a><em>\u00a0e receba os principais destaques do dia. Participe tamb\u00e9m dos nossos canais no\u00a0<\/em><a href=\"https:\/\/www.whatsapp.com\/channel\/0029Va6Rb4v3WHTNnsh8WI3N\"><strong><em>WhatsApp<\/em><\/strong><\/a><em>\u00a0e\u00a0<\/em><a href=\"https:\/\/www.youtube.com\/@acordacidadenoticias\/videos\"><strong>YouTube<\/strong><\/a><em>\u00a0e do grupo no\u00a0<\/em><a href=\"https:\/\/t.me\/+sSz0khrgARA0ZmRh\"><strong><em>Telegram<\/em><\/strong><\/a><em>.<\/em><\/p>\n<\/div>\n","protected":false},"excerpt":{"rendered":"<p>Foto: Jorge Magalhaes\/Secom O esquema de limpeza do Parque de Exposi\u00e7\u00e3o Jo\u00e3o Martins da Silva,<\/p>\n","protected":false},"author":1,"featured_media":148225,"comment_status":"closed","ping_status":"closed","sticky":false,"template":"","format":"gallery","meta":{"footnotes":""},"categories":[8,9,6,57,56,10],"tags":[],"class_list":["post-148224","post","type-post","status-publish","format-gallery","has-post-thumbnail","hentry","category-bahia","category-brasil","category-feira-de-santana","category-mundo","category-policia","category-politica","post_format-post-format-gallery"],"featured_image_urls":{"full":["https:\/\/noticiasbahia360.com.br\/wp-content\/uploads\/2026\/08\/Expofeira.jpg",1200,799,false],"thumbnail":["https:\/\/noticiasbahia360.com.br\/wp-content\/uploads\/2026\/08\/Expofeira-150x150.jpg",150,150,true],"medium":["https:\/\/noticiasbahia360.com.br\/wp-content\/uploads\/2026\/08\/Expofeira-300x200.jpg",300,200,true],"medium_large":["https:\/\/noticiasbahia360.com.br\/wp-content\/uploads\/2026\/08\/Expofeira-768x511.jpg",640,426,true],"large":["https:\/\/noticiasbahia360.com.br\/wp-content\/uploads\/2026\/08\/Expofeira-1024x682.jpg",640,426,true],"1536x1536":["https:\/\/noticiasbahia360.com.br\/wp-content\/uploads\/2026\/08\/Expofeira.jpg",1200,799,false],"2048x2048":["https:\/\/noticiasbahia360.com.br\/wp-content\/uploads\/2026\/08\/Expofeira.jpg",1200,799,false],"chromenews-featured":["https:\/\/noticiasbahia360.com.br\/wp-content\/uploads\/2026\/08\/Expofeira-1024x682.jpg",1024,682,true],"chromenews-large":["https:\/\/noticiasbahia360.com.br\/wp-content\/uploads\/2026\/08\/Expofeira-825x575.jpg",825,575,true],"chromenews-medium":["https:\/\/noticiasbahia360.com.br\/wp-content\/uploads\/2026\/08\/Expofeira-590x410.jpg",590,410,true]},"author_info":{"display_name":"noticiasbahia360.com.br","author_link":"https:\/\/noticiasbahia360.com.br\/?author=1"},"category_info":"<a href=\"https:\/\/noticiasbahia360.com.br\/?cat=8\" rel=\"category\">Bahia<\/a> <a href=\"https:\/\/noticiasbahia360.com.br\/?cat=9\" rel=\"category\">Brasil<\/a> <a href=\"https:\/\/noticiasbahia360.com.br\/?cat=6\" rel=\"category\">Feira de Santana<\/a> <a href=\"https:\/\/noticiasbahia360.com.br\/?cat=57\" rel=\"category\">Mundo<\/a> <a href=\"https:\/\/noticiasbahia360.com.br\/?cat=56\" rel=\"category\">Pol\u00edcia<\/a> <a href=\"https:\/\/noticiasbahia360.com.br\/?cat=10\" rel=\"category\">Pol\u00edtica<\/a>","tag_info":"Pol\u00edtica","comment_count":"0","_links":{"self":[{"href":"https:\/\/noticiasbahia360.com.br\/index.php?rest_route=\/wp\/v2\/posts\/148224","targetHints":{"allow":["GET"]}}],"collection":[{"href":"https:\/\/noticiasbahia360.com.br\/index.php?rest_route=\/wp\/v2\/posts"}],"about":[{"href":"https:\/\/noticiasbahia360.com.br\/index.php?rest_route=\/wp\/v2\/types\/post"}],"author":[{"embeddable":true,"href":"https:\/\/noticiasbahia360.com.br\/index.php?rest_route=\/wp\/v2\/users\/1"}],"replies":[{"embeddable":true,"href":"https:\/\/noticiasbahia360.com.br\/index.php?rest_route=%2Fwp%2Fv2%2Fcomments&post=148224"}],"version-history":[{"count":0,"href":"https:\/\/noticiasbahia360.com.br\/index.php?rest_route=\/wp\/v2\/posts\/148224\/revisions"}],"wp:featuredmedia":[{"embeddable":true,"href":"https:\/\/noticiasbahia360.com.br\/index.php?rest_route=\/wp\/v2\/media\/148225"}],"wp:attachment":[{"href":"https:\/\/noticiasbahia360.com.br\/index.php?rest_route=%2Fwp%2Fv2%2Fmedia&parent=148224"}],"wp:term":[{"taxonomy":"category","embeddable":true,"href":"https:\/\/noticiasbahia360.com.br\/index.php?rest_route=%2Fwp%2Fv2%2Fcategories&post=148224"},{"taxonomy":"post_tag","embeddable":true,"href":"https:\/\/noticiasbahia360.com.br\/index.php?rest_route=%2Fwp%2Fv2%2Ftags&post=148224"}],"curies":[{"name":"wp","href":"https:\/\/api.w.org\/{rel}","templated":true}]}}