{"id":148226,"date":"2026-08-31T23:01:50","date_gmt":"2026-09-01T02:01:50","guid":{"rendered":"https:\/\/noticiasbahia360.com.br\/?p=148226"},"modified":"2026-08-31T23:01:50","modified_gmt":"2026-09-01T02:01:50","slug":"prefeitura-de-feira-intensifica-poda-e-limpeza-da-vegetacao-em-estradas-da-zona-rural","status":"publish","type":"post","link":"https:\/\/noticiasbahia360.com.br\/?p=148226","title":{"rendered":"Prefeitura de Feira intensifica poda e limpeza da vegeta\u00e7\u00e3o em estradas da zona rural"},"content":{"rendered":"<div>\n<div>\n<figure><img decoding=\"async\" src=\"http:\/\/noticiasbahia360.com.br\/wp-content\/uploads\/2026\/08\/Limpeza-de-Vegetacao-Estradas-Vicinais-Fotos-Divulgacao-SEINFRA-1a-4.jpg\" alt=\"Limpeza de Vegetacao Estradas Vicinais - Fotos Divulgacao SEINFRA (1a) (4)\"><figcaption>Foto: Divulga\u00e7\u00e3o\/ Seinfra<\/figcaption><\/figure>\n<\/div>\n<p class=\"wp-block-paragraph\">A Prefeitura de Feira de Santana, por meio da Secretaria Municipal de Infraestrutura (Seinfra), realiza um novo servi\u00e7o voltado \u00e0 manuten\u00e7\u00e3o das estradas vicinais dos distritos \u2013 a poda e abertura da vegeta\u00e7\u00e3o \u00e0s margens das vias rurais.<\/p>\n<p class=\"wp-block-paragraph\">A iniciativa complementa os trabalhos j\u00e1 executados pela Seinfra nas estradas vicinais, como patrolamento, encascalhamento e manuten\u00e7\u00e3o da trafegabilidade. Com a nova frente de servi\u00e7o, equipes da secretaria realizam a remo\u00e7\u00e3o de galhos, arbustos e vegeta\u00e7\u00e3o que avan\u00e7am sobre as vias, melhorando a visibilidade e oferecendo mais seguran\u00e7a para motoristas, motociclistas, ciclistas e pedestres.<\/p>\n<p class=\"wp-block-paragraph\">Al\u00e9m de facilitar o fluxo de ve\u00edculos, a poda contribui para a preserva\u00e7\u00e3o das estradas e garante melhores condi\u00e7\u00f5es de acesso \u00e0s comunidades rurais, beneficiando diretamente moradores, produtores rurais, estudantes e trabalhadores que utilizam diariamente essas rotas.<\/p>\n<p class=\"wp-block-paragraph\">A atividade representa um importante avan\u00e7o na manuten\u00e7\u00e3o da infraestrutura rural do munic\u00edpio, ampliando a capacidade de atendimento \u00e0s demandas dos distritos e fortalecendo o compromisso da Prefeitura com a mobilidade e a qualidade de vida da popula\u00e7\u00e3o.<\/p>\n<p class=\"wp-block-paragraph\">O servi\u00e7o j\u00e1 est\u00e1 sendo executado em diversas localidades e passar\u00e1 a integrar o cronograma permanente de manuten\u00e7\u00e3o das estradas vicinais de Feira de Santana.<\/p>\n<p class=\"wp-block-paragraph\"><em>As informa\u00e7\u00f5es s\u00e3o da Secretaria de Comunica\u00e7\u00e3o Social de Feira de Santana (Secom).<\/em><\/p>\n<p class=\"wp-block-paragraph\"><em>Siga o Acorda Cidade no\u00a0<\/em><a href=\"https:\/\/news.google.com\/search?q=acorda%20cidade&amp;hl=pt-BR&amp;gl=BR&amp;ceid=BR%3Apt-419\"><strong><em>Google Not\u00edcias<\/em><\/strong><\/a><em>\u00a0e receba os principais destaques do dia. Participe tamb\u00e9m dos nossos canais no\u00a0<\/em><a href=\"https:\/\/www.whatsapp.com\/channel\/0029Va6Rb4v3WHTNnsh8WI3N\"><strong><em>WhatsApp<\/em><\/strong><\/a><em>\u00a0e\u00a0<\/em><a href=\"https:\/\/www.youtube.com\/@acordacidadenoticias\/videos\"><strong>YouTube<\/strong><\/a><em>\u00a0e do grupo no\u00a0<\/em><a href=\"https:\/\/t.me\/+sSz0khrgARA0ZmRh\"><strong><em>Telegram<\/em><\/strong><\/a><em>.<\/em><\/p>\n<\/div>\n","protected":false},"excerpt":{"rendered":"<p>Foto: Divulga\u00e7\u00e3o\/ Seinfra A Prefeitura de Feira de Santana, por meio da Secretaria Municipal de<\/p>\n","protected":false},"author":1,"featured_media":148227,"comment_status":"closed","ping_status":"closed","sticky":false,"template":"","format":"gallery","meta":{"footnotes":""},"categories":[8,9,6,57,56,10],"tags":[],"class_list":["post-148226","post","type-post","status-publish","format-gallery","has-post-thumbnail","hentry","category-bahia","category-brasil","category-feira-de-santana","category-mundo","category-policia","category-politica","post_format-post-format-gallery"],"featured_image_urls":{"full":["https:\/\/noticiasbahia360.com.br\/wp-content\/uploads\/2026\/08\/Limpeza-de-Vegetacao-Estradas-Vicinais-Fotos-Divulgacao-SEINFRA-1a-4.jpg",1200,800,false],"thumbnail":["https:\/\/noticiasbahia360.com.br\/wp-content\/uploads\/2026\/08\/Limpeza-de-Vegetacao-Estradas-Vicinais-Fotos-Divulgacao-SEINFRA-1a-4-150x150.jpg",150,150,true],"medium":["https:\/\/noticiasbahia360.com.br\/wp-content\/uploads\/2026\/08\/Limpeza-de-Vegetacao-Estradas-Vicinais-Fotos-Divulgacao-SEINFRA-1a-4-300x200.jpg",300,200,true],"medium_large":["https:\/\/noticiasbahia360.com.br\/wp-content\/uploads\/2026\/08\/Limpeza-de-Vegetacao-Estradas-Vicinais-Fotos-Divulgacao-SEINFRA-1a-4-768x512.jpg",640,427,true],"large":["https:\/\/noticiasbahia360.com.br\/wp-content\/uploads\/2026\/08\/Limpeza-de-Vegetacao-Estradas-Vicinais-Fotos-Divulgacao-SEINFRA-1a-4-1024x683.jpg",640,427,true],"1536x1536":["https:\/\/noticiasbahia360.com.br\/wp-content\/uploads\/2026\/08\/Limpeza-de-Vegetacao-Estradas-Vicinais-Fotos-Divulgacao-SEINFRA-1a-4.jpg",1200,800,false],"2048x2048":["https:\/\/noticiasbahia360.com.br\/wp-content\/uploads\/2026\/08\/Limpeza-de-Vegetacao-Estradas-Vicinais-Fotos-Divulgacao-SEINFRA-1a-4.jpg",1200,800,false],"chromenews-featured":["https:\/\/noticiasbahia360.com.br\/wp-content\/uploads\/2026\/08\/Limpeza-de-Vegetacao-Estradas-Vicinais-Fotos-Divulgacao-SEINFRA-1a-4-1024x683.jpg",1024,683,true],"chromenews-large":["https:\/\/noticiasbahia360.com.br\/wp-content\/uploads\/2026\/08\/Limpeza-de-Vegetacao-Estradas-Vicinais-Fotos-Divulgacao-SEINFRA-1a-4-825x575.jpg",825,575,true],"chromenews-medium":["https:\/\/noticiasbahia360.com.br\/wp-content\/uploads\/2026\/08\/Limpeza-de-Vegetacao-Estradas-Vicinais-Fotos-Divulgacao-SEINFRA-1a-4-590x410.jpg",590,410,true]},"author_info":{"display_name":"noticiasbahia360.com.br","author_link":"https:\/\/noticiasbahia360.com.br\/?author=1"},"category_info":"<a href=\"https:\/\/noticiasbahia360.com.br\/?cat=8\" rel=\"category\">Bahia<\/a> <a href=\"https:\/\/noticiasbahia360.com.br\/?cat=9\" rel=\"category\">Brasil<\/a> <a href=\"https:\/\/noticiasbahia360.com.br\/?cat=6\" rel=\"category\">Feira de Santana<\/a> <a href=\"https:\/\/noticiasbahia360.com.br\/?cat=57\" rel=\"category\">Mundo<\/a> <a href=\"https:\/\/noticiasbahia360.com.br\/?cat=56\" rel=\"category\">Pol\u00edcia<\/a> <a href=\"https:\/\/noticiasbahia360.com.br\/?cat=10\" rel=\"category\">Pol\u00edtica<\/a>","tag_info":"Pol\u00edtica","comment_count":"0","_links":{"self":[{"href":"https:\/\/noticiasbahia360.com.br\/index.php?rest_route=\/wp\/v2\/posts\/148226","targetHints":{"allow":["GET"]}}],"collection":[{"href":"https:\/\/noticiasbahia360.com.br\/index.php?rest_route=\/wp\/v2\/posts"}],"about":[{"href":"https:\/\/noticiasbahia360.com.br\/index.php?rest_route=\/wp\/v2\/types\/post"}],"author":[{"embeddable":true,"href":"https:\/\/noticiasbahia360.com.br\/index.php?rest_route=\/wp\/v2\/users\/1"}],"replies":[{"embeddable":true,"href":"https:\/\/noticiasbahia360.com.br\/index.php?rest_route=%2Fwp%2Fv2%2Fcomments&post=148226"}],"version-history":[{"count":0,"href":"https:\/\/noticiasbahia360.com.br\/index.php?rest_route=\/wp\/v2\/posts\/148226\/revisions"}],"wp:featuredmedia":[{"embeddable":true,"href":"https:\/\/noticiasbahia360.com.br\/index.php?rest_route=\/wp\/v2\/media\/148227"}],"wp:attachment":[{"href":"https:\/\/noticiasbahia360.com.br\/index.php?rest_route=%2Fwp%2Fv2%2Fmedia&parent=148226"}],"wp:term":[{"taxonomy":"category","embeddable":true,"href":"https:\/\/noticiasbahia360.com.br\/index.php?rest_route=%2Fwp%2Fv2%2Fcategories&post=148226"},{"taxonomy":"post_tag","embeddable":true,"href":"https:\/\/noticiasbahia360.com.br\/index.php?rest_route=%2Fwp%2Fv2%2Ftags&post=148226"}],"curies":[{"name":"wp","href":"https:\/\/api.w.org\/{rel}","templated":true}]}}