{"id":148228,"date":"2026-08-31T23:01:52","date_gmt":"2026-09-01T02:01:52","guid":{"rendered":"https:\/\/noticiasbahia360.com.br\/?p=148228"},"modified":"2026-08-31T23:01:52","modified_gmt":"2026-09-01T02:01:52","slug":"comissao-adia-votacao-da-mp-que-zera-taxa-das-blusinhas","status":"publish","type":"post","link":"https:\/\/noticiasbahia360.com.br\/?p=148228","title":{"rendered":"Comiss\u00e3o adia vota\u00e7\u00e3o da MP que zera \u201ctaxa das blusinhas\u201d"},"content":{"rendered":"<div>\n<div>\n<figure><img decoding=\"async\" src=\"http:\/\/noticiasbahia360.com.br\/wp-content\/uploads\/2026\/08\/Congresso-Nacional-1.jpg\" alt=\"Congresso Nacional\"><figcaption>Foto: Ant\u00f4nio Cruz\/Ag\u00eancia Brasil<br \/>\n<\/figcaption><\/figure>\n<\/div>\n<p class=\"wp-block-paragraph\">Ag\u00eancia Brasil \u2013 A vota\u00e7\u00e3o da Medida Provis\u00f3ria (MP) 1357\/26, que trata do fim da chamada taxa das blusinhas, foi adiada esta para ter\u00e7a-feira (1\u00ba). O an\u00fancio foi feito nesta segunda (31) pelo presidente da comiss\u00e3o mista que analisa a proposta no Congresso Nacional, o deputado federal Reginaldo Lopes (PT-MG).<\/p>\n<p class=\"wp-block-paragraph\">Lopes disse que a vota\u00e7\u00e3o foi remarcada para discutir a possibilidade de ajustes no relat\u00f3rio da senadora Leila Barros (PDT-DF).<\/p>\n<p class=\"wp-block-paragraph\">\u201cEstamos fazendo os \u00faltimos ajustes no relat\u00f3rio. Os di\u00e1logos s\u00e3o extremamente importantes e \u00e9 caracter\u00edstico do pr\u00f3prio parlamento, em especial, buscando dar mais simetria concorrencial entre as remessas internacionais e a economia e a ind\u00fastria nacional\u201d, disse.<\/p>\n<p class=\"wp-block-paragraph\">\u201cCom o adiamento, a expectativa \u00e9 que o texto seja votado amanh\u00e3 pela manh\u00e3\u201d, concluiu Lopes.<\/p>\n<p class=\"wp-block-paragraph\">A chamada MP das blusinhas zera o imposto de importa\u00e7\u00e3o sobre compras de at\u00e9 US$ 50. Ap\u00f3s a vota\u00e7\u00e3o na comiss\u00e3o mista, a proposta segue para o plen\u00e1rio da C\u00e2mara dos Deputados.<\/p>\n<p class=\"wp-block-paragraph\">Para que a proposta seja efetivada, o texto tem que ser votada at\u00e9 o dia 8 de setembro, na C\u00e2mara e no Senado. Caso contr\u00e1rio, perder\u00e1 a validade.<\/p>\n<p class=\"wp-block-paragraph\">Mais cedo, Lopes afirmou que o texto enviado pelo governo recebeu 112 emendas.<\/p>\n<p class=\"wp-block-paragraph\">\u201cN\u00f3s vamos dialogar com senadores, senadoras, deputados e deputadas, para construir maioria para aprovar [o texto] e garantir esse direito para o povo brasileiro\u201d, disse o presidente da comiss\u00e3o mista.<\/p>\n<p class=\"wp-block-paragraph\"><em>Siga o Acorda Cidade no\u00a0<\/em><a href=\"https:\/\/news.google.com\/search?q=acorda%20cidade&amp;hl=pt-BR&amp;gl=BR&amp;ceid=BR%3Apt-419\"><strong><em>Google Not\u00edcias<\/em><\/strong><\/a><em>\u00a0e receba os principais destaques do dia. Participe tamb\u00e9m dos nossos canais no\u00a0<\/em><a href=\"https:\/\/www.whatsapp.com\/channel\/0029Va6Rb4v3WHTNnsh8WI3N\"><strong><em>WhatsApp<\/em><\/strong><\/a><em>\u00a0e\u00a0<\/em><a href=\"https:\/\/www.youtube.com\/@acordacidadenoticias\/videos\"><strong>YouTube<\/strong><\/a><em>\u00a0e do grupo no\u00a0<\/em><a href=\"https:\/\/t.me\/+sSz0khrgARA0ZmRh\"><strong><em>Telegram<\/em><\/strong><\/a><em>.<\/em><\/p>\n<\/div>\n","protected":false},"excerpt":{"rendered":"<p>Foto: Ant\u00f4nio Cruz\/Ag\u00eancia Brasil Ag\u00eancia Brasil \u2013 A vota\u00e7\u00e3o da Medida Provis\u00f3ria (MP) 1357\/26, que<\/p>\n","protected":false},"author":1,"featured_media":148229,"comment_status":"closed","ping_status":"closed","sticky":false,"template":"","format":"gallery","meta":{"footnotes":""},"categories":[8,9,6,57,56,10],"tags":[],"class_list":["post-148228","post","type-post","status-publish","format-gallery","has-post-thumbnail","hentry","category-bahia","category-brasil","category-feira-de-santana","category-mundo","category-policia","category-politica","post_format-post-format-gallery"],"featured_image_urls":{"full":["https:\/\/noticiasbahia360.com.br\/wp-content\/uploads\/2026\/08\/Congresso-Nacional-1.jpg",1200,718,false],"thumbnail":["https:\/\/noticiasbahia360.com.br\/wp-content\/uploads\/2026\/08\/Congresso-Nacional-1-150x150.jpg",150,150,true],"medium":["https:\/\/noticiasbahia360.com.br\/wp-content\/uploads\/2026\/08\/Congresso-Nacional-1-300x180.jpg",300,180,true],"medium_large":["https:\/\/noticiasbahia360.com.br\/wp-content\/uploads\/2026\/08\/Congresso-Nacional-1-768x460.jpg",640,383,true],"large":["https:\/\/noticiasbahia360.com.br\/wp-content\/uploads\/2026\/08\/Congresso-Nacional-1-1024x613.jpg",640,383,true],"1536x1536":["https:\/\/noticiasbahia360.com.br\/wp-content\/uploads\/2026\/08\/Congresso-Nacional-1.jpg",1200,718,false],"2048x2048":["https:\/\/noticiasbahia360.com.br\/wp-content\/uploads\/2026\/08\/Congresso-Nacional-1.jpg",1200,718,false],"chromenews-featured":["https:\/\/noticiasbahia360.com.br\/wp-content\/uploads\/2026\/08\/Congresso-Nacional-1-1024x613.jpg",1024,613,true],"chromenews-large":["https:\/\/noticiasbahia360.com.br\/wp-content\/uploads\/2026\/08\/Congresso-Nacional-1-825x575.jpg",825,575,true],"chromenews-medium":["https:\/\/noticiasbahia360.com.br\/wp-content\/uploads\/2026\/08\/Congresso-Nacional-1-590x410.jpg",590,410,true]},"author_info":{"display_name":"noticiasbahia360.com.br","author_link":"https:\/\/noticiasbahia360.com.br\/?author=1"},"category_info":"<a href=\"https:\/\/noticiasbahia360.com.br\/?cat=8\" rel=\"category\">Bahia<\/a> <a href=\"https:\/\/noticiasbahia360.com.br\/?cat=9\" rel=\"category\">Brasil<\/a> <a href=\"https:\/\/noticiasbahia360.com.br\/?cat=6\" rel=\"category\">Feira de Santana<\/a> <a href=\"https:\/\/noticiasbahia360.com.br\/?cat=57\" rel=\"category\">Mundo<\/a> <a href=\"https:\/\/noticiasbahia360.com.br\/?cat=56\" rel=\"category\">Pol\u00edcia<\/a> <a href=\"https:\/\/noticiasbahia360.com.br\/?cat=10\" rel=\"category\">Pol\u00edtica<\/a>","tag_info":"Pol\u00edtica","comment_count":"0","_links":{"self":[{"href":"https:\/\/noticiasbahia360.com.br\/index.php?rest_route=\/wp\/v2\/posts\/148228","targetHints":{"allow":["GET"]}}],"collection":[{"href":"https:\/\/noticiasbahia360.com.br\/index.php?rest_route=\/wp\/v2\/posts"}],"about":[{"href":"https:\/\/noticiasbahia360.com.br\/index.php?rest_route=\/wp\/v2\/types\/post"}],"author":[{"embeddable":true,"href":"https:\/\/noticiasbahia360.com.br\/index.php?rest_route=\/wp\/v2\/users\/1"}],"replies":[{"embeddable":true,"href":"https:\/\/noticiasbahia360.com.br\/index.php?rest_route=%2Fwp%2Fv2%2Fcomments&post=148228"}],"version-history":[{"count":0,"href":"https:\/\/noticiasbahia360.com.br\/index.php?rest_route=\/wp\/v2\/posts\/148228\/revisions"}],"wp:featuredmedia":[{"embeddable":true,"href":"https:\/\/noticiasbahia360.com.br\/index.php?rest_route=\/wp\/v2\/media\/148229"}],"wp:attachment":[{"href":"https:\/\/noticiasbahia360.com.br\/index.php?rest_route=%2Fwp%2Fv2%2Fmedia&parent=148228"}],"wp:term":[{"taxonomy":"category","embeddable":true,"href":"https:\/\/noticiasbahia360.com.br\/index.php?rest_route=%2Fwp%2Fv2%2Fcategories&post=148228"},{"taxonomy":"post_tag","embeddable":true,"href":"https:\/\/noticiasbahia360.com.br\/index.php?rest_route=%2Fwp%2Fv2%2Ftags&post=148228"}],"curies":[{"name":"wp","href":"https:\/\/api.w.org\/{rel}","templated":true}]}}