{"id":148230,"date":"2026-09-01T00:01:45","date_gmt":"2026-09-01T03:01:45","guid":{"rendered":"https:\/\/noticiasbahia360.com.br\/?p=148230"},"modified":"2026-09-01T00:01:45","modified_gmt":"2026-09-01T03:01:45","slug":"cbf-divulga-sequencia-de-jogos-do-bahia-na-reta-final-do-campeonato-brasileiro","status":"publish","type":"post","link":"https:\/\/noticiasbahia360.com.br\/?p=148230","title":{"rendered":"CBF divulga sequ\u00eancia de jogos do Bahia na reta final do Campeonato Brasileiro"},"content":{"rendered":"<div>\n<div>\n<figure><img decoding=\"async\" src=\"http:\/\/noticiasbahia360.com.br\/wp-content\/uploads\/2026\/09\/Bahia-bate-Chapecoense.jpg\" alt=\"Bahia bate Chapecoense na Fonte Nova pelo Brasileir\u00e3o\"><figcaption>Foto: Rafael Rodrigues \/ EC Bahia<\/p>\n<\/figcaption><\/figure>\n<\/div>\n<p class=\"wp-block-paragraph\">Na noite desta segunda-feira (31), a Confedera\u00e7\u00e3o Brasileira de Futebol (CBF) divulgou os pr\u00f3ximos confrontos do Bahia, na reta final do Campeonato Brasileiro. Segundo informa\u00e7\u00f5es publicadas pelo<a href=\"https:\/\/www.bahianoticias.com.br\/esportes\/bahia\/34014-cbf-detalha-jogos-do-bahia-entre-as-rodadas-27-e-30-do-brasileirao-veja-datas-e-horarios\" data-type=\"link\" data-id=\"https:\/\/www.bahianoticias.com.br\/esportes\/bahia\/34014-cbf-detalha-jogos-do-bahia-entre-as-rodadas-27-e-30-do-brasileirao-veja-datas-e-horarios\"> Bahia Not\u00edcias<\/a>, site parceiro do Acorda Cidade, a CBF divulgou das rodadas 27 a 30 da S\u00e9rie A.<\/p>\n<p class=\"wp-block-paragraph\">Mas antes o Esquadr\u00e3o de A\u00e7o ter\u00e1 que enfrentar no pr\u00f3ximo s\u00e1bado (5), \u00e0s 16h, o Red Bull Bragantino, no Est\u00e1dio C\u00edcero de Souza Marques, em Bragan\u00e7a Paulista. A partida ocorre pela 26\u00aa rodada do campeonato.<\/p>\n<h2 id=\"h-sequencia-de-jogos\" class=\"wp-block-heading\">Sequ\u00eancia de jogos<\/h2>\n<p class=\"wp-block-paragraph\">O primeiro jogo da sequ\u00eancia na reta final do Brasileir\u00e3o ser\u00e1 no dia 14 de setembro, \u00e0s 20h, pela 27\u00aa rodada. Neste dia, o Esquadr\u00e3o enfrenta o Remo. Em seguida, o time embarca para Curitiba, onde ir\u00e1 duelar com o Athletico-PR, no dia 20 de setembro, \u00e0s 19h30, na Arena da Baixada.<\/p>\n<p class=\"wp-block-paragraph\">No dia 8 de outubro, o Tricolor baiano ter\u00e1 um confronto direto com o Palmeiras, pela 29\u00aa rodada. O duelo ser\u00e1 \u00e0s 21h30, no NuBank Parque, em S\u00e3o Paulo.<\/p>\n<p class=\"wp-block-paragraph\">Por fim, no dia 11 de outubro, \u00e0s 19h30, o Bahia recebe o Mirassol, na Arena Fonte Nova, pela 30\u00aa rodada.<\/p>\n<h2 id=\"h-veja-o-detalhamento-dos-jogos-do-bahia\" class=\"wp-block-heading\">Veja o detalhamento dos jogos do Bahia:<\/h2>\n<p class=\"wp-block-paragraph\"><strong>27\u00aa rodada<br \/><\/strong>Bahia x Remo<br \/>Data: 14 de setembro (segunda-feira)<br \/>Hor\u00e1rio: 20h<br \/>Local: Arena Fonte Nova, Salvador<\/p>\n<p class=\"wp-block-paragraph\"><strong>28\u00aa rodada<br \/><\/strong>Athletico-PR x Bahia<br \/>Data: 20 de setembro (domingo)<br \/>Hor\u00e1rio: 19h30<br \/>Local: Arena da Baixada, Curitiba<\/p>\n<p class=\"wp-block-paragraph\"><strong>29\u00aa rodada<br \/><\/strong>Palmeiras x Bahia<br \/>Data: 8 de outubro (quinta-feira)<br \/>Hor\u00e1rio: 21h30<br \/>Local: NuBank Parque, S\u00e3o Paulo<\/p>\n<p class=\"wp-block-paragraph\"><strong>30\u00aa rodada<br \/><\/strong>Bahia x Mirassol<br \/>Data: 11 de outubro (domingo)<br \/>Hor\u00e1rio: 19h30<br \/>Local: Arena Fonte Nova, Salvador.<\/p>\n<p class=\"wp-block-paragraph\"><em>Siga o Acorda Cidade no\u00a0<\/em><a href=\"https:\/\/news.google.com\/search?q=acorda%20cidade&amp;hl=pt-BR&amp;gl=BR&amp;ceid=BR%3Apt-419\"><strong><em>Google Not\u00edcias<\/em><\/strong><\/a><em>\u00a0e receba os principais destaques do dia. Participe tamb\u00e9m dos nossos canais no\u00a0<\/em><a href=\"https:\/\/www.whatsapp.com\/channel\/0029Va6Rb4v3WHTNnsh8WI3N\"><strong><em>WhatsApp<\/em><\/strong><\/a><em>\u00a0e\u00a0<\/em><a href=\"https:\/\/www.youtube.com\/@acordacidadenoticias\/videos\"><strong>YouTube<\/strong><\/a><em>\u00a0e do grupo no\u00a0<\/em><a href=\"https:\/\/t.me\/+sSz0khrgARA0ZmRh\"><strong><em>Telegram<\/em><\/strong><\/a><em>.<\/em><a href=\"https:\/\/www.acordacidade.com.br\/colunas\/dilton-e-feito\/\"><\/a><\/p>\n<p class=\"wp-block-paragraph\">\n<\/div>\n","protected":false},"excerpt":{"rendered":"<p>Foto: Rafael Rodrigues \/ EC Bahia Na noite desta segunda-feira (31), a Confedera\u00e7\u00e3o Brasileira de<\/p>\n","protected":false},"author":1,"featured_media":148231,"comment_status":"closed","ping_status":"closed","sticky":false,"template":"","format":"gallery","meta":{"footnotes":""},"categories":[8,9,6,57,56,10],"tags":[],"class_list":["post-148230","post","type-post","status-publish","format-gallery","has-post-thumbnail","hentry","category-bahia","category-brasil","category-feira-de-santana","category-mundo","category-policia","category-politica","post_format-post-format-gallery"],"featured_image_urls":{"full":["https:\/\/noticiasbahia360.com.br\/wp-content\/uploads\/2026\/09\/Bahia-bate-Chapecoense.jpg",1200,800,false],"thumbnail":["https:\/\/noticiasbahia360.com.br\/wp-content\/uploads\/2026\/09\/Bahia-bate-Chapecoense-150x150.jpg",150,150,true],"medium":["https:\/\/noticiasbahia360.com.br\/wp-content\/uploads\/2026\/09\/Bahia-bate-Chapecoense-300x200.jpg",300,200,true],"medium_large":["https:\/\/noticiasbahia360.com.br\/wp-content\/uploads\/2026\/09\/Bahia-bate-Chapecoense-768x512.jpg",640,427,true],"large":["https:\/\/noticiasbahia360.com.br\/wp-content\/uploads\/2026\/09\/Bahia-bate-Chapecoense-1024x683.jpg",640,427,true],"1536x1536":["https:\/\/noticiasbahia360.com.br\/wp-content\/uploads\/2026\/09\/Bahia-bate-Chapecoense.jpg",1200,800,false],"2048x2048":["https:\/\/noticiasbahia360.com.br\/wp-content\/uploads\/2026\/09\/Bahia-bate-Chapecoense.jpg",1200,800,false],"chromenews-featured":["https:\/\/noticiasbahia360.com.br\/wp-content\/uploads\/2026\/09\/Bahia-bate-Chapecoense-1024x683.jpg",1024,683,true],"chromenews-large":["https:\/\/noticiasbahia360.com.br\/wp-content\/uploads\/2026\/09\/Bahia-bate-Chapecoense-825x575.jpg",825,575,true],"chromenews-medium":["https:\/\/noticiasbahia360.com.br\/wp-content\/uploads\/2026\/09\/Bahia-bate-Chapecoense-590x410.jpg",590,410,true]},"author_info":{"display_name":"noticiasbahia360.com.br","author_link":"https:\/\/noticiasbahia360.com.br\/?author=1"},"category_info":"<a href=\"https:\/\/noticiasbahia360.com.br\/?cat=8\" rel=\"category\">Bahia<\/a> <a href=\"https:\/\/noticiasbahia360.com.br\/?cat=9\" rel=\"category\">Brasil<\/a> <a href=\"https:\/\/noticiasbahia360.com.br\/?cat=6\" rel=\"category\">Feira de Santana<\/a> <a href=\"https:\/\/noticiasbahia360.com.br\/?cat=57\" rel=\"category\">Mundo<\/a> <a href=\"https:\/\/noticiasbahia360.com.br\/?cat=56\" rel=\"category\">Pol\u00edcia<\/a> <a href=\"https:\/\/noticiasbahia360.com.br\/?cat=10\" rel=\"category\">Pol\u00edtica<\/a>","tag_info":"Pol\u00edtica","comment_count":"0","_links":{"self":[{"href":"https:\/\/noticiasbahia360.com.br\/index.php?rest_route=\/wp\/v2\/posts\/148230","targetHints":{"allow":["GET"]}}],"collection":[{"href":"https:\/\/noticiasbahia360.com.br\/index.php?rest_route=\/wp\/v2\/posts"}],"about":[{"href":"https:\/\/noticiasbahia360.com.br\/index.php?rest_route=\/wp\/v2\/types\/post"}],"author":[{"embeddable":true,"href":"https:\/\/noticiasbahia360.com.br\/index.php?rest_route=\/wp\/v2\/users\/1"}],"replies":[{"embeddable":true,"href":"https:\/\/noticiasbahia360.com.br\/index.php?rest_route=%2Fwp%2Fv2%2Fcomments&post=148230"}],"version-history":[{"count":0,"href":"https:\/\/noticiasbahia360.com.br\/index.php?rest_route=\/wp\/v2\/posts\/148230\/revisions"}],"wp:featuredmedia":[{"embeddable":true,"href":"https:\/\/noticiasbahia360.com.br\/index.php?rest_route=\/wp\/v2\/media\/148231"}],"wp:attachment":[{"href":"https:\/\/noticiasbahia360.com.br\/index.php?rest_route=%2Fwp%2Fv2%2Fmedia&parent=148230"}],"wp:term":[{"taxonomy":"category","embeddable":true,"href":"https:\/\/noticiasbahia360.com.br\/index.php?rest_route=%2Fwp%2Fv2%2Fcategories&post=148230"},{"taxonomy":"post_tag","embeddable":true,"href":"https:\/\/noticiasbahia360.com.br\/index.php?rest_route=%2Fwp%2Fv2%2Ftags&post=148230"}],"curies":[{"name":"wp","href":"https:\/\/api.w.org\/{rel}","templated":true}]}}