{"id":148234,"date":"2026-09-01T07:02:45","date_gmt":"2026-09-01T10:02:45","guid":{"rendered":"https:\/\/noticiasbahia360.com.br\/?p=148234"},"modified":"2026-09-01T07:02:45","modified_gmt":"2026-09-01T10:02:45","slug":"homem-e-preso-suspeito-de-matar-a-propria-mae-vitima-tinha-73-anos","status":"publish","type":"post","link":"https:\/\/noticiasbahia360.com.br\/?p=148234","title":{"rendered":"Homem \u00e9 preso suspeito de matar a pr\u00f3pria m\u00e3e; v\u00edtima tinha 73 anos"},"content":{"rendered":"<div>\n<div>\n<figure><img decoding=\"async\" src=\"http:\/\/noticiasbahia360.com.br\/wp-content\/uploads\/2026\/09\/Eurides-da-Silva-Santos-foto-reproducao-.png\" alt=\"Eurides da Silva Santos\"><figcaption>Eurides da Silva Santos | Foto: Reprodu\u00e7\u00e3o <\/figcaption><\/figure>\n<\/div>\n<p class=\"wp-block-paragraph\">Uma idosa de 73 anos foi morta na zona rural de Inhambupe, munic\u00edpio que fica a cerca de 120 km de Feira de Santana. <strong>A v\u00edtima foi identificada como Eurides da Silva Santos. <\/strong>O principal suspeito do crime \u00e9 o filho dela, um homem de 32 anos, que foi preso em flagrante ap\u00f3s o crime.<\/p>\n<p class=\"wp-block-paragraph\">Segundo o g1, a Pol\u00edcia Militar (PM) foi acionada ap\u00f3s uma den\u00fancia de agress\u00e3o contra uma mulher em um im\u00f3vel localizado pr\u00f3ximo ao entroncamento com S\u00e1tiro Dias, \u00e0s margens da BR-110. Ao chegarem ao local, os policiais encontraram a idosa morta.<\/p>\n<p class=\"wp-block-paragraph\">Uma equipe do Servi\u00e7o de Atendimento M\u00f3vel de Urg\u00eancia (Samu) esteve na resid\u00eancia e confirmou a morte de Eurides. Ainda segundo o g1, o suspeito estava dentro do im\u00f3vel, com um peda\u00e7o de madeira nas m\u00e3os e apresentando comportamento agressivo.<\/p>\n<p class=\"wp-block-paragraph\">Durante a abordagem, ainda segundo a PM, o homem tentou atacar os agentes. Para cont\u00ea-lo, os policiais utilizaram uma arma de choque. Ap\u00f3s ser imobilizado e receber atendimento m\u00e9dico, ele foi encaminhado \u00e0 Delegacia Territorial de Alagoinhas.<\/p>\n<p class=\"wp-block-paragraph\">A Pol\u00edcia Civil investiga o caso para esclarecer a din\u00e2mica e a motiva\u00e7\u00e3o do crime. O suspeito permanece \u00e0 disposi\u00e7\u00e3o da Justi\u00e7a. O crime ocorreu na noite do \u00faltimo s\u00e1bado (29).<\/p>\n<p class=\"wp-block-paragraph\"><em>Siga o Acorda Cidade no\u00a0<\/em><a href=\"https:\/\/news.google.com\/search?q=acorda%20cidade&amp;hl=pt-BR&amp;gl=BR&amp;ceid=BR%3Apt-419\"><strong><em>Google Not\u00edcias<\/em><\/strong><\/a><em>\u00a0e receba os principais destaques do dia. Participe tamb\u00e9m dos nossos canais no\u00a0<\/em><a href=\"https:\/\/www.whatsapp.com\/channel\/0029Va6Rb4v3WHTNnsh8WI3N\"><strong><em>WhatsApp<\/em><\/strong><\/a><em>\u00a0e\u00a0<\/em><a href=\"https:\/\/www.youtube.com\/@acordacidadenoticias\/videos\"><strong>YouTube<\/strong><\/a><em>\u00a0e do grupo no\u00a0<\/em><a href=\"https:\/\/t.me\/+sSz0khrgARA0ZmRh\"><strong><em>Telegram<\/em><\/strong><\/a><em>.<\/em><a href=\"https:\/\/www.acordacidade.com.br\/colunas\/dilton-e-feito\/\"><\/a><\/p>\n<\/div>\n","protected":false},"excerpt":{"rendered":"<p>Eurides da Silva Santos | Foto: Reprodu\u00e7\u00e3o Uma idosa de 73 anos foi morta na<\/p>\n","protected":false},"author":1,"featured_media":148235,"comment_status":"closed","ping_status":"closed","sticky":false,"template":"","format":"gallery","meta":{"footnotes":""},"categories":[8,9,6,57,56,10],"tags":[],"class_list":["post-148234","post","type-post","status-publish","format-gallery","has-post-thumbnail","hentry","category-bahia","category-brasil","category-feira-de-santana","category-mundo","category-policia","category-politica","post_format-post-format-gallery"],"featured_image_urls":{"full":["https:\/\/noticiasbahia360.com.br\/wp-content\/uploads\/2026\/09\/Eurides-da-Silva-Santos-foto-reproducao-.png",1200,675,false],"thumbnail":["https:\/\/noticiasbahia360.com.br\/wp-content\/uploads\/2026\/09\/Eurides-da-Silva-Santos-foto-reproducao--150x150.png",150,150,true],"medium":["https:\/\/noticiasbahia360.com.br\/wp-content\/uploads\/2026\/09\/Eurides-da-Silva-Santos-foto-reproducao--300x169.png",300,169,true],"medium_large":["https:\/\/noticiasbahia360.com.br\/wp-content\/uploads\/2026\/09\/Eurides-da-Silva-Santos-foto-reproducao--768x432.png",640,360,true],"large":["https:\/\/noticiasbahia360.com.br\/wp-content\/uploads\/2026\/09\/Eurides-da-Silva-Santos-foto-reproducao--1024x576.png",640,360,true],"1536x1536":["https:\/\/noticiasbahia360.com.br\/wp-content\/uploads\/2026\/09\/Eurides-da-Silva-Santos-foto-reproducao-.png",1200,675,false],"2048x2048":["https:\/\/noticiasbahia360.com.br\/wp-content\/uploads\/2026\/09\/Eurides-da-Silva-Santos-foto-reproducao-.png",1200,675,false],"chromenews-featured":["https:\/\/noticiasbahia360.com.br\/wp-content\/uploads\/2026\/09\/Eurides-da-Silva-Santos-foto-reproducao--1024x576.png",1024,576,true],"chromenews-large":["https:\/\/noticiasbahia360.com.br\/wp-content\/uploads\/2026\/09\/Eurides-da-Silva-Santos-foto-reproducao--825x575.png",825,575,true],"chromenews-medium":["https:\/\/noticiasbahia360.com.br\/wp-content\/uploads\/2026\/09\/Eurides-da-Silva-Santos-foto-reproducao--590x410.png",590,410,true]},"author_info":{"display_name":"noticiasbahia360.com.br","author_link":"https:\/\/noticiasbahia360.com.br\/?author=1"},"category_info":"<a href=\"https:\/\/noticiasbahia360.com.br\/?cat=8\" rel=\"category\">Bahia<\/a> <a href=\"https:\/\/noticiasbahia360.com.br\/?cat=9\" rel=\"category\">Brasil<\/a> <a href=\"https:\/\/noticiasbahia360.com.br\/?cat=6\" rel=\"category\">Feira de Santana<\/a> <a href=\"https:\/\/noticiasbahia360.com.br\/?cat=57\" rel=\"category\">Mundo<\/a> <a href=\"https:\/\/noticiasbahia360.com.br\/?cat=56\" rel=\"category\">Pol\u00edcia<\/a> <a href=\"https:\/\/noticiasbahia360.com.br\/?cat=10\" rel=\"category\">Pol\u00edtica<\/a>","tag_info":"Pol\u00edtica","comment_count":"0","_links":{"self":[{"href":"https:\/\/noticiasbahia360.com.br\/index.php?rest_route=\/wp\/v2\/posts\/148234","targetHints":{"allow":["GET"]}}],"collection":[{"href":"https:\/\/noticiasbahia360.com.br\/index.php?rest_route=\/wp\/v2\/posts"}],"about":[{"href":"https:\/\/noticiasbahia360.com.br\/index.php?rest_route=\/wp\/v2\/types\/post"}],"author":[{"embeddable":true,"href":"https:\/\/noticiasbahia360.com.br\/index.php?rest_route=\/wp\/v2\/users\/1"}],"replies":[{"embeddable":true,"href":"https:\/\/noticiasbahia360.com.br\/index.php?rest_route=%2Fwp%2Fv2%2Fcomments&post=148234"}],"version-history":[{"count":0,"href":"https:\/\/noticiasbahia360.com.br\/index.php?rest_route=\/wp\/v2\/posts\/148234\/revisions"}],"wp:featuredmedia":[{"embeddable":true,"href":"https:\/\/noticiasbahia360.com.br\/index.php?rest_route=\/wp\/v2\/media\/148235"}],"wp:attachment":[{"href":"https:\/\/noticiasbahia360.com.br\/index.php?rest_route=%2Fwp%2Fv2%2Fmedia&parent=148234"}],"wp:term":[{"taxonomy":"category","embeddable":true,"href":"https:\/\/noticiasbahia360.com.br\/index.php?rest_route=%2Fwp%2Fv2%2Fcategories&post=148234"},{"taxonomy":"post_tag","embeddable":true,"href":"https:\/\/noticiasbahia360.com.br\/index.php?rest_route=%2Fwp%2Fv2%2Ftags&post=148234"}],"curies":[{"name":"wp","href":"https:\/\/api.w.org\/{rel}","templated":true}]}}