{"id":148236,"date":"2026-09-01T07:02:48","date_gmt":"2026-09-01T10:02:48","guid":{"rendered":"https:\/\/noticiasbahia360.com.br\/?p=148236"},"modified":"2026-09-01T07:02:48","modified_gmt":"2026-09-01T10:02:48","slug":"instituto-vladimir-herzog-alerta-stf-sobre-interferencia-dos-eua","status":"publish","type":"post","link":"https:\/\/noticiasbahia360.com.br\/?p=148236","title":{"rendered":"Instituto Vladimir Herzog alerta STF sobre interfer\u00eancia dos EUA"},"content":{"rendered":"<div>\n<div>\n<figure><img decoding=\"async\" src=\"http:\/\/noticiasbahia360.com.br\/wp-content\/uploads\/2026\/09\/urna-eletronica-foto-marcelo-camargo-agencia-brasil.png\" alt=\"TRE-BA testes TSE elei\u00e7\u00f5es\"><figcaption>Foto: Marcelo Camargo \/ Ag\u00eancia Brasil<\/figcaption><\/figure>\n<\/div>\n<p class=\"wp-block-paragraph\">Ag\u00eancia Brasil \u2013 <strong>O presidente do Instituto Vladimir Herzog, Rog\u00e9rio Sottili, alertou, em carta enviada ao presidente do Supremo Tribunal Federal (STF), ministro Edson Fachin, para o risco de interfer\u00eancia dos Estados Unidos nas elei\u00e7\u00f5es brasileiras de 2026<\/strong>. O documento foi enviado dia 19 de agosto.<img decoding=\"async\" src=\"https:\/\/agenciabrasil.ebc.com.br\/ebc.png?id=1701159&amp;o=node\"><img decoding=\"async\" src=\"https:\/\/agenciabrasil.ebc.com.br\/ebc.gif?id=1701159&amp;o=node\"><\/p>\n<p class=\"wp-block-paragraph\"><strong>Segundo Sottili, h\u00e1 sinais de que o resultado das elei\u00e7\u00f5es para a Presid\u00eancia da Rep\u00fablica poder\u00e1 n\u00e3o ser reconhecido pelo governo do presidente Donald Trump.<\/strong>\u00a0A avalia\u00e7\u00e3o, segundo ele, foi feita ap\u00f3s viagem aos Estados Unidos, onde conversou com lideran\u00e7as pol\u00edticas e representantes de entidades da sociedade civil.<\/p>\n<p class=\"wp-block-paragraph\">\u201cJ\u00e1 existe inger\u00eancia externa por parte dos Estados Unidos e h\u00e1 um ind\u00edcio muito forte de que, sim, a tend\u00eancia seguir\u00e1 nesta crescente com rela\u00e7\u00e3o \u00e0s elei\u00e7\u00f5es brasileiras para a presid\u00eancia e o poss\u00edvel n\u00e3o reconhecimento do resultado ao pleito\u201d, afirma Sottili na carta.<\/p>\n<p class=\"wp-block-paragraph\">O documento tamb\u00e9m manifesta preocupa\u00e7\u00e3o com a atua\u00e7\u00e3o da Organiza\u00e7\u00e3o dos Estados Americanos (OEA), que acompanha processos eleitorais nos pa\u00edses-membros. O instituto pede aten\u00e7\u00e3o preventiva das institui\u00e7\u00f5es brasileiras para garantir que a organiza\u00e7\u00e3o possa exercer suas fun\u00e7\u00f5es com autonomia, rigor t\u00e9cnico e postura republicana diante das press\u00f5es pol\u00edticas internacionais.<\/p>\n<p class=\"wp-block-paragraph\">O Instituto Vladimir Herzog pede que o STF se posicione diante das amea\u00e7as. Segundo a entidade, um eventual questionamento internacional do resultado eleitoral poderia afetar a legitimidade da Corte e ser utilizado internamente para contestar decis\u00f5es judiciais.<\/p>\n<p class=\"wp-block-paragraph\">\u201cUm eventual questionamento internacional do resultado eleitoral pode deixar de ser apenas um problema diplom\u00e1tico quando passa a ser utilizado internamente para deslegitimar decis\u00f5es judiciais, estimular o descumprimento da Constitui\u00e7\u00e3o, atacar a independ\u00eancia do Poder Judici\u00e1rio ou sustentar iniciativas voltadas \u00e0 ruptura da ordem democr\u00e1tica\u201d, afirma a carta.<\/p>\n<p class=\"wp-block-paragraph\"><em>Siga o Acorda Cidade no\u00a0<\/em><a href=\"https:\/\/news.google.com\/search?q=acorda%20cidade&amp;hl=pt-BR&amp;gl=BR&amp;ceid=BR%3Apt-419\"><strong><em>Google Not\u00edcias<\/em><\/strong><\/a><em>\u00a0e receba os principais destaques do dia. Participe tamb\u00e9m dos nossos canais no\u00a0<\/em><a href=\"https:\/\/www.whatsapp.com\/channel\/0029Va6Rb4v3WHTNnsh8WI3N\"><strong><em>WhatsApp<\/em><\/strong><\/a><em>\u00a0e\u00a0<\/em><a href=\"https:\/\/www.youtube.com\/@acordacidadenoticias\/videos\"><strong>YouTube<\/strong><\/a><em>\u00a0e do grupo no\u00a0<\/em><a href=\"https:\/\/t.me\/+sSz0khrgARA0ZmRh\"><strong><em>Telegram<\/em><\/strong><\/a><em>.<\/em><a href=\"https:\/\/www.acordacidade.com.br\/colunas\/dilton-e-feito\/\"><\/a><\/p>\n<\/div>\n","protected":false},"excerpt":{"rendered":"<p>Foto: Marcelo Camargo \/ Ag\u00eancia Brasil Ag\u00eancia Brasil \u2013 O presidente do Instituto Vladimir Herzog,<\/p>\n","protected":false},"author":1,"featured_media":148237,"comment_status":"closed","ping_status":"closed","sticky":false,"template":"","format":"gallery","meta":{"footnotes":""},"categories":[8,9,6,57,56,10],"tags":[],"class_list":["post-148236","post","type-post","status-publish","format-gallery","has-post-thumbnail","hentry","category-bahia","category-brasil","category-feira-de-santana","category-mundo","category-policia","category-politica","post_format-post-format-gallery"],"featured_image_urls":{"full":["https:\/\/noticiasbahia360.com.br\/wp-content\/uploads\/2026\/09\/urna-eletronica-foto-marcelo-camargo-agencia-brasil.png",1200,718,false],"thumbnail":["https:\/\/noticiasbahia360.com.br\/wp-content\/uploads\/2026\/09\/urna-eletronica-foto-marcelo-camargo-agencia-brasil-150x150.png",150,150,true],"medium":["https:\/\/noticiasbahia360.com.br\/wp-content\/uploads\/2026\/09\/urna-eletronica-foto-marcelo-camargo-agencia-brasil-300x180.png",300,180,true],"medium_large":["https:\/\/noticiasbahia360.com.br\/wp-content\/uploads\/2026\/09\/urna-eletronica-foto-marcelo-camargo-agencia-brasil-768x460.png",640,383,true],"large":["https:\/\/noticiasbahia360.com.br\/wp-content\/uploads\/2026\/09\/urna-eletronica-foto-marcelo-camargo-agencia-brasil-1024x613.png",640,383,true],"1536x1536":["https:\/\/noticiasbahia360.com.br\/wp-content\/uploads\/2026\/09\/urna-eletronica-foto-marcelo-camargo-agencia-brasil.png",1200,718,false],"2048x2048":["https:\/\/noticiasbahia360.com.br\/wp-content\/uploads\/2026\/09\/urna-eletronica-foto-marcelo-camargo-agencia-brasil.png",1200,718,false],"chromenews-featured":["https:\/\/noticiasbahia360.com.br\/wp-content\/uploads\/2026\/09\/urna-eletronica-foto-marcelo-camargo-agencia-brasil-1024x613.png",1024,613,true],"chromenews-large":["https:\/\/noticiasbahia360.com.br\/wp-content\/uploads\/2026\/09\/urna-eletronica-foto-marcelo-camargo-agencia-brasil-825x575.png",825,575,true],"chromenews-medium":["https:\/\/noticiasbahia360.com.br\/wp-content\/uploads\/2026\/09\/urna-eletronica-foto-marcelo-camargo-agencia-brasil-590x410.png",590,410,true]},"author_info":{"display_name":"noticiasbahia360.com.br","author_link":"https:\/\/noticiasbahia360.com.br\/?author=1"},"category_info":"<a href=\"https:\/\/noticiasbahia360.com.br\/?cat=8\" rel=\"category\">Bahia<\/a> <a href=\"https:\/\/noticiasbahia360.com.br\/?cat=9\" rel=\"category\">Brasil<\/a> <a href=\"https:\/\/noticiasbahia360.com.br\/?cat=6\" rel=\"category\">Feira de Santana<\/a> <a href=\"https:\/\/noticiasbahia360.com.br\/?cat=57\" rel=\"category\">Mundo<\/a> <a href=\"https:\/\/noticiasbahia360.com.br\/?cat=56\" rel=\"category\">Pol\u00edcia<\/a> <a href=\"https:\/\/noticiasbahia360.com.br\/?cat=10\" rel=\"category\">Pol\u00edtica<\/a>","tag_info":"Pol\u00edtica","comment_count":"0","_links":{"self":[{"href":"https:\/\/noticiasbahia360.com.br\/index.php?rest_route=\/wp\/v2\/posts\/148236","targetHints":{"allow":["GET"]}}],"collection":[{"href":"https:\/\/noticiasbahia360.com.br\/index.php?rest_route=\/wp\/v2\/posts"}],"about":[{"href":"https:\/\/noticiasbahia360.com.br\/index.php?rest_route=\/wp\/v2\/types\/post"}],"author":[{"embeddable":true,"href":"https:\/\/noticiasbahia360.com.br\/index.php?rest_route=\/wp\/v2\/users\/1"}],"replies":[{"embeddable":true,"href":"https:\/\/noticiasbahia360.com.br\/index.php?rest_route=%2Fwp%2Fv2%2Fcomments&post=148236"}],"version-history":[{"count":0,"href":"https:\/\/noticiasbahia360.com.br\/index.php?rest_route=\/wp\/v2\/posts\/148236\/revisions"}],"wp:featuredmedia":[{"embeddable":true,"href":"https:\/\/noticiasbahia360.com.br\/index.php?rest_route=\/wp\/v2\/media\/148237"}],"wp:attachment":[{"href":"https:\/\/noticiasbahia360.com.br\/index.php?rest_route=%2Fwp%2Fv2%2Fmedia&parent=148236"}],"wp:term":[{"taxonomy":"category","embeddable":true,"href":"https:\/\/noticiasbahia360.com.br\/index.php?rest_route=%2Fwp%2Fv2%2Fcategories&post=148236"},{"taxonomy":"post_tag","embeddable":true,"href":"https:\/\/noticiasbahia360.com.br\/index.php?rest_route=%2Fwp%2Fv2%2Ftags&post=148236"}],"curies":[{"name":"wp","href":"https:\/\/api.w.org\/{rel}","templated":true}]}}