{"id":148240,"date":"2026-09-01T08:02:55","date_gmt":"2026-09-01T11:02:55","guid":{"rendered":"https:\/\/noticiasbahia360.com.br\/?p=148240"},"modified":"2026-09-01T08:02:55","modified_gmt":"2026-09-01T11:02:55","slug":"academia-salvador-ao-ar-livre-ganha-nova-identidade-e-sistema-de-agendamento","status":"publish","type":"post","link":"https:\/\/noticiasbahia360.com.br\/?p=148240","title":{"rendered":"Academia Salvador ao Ar Livre ganha nova identidade e sistema de agendamento"},"content":{"rendered":"<div>\n<div>\n<figure><img decoding=\"async\" src=\"http:\/\/noticiasbahia360.com.br\/wp-content\/uploads\/2026\/09\/Academia-Salvador-ao-Ar-Livre-ganha-nova-identidade-e-sistema-de-agendamento-idoso-foto-divulgacao-3.jpeg\" alt=\"Academia Salvador ao Ar Livre ganha nova identidade e sistema de agendamento\"><figcaption>Foto: Jefferson Peixoto <\/figcaption><\/figure>\n<\/div>\n<p class=\"wp-block-paragraph\">A Academia Salvador ao Ar Livre, projeto da Prefeitura de Salvador que oferece atividades f\u00edsicas gratuitas \u00e0 popula\u00e7\u00e3o, ganha nova identidade visual e um novo sistema de agendamento a partir desta ter\u00e7a-feira (1\u00ba). O relan\u00e7amento acontece \u00e0s 8h, na unidade Bonoc\u00f4, localizada no canteiro central do Parque Bonoc\u00f4, justamente no Dia do Educador F\u00edsico.<\/p>\n<p class=\"wp-block-paragraph\">Criado em 2024, o projeto \u00e9 executado pela Secretaria Municipal de Promo\u00e7\u00e3o Social, Combate \u00e0 Pobreza, Esportes e Lazer (Sempre) e atualmente conta com 15 academias em funcionamento na capital baiana. A proposta \u00e9 ampliar o acesso \u00e0 pr\u00e1tica regular de atividades f\u00edsicas, especialmente para pessoas que n\u00e3o costumam frequentar academias convencionais.<\/p>\n<figure class=\"wp-block-image size-full\"><img fetchpriority=\"high\" fetchpriority=\"high\" decoding=\"async\" width=\"1200\" height=\"801\" src=\"http:\/\/noticiasbahia360.com.br\/wp-content\/uploads\/2026\/09\/Academia-Salvador-ao-Ar-Livre-ganha-nova-identidade-e-sistema-de-agendamento-idoso-foto-divulgacao-2.jpeg\" alt=\"Academia Salvador ao Ar Livre ganha nova identidade e sistema de agendamento\" class=\"wp-image-686673\" srcset=\"http:\/\/noticiasbahia360.com.br\/wp-content\/uploads\/2026\/09\/Academia-Salvador-ao-Ar-Livre-ganha-nova-identidade-e-sistema-de-agendamento-idoso-foto-divulgacao-2.jpeg 1200w, https:\/\/uploads.acordacidade.com.br\/2026\/09\/Academia-Salvador-ao-Ar-Livre-ganha-nova-identidade-e-sistema-de-agendamento-idoso-foto-divulgacao-2-750x501.jpeg 750w, https:\/\/uploads.acordacidade.com.br\/2026\/09\/Academia-Salvador-ao-Ar-Livre-ganha-nova-identidade-e-sistema-de-agendamento-idoso-foto-divulgacao-2-1000x668.jpeg 1000w, https:\/\/uploads.acordacidade.com.br\/2026\/09\/Academia-Salvador-ao-Ar-Livre-ganha-nova-identidade-e-sistema-de-agendamento-idoso-foto-divulgacao-2-450x300.jpeg 450w, https:\/\/uploads.acordacidade.com.br\/2026\/09\/Academia-Salvador-ao-Ar-Livre-ganha-nova-identidade-e-sistema-de-agendamento-idoso-foto-divulgacao-2-150x100.jpeg 150w\" sizes=\"(max-width: 1200px) 100vw, 1200px\"><figcaption class=\"wp-element-caption\">Foto: Jefferson Peixoto <\/figcaption><\/figure>\n<p class=\"wp-block-paragraph\">Uma das principais novidades \u00e9 a moderniza\u00e7\u00e3o do sistema de agendamento. A partir do relan\u00e7amento, o acesso \u00e0s aulas ser\u00e1 feito por meio de um novo portal integrado ao Salvador Digital, plataforma de servi\u00e7os digitais da Prefeitura. A mudan\u00e7a busca facilitar o processo de inscri\u00e7\u00e3o e o acesso da popula\u00e7\u00e3o \u00e0s atividades oferecidas pelo projeto.<\/p>\n<p class=\"wp-block-paragraph\">As unidades disponibilizam gratuitamente equipamentos para exerc\u00edcios de muscula\u00e7\u00e3o e aulas coletivas, sempre com acompanhamento de profissionais de Educa\u00e7\u00e3o F\u00edsica registrados no Conselho Regional de Educa\u00e7\u00e3o F\u00edsica (CREF), al\u00e9m de estagi\u00e1rios da \u00e1rea.<\/p>\n<p class=\"wp-block-paragraph\">As aulas t\u00eam dura\u00e7\u00e3o de 50 minutos e capacidade limitada por turma. Al\u00e9m de estimular a pr\u00e1tica regular de exerc\u00edcios, a iniciativa busca combater o sedentarismo e democratizar o acesso \u00e0 atividade f\u00edsica, oferecendo um servi\u00e7o gratuito e estruturado nos bairros.<\/p>\n<p class=\"wp-block-paragraph\">Para o secret\u00e1rio da Sempre, J\u00fanior Magalh\u00e3es, a atualiza\u00e7\u00e3o do projeto representa mais um passo para ampliar o acesso da popula\u00e7\u00e3o \u00e0 atividade f\u00edsica. \u201cA Academia Salvador \u00e9 um projeto de sucesso porque consegue transformar a rela\u00e7\u00e3o das pessoas com a atividade f\u00edsica. \u00c9 uma pol\u00edtica p\u00fablica que tira a popula\u00e7\u00e3o do sedentarismo, oferece exerc\u00edcio gratuito e de qualidade e, ao mesmo tempo, promove sa\u00fade, bem-estar, sa\u00fade mental e integra\u00e7\u00e3o comunit\u00e1ria. Agora, com a nova identidade visual, o novo sistema de agendamento e a amplia\u00e7\u00e3o da rede, damos mais um passo para modernizar e democratizar esse servi\u00e7o\u201d, destaca o gestor.<\/p>\n<figure class=\"wp-block-image size-full\"><img decoding=\"async\" width=\"1200\" height=\"800\" src=\"http:\/\/noticiasbahia360.com.br\/wp-content\/uploads\/2026\/09\/Academia-Salvador-ao-Ar-Livre-ganha-nova-identidade-e-sistema-de-agendamento-idoso-foto-divulgacao-1.jpeg\" alt=\"Academia Salvador ao Ar Livre ganha nova identidade e sistema de agendamento\" class=\"wp-image-686672\" srcset=\"http:\/\/noticiasbahia360.com.br\/wp-content\/uploads\/2026\/09\/Academia-Salvador-ao-Ar-Livre-ganha-nova-identidade-e-sistema-de-agendamento-idoso-foto-divulgacao-1.jpeg 1200w, https:\/\/uploads.acordacidade.com.br\/2026\/09\/Academia-Salvador-ao-Ar-Livre-ganha-nova-identidade-e-sistema-de-agendamento-idoso-foto-divulgacao-1-750x500.jpeg 750w, https:\/\/uploads.acordacidade.com.br\/2026\/09\/Academia-Salvador-ao-Ar-Livre-ganha-nova-identidade-e-sistema-de-agendamento-idoso-foto-divulgacao-1-1000x667.jpeg 1000w, https:\/\/uploads.acordacidade.com.br\/2026\/09\/Academia-Salvador-ao-Ar-Livre-ganha-nova-identidade-e-sistema-de-agendamento-idoso-foto-divulgacao-1-450x300.jpeg 450w, https:\/\/uploads.acordacidade.com.br\/2026\/09\/Academia-Salvador-ao-Ar-Livre-ganha-nova-identidade-e-sistema-de-agendamento-idoso-foto-divulgacao-1-150x100.jpeg 150w\" sizes=\"(max-width: 1200px) 100vw, 1200px\"><figcaption class=\"wp-element-caption\">Foto: Jefferson Peixoto <\/figcaption><\/figure>\n<p class=\"wp-block-paragraph\">Al\u00e9m dos benef\u00edcios relacionados \u00e0 pr\u00e1tica de exerc\u00edcios, as academias tamb\u00e9m funcionam como espa\u00e7os de conviv\u00eancia. A realiza\u00e7\u00e3o das atividades coletivas favorece a intera\u00e7\u00e3o entre os participantes e a cria\u00e7\u00e3o de v\u00ednculos entre moradores dos bairros.<\/p>\n<p class=\"wp-block-paragraph\">Como participar \u2013\u00a0Para participar das aulas de muscula\u00e7\u00e3o, \u00e9 necess\u00e1rio ter a partir de 15 anos. Durante o cadastro, s\u00e3o solicitadas informa\u00e7\u00f5es pessoais, contato de emerg\u00eancia e respostas a um question\u00e1rio sobre sa\u00fade e pr\u00e1tica de exerc\u00edcios. Os dados s\u00e3o utilizados para a elabora\u00e7\u00e3o da ficha de sa\u00fade do aluno. Menores de 18 anos devem realizar a inscri\u00e7\u00e3o presencialmente, acompanhados de um respons\u00e1vel.<\/p>\n<p class=\"wp-block-paragraph\">Para pessoas com mais de 60 anos, \u00e9 necess\u00e1rio apresentar atestado espec\u00edfico para a pr\u00e1tica de muscula\u00e7\u00e3o. O novo sistema de agendamento ser\u00e1 integrado ao Salvador Digital, facilitando o acesso \u00e0s atividades oferecidas pelas unidades da Academia Salvador ao Ar Livre.<\/p>\n<p class=\"wp-block-paragraph\"><em>Siga o Acorda Cidade no\u00a0<\/em><a href=\"https:\/\/news.google.com\/search?q=acorda%20cidade&amp;hl=pt-BR&amp;gl=BR&amp;ceid=BR%3Apt-419\"><strong><em>Google Not\u00edcias<\/em><\/strong><\/a><em>\u00a0e receba os principais destaques do dia. Participe tamb\u00e9m dos nossos canais no\u00a0<\/em><a href=\"https:\/\/www.whatsapp.com\/channel\/0029Va6Rb4v3WHTNnsh8WI3N\"><strong><em>WhatsApp<\/em><\/strong><\/a><em>\u00a0e\u00a0<\/em><a href=\"https:\/\/www.youtube.com\/@acordacidadenoticias\/videos\"><strong>YouTube<\/strong><\/a><em>\u00a0e do grupo no\u00a0<\/em><a href=\"https:\/\/t.me\/+sSz0khrgARA0ZmRh\"><strong><em>Telegram<\/em><\/strong><\/a><em>.<\/em><a href=\"https:\/\/www.acordacidade.com.br\/colunas\/dilton-e-feito\/\"><\/a><\/p>\n<p class=\"wp-block-paragraph\">\n<\/div>\n","protected":false},"excerpt":{"rendered":"<p>Foto: Jefferson Peixoto A Academia Salvador ao Ar Livre, projeto da Prefeitura de Salvador que<\/p>\n","protected":false},"author":1,"featured_media":148241,"comment_status":"closed","ping_status":"closed","sticky":false,"template":"","format":"gallery","meta":{"footnotes":""},"categories":[8,9,6,57,56,10],"tags":[],"class_list":["post-148240","post","type-post","status-publish","format-gallery","has-post-thumbnail","hentry","category-bahia","category-brasil","category-feira-de-santana","category-mundo","category-policia","category-politica","post_format-post-format-gallery"],"featured_image_urls":{"full":["https:\/\/noticiasbahia360.com.br\/wp-content\/uploads\/2026\/09\/Academia-Salvador-ao-Ar-Livre-ganha-nova-identidade-e-sistema-de-agendamento-idoso-foto-divulgacao-3.jpeg",1200,801,false],"thumbnail":["https:\/\/noticiasbahia360.com.br\/wp-content\/uploads\/2026\/09\/Academia-Salvador-ao-Ar-Livre-ganha-nova-identidade-e-sistema-de-agendamento-idoso-foto-divulgacao-3-150x150.jpeg",150,150,true],"medium":["https:\/\/noticiasbahia360.com.br\/wp-content\/uploads\/2026\/09\/Academia-Salvador-ao-Ar-Livre-ganha-nova-identidade-e-sistema-de-agendamento-idoso-foto-divulgacao-3-300x200.jpeg",300,200,true],"medium_large":["https:\/\/noticiasbahia360.com.br\/wp-content\/uploads\/2026\/09\/Academia-Salvador-ao-Ar-Livre-ganha-nova-identidade-e-sistema-de-agendamento-idoso-foto-divulgacao-3-768x513.jpeg",640,428,true],"large":["https:\/\/noticiasbahia360.com.br\/wp-content\/uploads\/2026\/09\/Academia-Salvador-ao-Ar-Livre-ganha-nova-identidade-e-sistema-de-agendamento-idoso-foto-divulgacao-3-1024x684.jpeg",640,428,true],"1536x1536":["https:\/\/noticiasbahia360.com.br\/wp-content\/uploads\/2026\/09\/Academia-Salvador-ao-Ar-Livre-ganha-nova-identidade-e-sistema-de-agendamento-idoso-foto-divulgacao-3.jpeg",1200,801,false],"2048x2048":["https:\/\/noticiasbahia360.com.br\/wp-content\/uploads\/2026\/09\/Academia-Salvador-ao-Ar-Livre-ganha-nova-identidade-e-sistema-de-agendamento-idoso-foto-divulgacao-3.jpeg",1200,801,false],"chromenews-featured":["https:\/\/noticiasbahia360.com.br\/wp-content\/uploads\/2026\/09\/Academia-Salvador-ao-Ar-Livre-ganha-nova-identidade-e-sistema-de-agendamento-idoso-foto-divulgacao-3-1024x684.jpeg",1024,684,true],"chromenews-large":["https:\/\/noticiasbahia360.com.br\/wp-content\/uploads\/2026\/09\/Academia-Salvador-ao-Ar-Livre-ganha-nova-identidade-e-sistema-de-agendamento-idoso-foto-divulgacao-3-825x575.jpeg",825,575,true],"chromenews-medium":["https:\/\/noticiasbahia360.com.br\/wp-content\/uploads\/2026\/09\/Academia-Salvador-ao-Ar-Livre-ganha-nova-identidade-e-sistema-de-agendamento-idoso-foto-divulgacao-3-590x410.jpeg",590,410,true]},"author_info":{"display_name":"noticiasbahia360.com.br","author_link":"https:\/\/noticiasbahia360.com.br\/?author=1"},"category_info":"<a href=\"https:\/\/noticiasbahia360.com.br\/?cat=8\" rel=\"category\">Bahia<\/a> <a href=\"https:\/\/noticiasbahia360.com.br\/?cat=9\" rel=\"category\">Brasil<\/a> <a href=\"https:\/\/noticiasbahia360.com.br\/?cat=6\" rel=\"category\">Feira de Santana<\/a> <a href=\"https:\/\/noticiasbahia360.com.br\/?cat=57\" rel=\"category\">Mundo<\/a> <a href=\"https:\/\/noticiasbahia360.com.br\/?cat=56\" rel=\"category\">Pol\u00edcia<\/a> <a href=\"https:\/\/noticiasbahia360.com.br\/?cat=10\" rel=\"category\">Pol\u00edtica<\/a>","tag_info":"Pol\u00edtica","comment_count":"0","_links":{"self":[{"href":"https:\/\/noticiasbahia360.com.br\/index.php?rest_route=\/wp\/v2\/posts\/148240","targetHints":{"allow":["GET"]}}],"collection":[{"href":"https:\/\/noticiasbahia360.com.br\/index.php?rest_route=\/wp\/v2\/posts"}],"about":[{"href":"https:\/\/noticiasbahia360.com.br\/index.php?rest_route=\/wp\/v2\/types\/post"}],"author":[{"embeddable":true,"href":"https:\/\/noticiasbahia360.com.br\/index.php?rest_route=\/wp\/v2\/users\/1"}],"replies":[{"embeddable":true,"href":"https:\/\/noticiasbahia360.com.br\/index.php?rest_route=%2Fwp%2Fv2%2Fcomments&post=148240"}],"version-history":[{"count":0,"href":"https:\/\/noticiasbahia360.com.br\/index.php?rest_route=\/wp\/v2\/posts\/148240\/revisions"}],"wp:featuredmedia":[{"embeddable":true,"href":"https:\/\/noticiasbahia360.com.br\/index.php?rest_route=\/wp\/v2\/media\/148241"}],"wp:attachment":[{"href":"https:\/\/noticiasbahia360.com.br\/index.php?rest_route=%2Fwp%2Fv2%2Fmedia&parent=148240"}],"wp:term":[{"taxonomy":"category","embeddable":true,"href":"https:\/\/noticiasbahia360.com.br\/index.php?rest_route=%2Fwp%2Fv2%2Fcategories&post=148240"},{"taxonomy":"post_tag","embeddable":true,"href":"https:\/\/noticiasbahia360.com.br\/index.php?rest_route=%2Fwp%2Fv2%2Ftags&post=148240"}],"curies":[{"name":"wp","href":"https:\/\/api.w.org\/{rel}","templated":true}]}}