{"id":148244,"date":"2026-09-01T08:02:57","date_gmt":"2026-09-01T11:02:57","guid":{"rendered":"https:\/\/noticiasbahia360.com.br\/?p=148244"},"modified":"2026-09-01T08:02:57","modified_gmt":"2026-09-01T11:02:57","slug":"salvador-recebe-festa-em-comemoracao-aos-20-anos-do-album-bday-de-beyonce","status":"publish","type":"post","link":"https:\/\/noticiasbahia360.com.br\/?p=148244","title":{"rendered":"Salvador recebe festa em comemora\u00e7\u00e3o aos 20 anos do \u00e1lbum B\u2019Day de Beyonc\u00e9"},"content":{"rendered":"<div>\n<div>\n<figure><img decoding=\"async\" src=\"http:\/\/noticiasbahia360.com.br\/wp-content\/uploads\/2026\/09\/Salvador-recebe-festa-em-comemoracao-aos-20-anos-do-album-BDay-de-Beyonce-foto-divulgacao-.png\" alt=\"Salvador recebe festa em comemora\u00e7\u00e3o aos 20 anos do \u00e1lbum B'Day de Beyonc\u00e9\"><figcaption>Foto: Reprodu\u00e7\u00e3o \/ Redes Sociais <\/figcaption><\/figure>\n<\/div>\n<p class=\"wp-block-paragraph\">A capital da Bahia foi escolhida para sediar uma festa em comemora\u00e7\u00e3o aos 20 anos do \u00e1lbum B\u2019Day, da cantora Beyonc\u00e9. O an\u00fancio foi feito pelo perfil da Sony Music Brasil no Instagram na segunda-feira (31).<\/p>\n<p class=\"wp-block-paragraph\">Na publica\u00e7\u00e3o, que mostra a \u201cQueen B\u201d dominando um jacar\u00e9, consta que a celebra\u00e7\u00e3o est\u00e1 marcada para o dia 8 de setembro, quatro dias ap\u00f3s o anivers\u00e1rio da artista. Segundo o <a href=\"https:\/\/www.bahianoticias.com.br\/holofote\/noticia\/85482-salvador-sediara-festa-de-20-anos-do-album-bday-de-beyonce\" target=\"_blank\" rel=\"noreferrer noopener\">Bahia Not\u00edcias<\/a>, site parceiro do Acorda Cidade, o evento ter\u00e1 uma audi\u00e7\u00e3o especial do \u00e1lbum, lan\u00e7ado originalmente em 2006 e considerado um dos trabalhos de destaque da carreira de Beyonc\u00e9.<\/p>\n<p class=\"wp-block-paragraph\">Ainda segundo o site parceiro, para participar, os f\u00e3s interessados dever\u00e3o realizar uma inscri\u00e7\u00e3o por meio do link divulgado pela Sony Music Brasil nas redes sociais. Ao todo, 40 pessoas ser\u00e3o selecionadas para receber convites exclusivos para a celebra\u00e7\u00e3o. Cada selecionado ter\u00e1 direito a levar um acompanhante para o evento em Salvador.<\/p>\n<p class=\"wp-block-paragraph\"><em>Siga o Acorda Cidade no\u00a0<\/em><a href=\"https:\/\/news.google.com\/search?q=acorda%20cidade&amp;hl=pt-BR&amp;gl=BR&amp;ceid=BR%3Apt-419\"><strong><em>Google Not\u00edcias<\/em><\/strong><\/a><em>\u00a0e receba os principais destaques do dia. Participe tamb\u00e9m dos nossos canais no\u00a0<\/em><a href=\"https:\/\/www.whatsapp.com\/channel\/0029Va6Rb4v3WHTNnsh8WI3N\"><strong><em>WhatsApp<\/em><\/strong><\/a><em>\u00a0e\u00a0<\/em><a href=\"https:\/\/www.youtube.com\/@acordacidadenoticias\/videos\"><strong>YouTube<\/strong><\/a><em>\u00a0e do grupo no\u00a0<\/em><a href=\"https:\/\/t.me\/+sSz0khrgARA0ZmRh\"><strong><em>Telegram<\/em><\/strong><\/a><em>.<\/em><\/p>\n<\/div>\n","protected":false},"excerpt":{"rendered":"<p>Foto: Reprodu\u00e7\u00e3o \/ Redes Sociais A capital da Bahia foi escolhida para sediar uma festa<\/p>\n","protected":false},"author":1,"featured_media":148245,"comment_status":"closed","ping_status":"closed","sticky":false,"template":"","format":"gallery","meta":{"footnotes":""},"categories":[8,9,6,57,56,10],"tags":[],"class_list":["post-148244","post","type-post","status-publish","format-gallery","has-post-thumbnail","hentry","category-bahia","category-brasil","category-feira-de-santana","category-mundo","category-policia","category-politica","post_format-post-format-gallery"],"featured_image_urls":{"full":["https:\/\/noticiasbahia360.com.br\/wp-content\/uploads\/2026\/09\/Salvador-recebe-festa-em-comemoracao-aos-20-anos-do-album-BDay-de-Beyonce-foto-divulgacao-.png",1200,675,false],"thumbnail":["https:\/\/noticiasbahia360.com.br\/wp-content\/uploads\/2026\/09\/Salvador-recebe-festa-em-comemoracao-aos-20-anos-do-album-BDay-de-Beyonce-foto-divulgacao--150x150.png",150,150,true],"medium":["https:\/\/noticiasbahia360.com.br\/wp-content\/uploads\/2026\/09\/Salvador-recebe-festa-em-comemoracao-aos-20-anos-do-album-BDay-de-Beyonce-foto-divulgacao--300x169.png",300,169,true],"medium_large":["https:\/\/noticiasbahia360.com.br\/wp-content\/uploads\/2026\/09\/Salvador-recebe-festa-em-comemoracao-aos-20-anos-do-album-BDay-de-Beyonce-foto-divulgacao--768x432.png",640,360,true],"large":["https:\/\/noticiasbahia360.com.br\/wp-content\/uploads\/2026\/09\/Salvador-recebe-festa-em-comemoracao-aos-20-anos-do-album-BDay-de-Beyonce-foto-divulgacao--1024x576.png",640,360,true],"1536x1536":["https:\/\/noticiasbahia360.com.br\/wp-content\/uploads\/2026\/09\/Salvador-recebe-festa-em-comemoracao-aos-20-anos-do-album-BDay-de-Beyonce-foto-divulgacao-.png",1200,675,false],"2048x2048":["https:\/\/noticiasbahia360.com.br\/wp-content\/uploads\/2026\/09\/Salvador-recebe-festa-em-comemoracao-aos-20-anos-do-album-BDay-de-Beyonce-foto-divulgacao-.png",1200,675,false],"chromenews-featured":["https:\/\/noticiasbahia360.com.br\/wp-content\/uploads\/2026\/09\/Salvador-recebe-festa-em-comemoracao-aos-20-anos-do-album-BDay-de-Beyonce-foto-divulgacao--1024x576.png",1024,576,true],"chromenews-large":["https:\/\/noticiasbahia360.com.br\/wp-content\/uploads\/2026\/09\/Salvador-recebe-festa-em-comemoracao-aos-20-anos-do-album-BDay-de-Beyonce-foto-divulgacao--825x575.png",825,575,true],"chromenews-medium":["https:\/\/noticiasbahia360.com.br\/wp-content\/uploads\/2026\/09\/Salvador-recebe-festa-em-comemoracao-aos-20-anos-do-album-BDay-de-Beyonce-foto-divulgacao--590x410.png",590,410,true]},"author_info":{"display_name":"noticiasbahia360.com.br","author_link":"https:\/\/noticiasbahia360.com.br\/?author=1"},"category_info":"<a href=\"https:\/\/noticiasbahia360.com.br\/?cat=8\" rel=\"category\">Bahia<\/a> <a href=\"https:\/\/noticiasbahia360.com.br\/?cat=9\" rel=\"category\">Brasil<\/a> <a href=\"https:\/\/noticiasbahia360.com.br\/?cat=6\" rel=\"category\">Feira de Santana<\/a> <a href=\"https:\/\/noticiasbahia360.com.br\/?cat=57\" rel=\"category\">Mundo<\/a> <a href=\"https:\/\/noticiasbahia360.com.br\/?cat=56\" rel=\"category\">Pol\u00edcia<\/a> <a href=\"https:\/\/noticiasbahia360.com.br\/?cat=10\" rel=\"category\">Pol\u00edtica<\/a>","tag_info":"Pol\u00edtica","comment_count":"0","_links":{"self":[{"href":"https:\/\/noticiasbahia360.com.br\/index.php?rest_route=\/wp\/v2\/posts\/148244","targetHints":{"allow":["GET"]}}],"collection":[{"href":"https:\/\/noticiasbahia360.com.br\/index.php?rest_route=\/wp\/v2\/posts"}],"about":[{"href":"https:\/\/noticiasbahia360.com.br\/index.php?rest_route=\/wp\/v2\/types\/post"}],"author":[{"embeddable":true,"href":"https:\/\/noticiasbahia360.com.br\/index.php?rest_route=\/wp\/v2\/users\/1"}],"replies":[{"embeddable":true,"href":"https:\/\/noticiasbahia360.com.br\/index.php?rest_route=%2Fwp%2Fv2%2Fcomments&post=148244"}],"version-history":[{"count":0,"href":"https:\/\/noticiasbahia360.com.br\/index.php?rest_route=\/wp\/v2\/posts\/148244\/revisions"}],"wp:featuredmedia":[{"embeddable":true,"href":"https:\/\/noticiasbahia360.com.br\/index.php?rest_route=\/wp\/v2\/media\/148245"}],"wp:attachment":[{"href":"https:\/\/noticiasbahia360.com.br\/index.php?rest_route=%2Fwp%2Fv2%2Fmedia&parent=148244"}],"wp:term":[{"taxonomy":"category","embeddable":true,"href":"https:\/\/noticiasbahia360.com.br\/index.php?rest_route=%2Fwp%2Fv2%2Fcategories&post=148244"},{"taxonomy":"post_tag","embeddable":true,"href":"https:\/\/noticiasbahia360.com.br\/index.php?rest_route=%2Fwp%2Fv2%2Ftags&post=148244"}],"curies":[{"name":"wp","href":"https:\/\/api.w.org\/{rel}","templated":true}]}}