{"id":148248,"date":"2026-09-01T09:03:12","date_gmt":"2026-09-01T12:03:12","guid":{"rendered":"https:\/\/noticiasbahia360.com.br\/?p=148248"},"modified":"2026-09-01T09:03:12","modified_gmt":"2026-09-01T12:03:12","slug":"bombeiro-civil-fica-ferido-apos-sofrer-acidente-de-transito-no-anel-de-contorno","status":"publish","type":"post","link":"https:\/\/noticiasbahia360.com.br\/?p=148248","title":{"rendered":"Bombeiro civil fica ferido ap\u00f3s sofrer acidente de tr\u00e2nsito no Anel de Contorno"},"content":{"rendered":"<div>\n<div>\n<figure><img decoding=\"async\" src=\"http:\/\/noticiasbahia360.com.br\/wp-content\/uploads\/2026\/09\/Bombeiro-civil-fica-ferido-apos-sofrer-acidente-de-transito-no-Anel-de-Contorno-foto-Ed-Santos-Aocrda-cidade-1.png\" alt=\"Bombeiro civil fica ferido ap\u00f3s sofrer acidente de tr\u00e2nsito no Anel de Contorno\"><figcaption>Foto: Ed Santos \/ Acorda Cidade <\/figcaption><\/figure>\n<\/div>\n<p class=\"wp-block-paragraph\">Um bombeiro civil ficou ferido ap\u00f3s sofrer um acidente de tr\u00e2nsito em Feira de Santana. O homem conduzia uma motocicleta Honda XRE 300 quando se envolveu em uma colis\u00e3o com um carro modelo Ford Ka. O fato ocorreu na manh\u00e3 desta ter\u00e7a-feira (1\u00ba), em um trecho da Avenida Eduardo Fr\u00f3es da Mota, conhecido como Anel de Contorno, no bairro Santa M\u00f4nica.<\/p>\n<figure class=\"wp-block-image size-full\"><img fetchpriority=\"high\" decoding=\"async\" width=\"1200\" height=\"674\" src=\"http:\/\/noticiasbahia360.com.br\/wp-content\/uploads\/2026\/09\/Bombeiro-civil-fica-ferido-apos-sofrer-acidente-de-transito-no-Anel-de-Contorno-foto-Ed-Santos-Aocrda-cidade-2.png\" alt=\"Bombeiro civil fica ferido ap\u00f3s sofrer acidente de tr\u00e2nsito no Anel de Contorno\" class=\"wp-image-686692\" srcset=\"http:\/\/noticiasbahia360.com.br\/wp-content\/uploads\/2026\/09\/Bombeiro-civil-fica-ferido-apos-sofrer-acidente-de-transito-no-Anel-de-Contorno-foto-Ed-Santos-Aocrda-cidade-2.png 1200w, https:\/\/uploads.acordacidade.com.br\/2026\/09\/Bombeiro-civil-fica-ferido-apos-sofrer-acidente-de-transito-no-Anel-de-Contorno-foto-Ed-Santos-Aocrda-cidade-2-750x421.png 750w, https:\/\/uploads.acordacidade.com.br\/2026\/09\/Bombeiro-civil-fica-ferido-apos-sofrer-acidente-de-transito-no-Anel-de-Contorno-foto-Ed-Santos-Aocrda-cidade-2-1000x562.png 1000w, https:\/\/uploads.acordacidade.com.br\/2026\/09\/Bombeiro-civil-fica-ferido-apos-sofrer-acidente-de-transito-no-Anel-de-Contorno-foto-Ed-Santos-Aocrda-cidade-2-450x253.png 450w, https:\/\/uploads.acordacidade.com.br\/2026\/09\/Bombeiro-civil-fica-ferido-apos-sofrer-acidente-de-transito-no-Anel-de-Contorno-foto-Ed-Santos-Aocrda-cidade-2-150x84.png 150w\" sizes=\"(max-width: 1200px) 100vw, 1200px\"><figcaption class=\"wp-element-caption\">Foto: Ed Santos \/ Acorda Cidade <\/figcaption><\/figure>\n<p class=\"wp-block-paragraph\">Segundo informa\u00e7\u00f5es apuradas pela reportagem do Acorda Cidade no local, o Ford Ka sa\u00eda do bairro Santa M\u00f4nica e atravessava a pista para acessar o Anel de Contorno, no sentido Lagoa Grande, quando colidiu com a motocicleta, que seguia pela mesma via.<\/p>\n<p class=\"wp-block-paragraph\">Com o impacto, o motociclista perdeu o controle da moto e caiu na pista. Na sequ\u00eancia, condutor e motocicleta acabaram envolvidos em uma segunda colis\u00e3o com um Hyundai HB20, que seguia no sentido contr\u00e1rio. O motorista do carro ainda tentou frear para evitar atingir o motociclista, mas houve um choque.<\/p>\n<figure class=\"wp-block-image size-full\"><img decoding=\"async\" width=\"1200\" height=\"674\" src=\"http:\/\/noticiasbahia360.com.br\/wp-content\/uploads\/2026\/09\/Bombeiro-civil-fica-ferido-apos-sofrer-acidente-de-transito-no-Anel-de-Contorno-foto-Ed-Santos-Aocrda-cidade-1.jpeg\" alt=\"Bombeiro civil fica ferido ap\u00f3s sofrer acidente de tr\u00e2nsito no Anel de Contorno\" class=\"wp-image-686690\" srcset=\"http:\/\/noticiasbahia360.com.br\/wp-content\/uploads\/2026\/09\/Bombeiro-civil-fica-ferido-apos-sofrer-acidente-de-transito-no-Anel-de-Contorno-foto-Ed-Santos-Aocrda-cidade-1.jpeg 1200w, https:\/\/uploads.acordacidade.com.br\/2026\/09\/Bombeiro-civil-fica-ferido-apos-sofrer-acidente-de-transito-no-Anel-de-Contorno-foto-Ed-Santos-Aocrda-cidade-1-750x421.jpeg 750w, https:\/\/uploads.acordacidade.com.br\/2026\/09\/Bombeiro-civil-fica-ferido-apos-sofrer-acidente-de-transito-no-Anel-de-Contorno-foto-Ed-Santos-Aocrda-cidade-1-1000x562.jpeg 1000w, https:\/\/uploads.acordacidade.com.br\/2026\/09\/Bombeiro-civil-fica-ferido-apos-sofrer-acidente-de-transito-no-Anel-de-Contorno-foto-Ed-Santos-Aocrda-cidade-1-450x253.jpeg 450w, https:\/\/uploads.acordacidade.com.br\/2026\/09\/Bombeiro-civil-fica-ferido-apos-sofrer-acidente-de-transito-no-Anel-de-Contorno-foto-Ed-Santos-Aocrda-cidade-1-150x84.jpeg 150w\" sizes=\"(max-width: 1200px) 100vw, 1200px\"><figcaption class=\"wp-element-caption\">Foto: Ed Santos \/ Acorda Cidade <\/figcaption><\/figure>\n<p class=\"wp-block-paragraph\">Uma equipe do Servi\u00e7o de Atendimento M\u00f3vel de Urg\u00eancia (Samu) foi acionada e prestou os primeiros atendimentos ao bombeiro civil. Conforme informa\u00e7\u00f5es da equipe m\u00e9dica, ele apresentava um ferimento na perna direita e seria submetido a um exame do tipo raio-X para verificar a possibilidade de fratura.<\/p>\n<p class=\"wp-block-paragraph\">A reportagem do Acorda Cidade tamb\u00e9m flagrou a chegada do pai do motociclista ao local do acidente. O homem acompanhou o atendimento ao filho. A pista foi desobstru\u00edda ap\u00f3s a retirada do Ford Ka e do Hyundai HB20.<\/p>\n<figure class=\"wp-block-image size-full\"><img decoding=\"async\" width=\"1200\" height=\"675\" src=\"http:\/\/noticiasbahia360.com.br\/wp-content\/uploads\/2026\/09\/Bombeiro-civil-fica-ferido-apos-sofrer-acidente-de-transito-no-Anel-de-Contorno-foto-Ed-Santos-Aocrda-cidade-2.jpeg\" alt=\"Bombeiro civil fica ferido ap\u00f3s sofrer acidente de tr\u00e2nsito no Anel de Contorno\" class=\"wp-image-686691\" srcset=\"http:\/\/noticiasbahia360.com.br\/wp-content\/uploads\/2026\/09\/Bombeiro-civil-fica-ferido-apos-sofrer-acidente-de-transito-no-Anel-de-Contorno-foto-Ed-Santos-Aocrda-cidade-2.jpeg 1200w, https:\/\/uploads.acordacidade.com.br\/2026\/09\/Bombeiro-civil-fica-ferido-apos-sofrer-acidente-de-transito-no-Anel-de-Contorno-foto-Ed-Santos-Aocrda-cidade-2-750x422.jpeg 750w, https:\/\/uploads.acordacidade.com.br\/2026\/09\/Bombeiro-civil-fica-ferido-apos-sofrer-acidente-de-transito-no-Anel-de-Contorno-foto-Ed-Santos-Aocrda-cidade-2-1000x563.jpeg 1000w, https:\/\/uploads.acordacidade.com.br\/2026\/09\/Bombeiro-civil-fica-ferido-apos-sofrer-acidente-de-transito-no-Anel-de-Contorno-foto-Ed-Santos-Aocrda-cidade-2-450x253.jpeg 450w, https:\/\/uploads.acordacidade.com.br\/2026\/09\/Bombeiro-civil-fica-ferido-apos-sofrer-acidente-de-transito-no-Anel-de-Contorno-foto-Ed-Santos-Aocrda-cidade-2-150x84.jpeg 150w\" sizes=\"(max-width: 1200px) 100vw, 1200px\"><figcaption class=\"wp-element-caption\">Foto: Ed Santos \/ Acorda Cidade <\/figcaption><\/figure>\n<p class=\"wp-block-paragraph\">At\u00e9 o momento da publica\u00e7\u00e3o desta mat\u00e9ria, o nome do motociclista n\u00e3o foi divulgado. Tamb\u00e9m n\u00e3o h\u00e1 outros detalhes sobre a din\u00e2mica do acidente.<\/p>\n<figure class=\"wp-block-image size-full\"><img loading=\"lazy\" decoding=\"async\" width=\"1200\" height=\"674\" src=\"http:\/\/noticiasbahia360.com.br\/wp-content\/uploads\/2026\/09\/Bombeiro-civil-fica-ferido-apos-sofrer-acidente-de-transito-no-Anel-de-Contorno-foto-Ed-Santos-Aocrda-cidade-3.jpeg\" alt=\"Bombeiro civil fica ferido ap\u00f3s sofrer acidente de tr\u00e2nsito no Anel de Contorno\" class=\"wp-image-686693\" srcset=\"http:\/\/noticiasbahia360.com.br\/wp-content\/uploads\/2026\/09\/Bombeiro-civil-fica-ferido-apos-sofrer-acidente-de-transito-no-Anel-de-Contorno-foto-Ed-Santos-Aocrda-cidade-3.jpeg 1200w, https:\/\/uploads.acordacidade.com.br\/2026\/09\/Bombeiro-civil-fica-ferido-apos-sofrer-acidente-de-transito-no-Anel-de-Contorno-foto-Ed-Santos-Aocrda-cidade-3-750x421.jpeg 750w, https:\/\/uploads.acordacidade.com.br\/2026\/09\/Bombeiro-civil-fica-ferido-apos-sofrer-acidente-de-transito-no-Anel-de-Contorno-foto-Ed-Santos-Aocrda-cidade-3-1000x562.jpeg 1000w, https:\/\/uploads.acordacidade.com.br\/2026\/09\/Bombeiro-civil-fica-ferido-apos-sofrer-acidente-de-transito-no-Anel-de-Contorno-foto-Ed-Santos-Aocrda-cidade-3-450x253.jpeg 450w, https:\/\/uploads.acordacidade.com.br\/2026\/09\/Bombeiro-civil-fica-ferido-apos-sofrer-acidente-de-transito-no-Anel-de-Contorno-foto-Ed-Santos-Aocrda-cidade-3-150x84.jpeg 150w\" sizes=\"(max-width: 1200px) 100vw, 1200px\"><figcaption class=\"wp-element-caption\">Foto: Ed Santos \/ Acorda Cidade <\/figcaption><\/figure>\n<p class=\"wp-block-paragraph\"><em>Com informa\u00e7\u00f5es do rep\u00f3rter Ed Santos, do Acorda Cidade.<\/em><\/p>\n<p class=\"wp-block-paragraph\"><em>Siga o Acorda Cidade no\u00a0<\/em><a href=\"https:\/\/news.google.com\/search?q=acorda%20cidade&amp;hl=pt-BR&amp;gl=BR&amp;ceid=BR%3Apt-419\"><strong><em>Google Not\u00edcias<\/em><\/strong><\/a><em>\u00a0e receba os principais destaques do dia. Participe tamb\u00e9m dos nossos canais no\u00a0<\/em><a href=\"https:\/\/www.whatsapp.com\/channel\/0029Va6Rb4v3WHTNnsh8WI3N\"><strong><em>WhatsApp<\/em><\/strong><\/a><em>\u00a0e\u00a0<\/em><a href=\"https:\/\/www.youtube.com\/@acordacidadenoticias\/videos\"><strong>YouTube<\/strong><\/a><em>\u00a0e do grupo no\u00a0<\/em><a href=\"https:\/\/t.me\/+sSz0khrgARA0ZmRh\"><strong><em>Telegram<\/em><\/strong><\/a><em>.<\/em><a href=\"https:\/\/www.acordacidade.com.br\/colunas\/dilton-e-feito\/\"><\/a><\/p>\n<\/div>\n","protected":false},"excerpt":{"rendered":"<p>Foto: Ed Santos \/ Acorda Cidade Um bombeiro civil ficou ferido ap\u00f3s sofrer um acidente<\/p>\n","protected":false},"author":1,"featured_media":148249,"comment_status":"closed","ping_status":"closed","sticky":false,"template":"","format":"gallery","meta":{"footnotes":""},"categories":[8,9,6,57,56,10],"tags":[],"class_list":["post-148248","post","type-post","status-publish","format-gallery","has-post-thumbnail","hentry","category-bahia","category-brasil","category-feira-de-santana","category-mundo","category-policia","category-politica","post_format-post-format-gallery"],"featured_image_urls":{"full":["https:\/\/noticiasbahia360.com.br\/wp-content\/uploads\/2026\/09\/Bombeiro-civil-fica-ferido-apos-sofrer-acidente-de-transito-no-Anel-de-Contorno-foto-Ed-Santos-Aocrda-cidade-1.png",1200,674,false],"thumbnail":["https:\/\/noticiasbahia360.com.br\/wp-content\/uploads\/2026\/09\/Bombeiro-civil-fica-ferido-apos-sofrer-acidente-de-transito-no-Anel-de-Contorno-foto-Ed-Santos-Aocrda-cidade-1-150x150.png",150,150,true],"medium":["https:\/\/noticiasbahia360.com.br\/wp-content\/uploads\/2026\/09\/Bombeiro-civil-fica-ferido-apos-sofrer-acidente-de-transito-no-Anel-de-Contorno-foto-Ed-Santos-Aocrda-cidade-1-300x169.png",300,169,true],"medium_large":["https:\/\/noticiasbahia360.com.br\/wp-content\/uploads\/2026\/09\/Bombeiro-civil-fica-ferido-apos-sofrer-acidente-de-transito-no-Anel-de-Contorno-foto-Ed-Santos-Aocrda-cidade-1-768x431.png",640,359,true],"large":["https:\/\/noticiasbahia360.com.br\/wp-content\/uploads\/2026\/09\/Bombeiro-civil-fica-ferido-apos-sofrer-acidente-de-transito-no-Anel-de-Contorno-foto-Ed-Santos-Aocrda-cidade-1-1024x575.png",640,359,true],"1536x1536":["https:\/\/noticiasbahia360.com.br\/wp-content\/uploads\/2026\/09\/Bombeiro-civil-fica-ferido-apos-sofrer-acidente-de-transito-no-Anel-de-Contorno-foto-Ed-Santos-Aocrda-cidade-1.png",1200,674,false],"2048x2048":["https:\/\/noticiasbahia360.com.br\/wp-content\/uploads\/2026\/09\/Bombeiro-civil-fica-ferido-apos-sofrer-acidente-de-transito-no-Anel-de-Contorno-foto-Ed-Santos-Aocrda-cidade-1.png",1200,674,false],"chromenews-featured":["https:\/\/noticiasbahia360.com.br\/wp-content\/uploads\/2026\/09\/Bombeiro-civil-fica-ferido-apos-sofrer-acidente-de-transito-no-Anel-de-Contorno-foto-Ed-Santos-Aocrda-cidade-1-1024x575.png",1024,575,true],"chromenews-large":["https:\/\/noticiasbahia360.com.br\/wp-content\/uploads\/2026\/09\/Bombeiro-civil-fica-ferido-apos-sofrer-acidente-de-transito-no-Anel-de-Contorno-foto-Ed-Santos-Aocrda-cidade-1-825x575.png",825,575,true],"chromenews-medium":["https:\/\/noticiasbahia360.com.br\/wp-content\/uploads\/2026\/09\/Bombeiro-civil-fica-ferido-apos-sofrer-acidente-de-transito-no-Anel-de-Contorno-foto-Ed-Santos-Aocrda-cidade-1-590x410.png",590,410,true]},"author_info":{"display_name":"noticiasbahia360.com.br","author_link":"https:\/\/noticiasbahia360.com.br\/?author=1"},"category_info":"<a href=\"https:\/\/noticiasbahia360.com.br\/?cat=8\" rel=\"category\">Bahia<\/a> <a href=\"https:\/\/noticiasbahia360.com.br\/?cat=9\" rel=\"category\">Brasil<\/a> <a href=\"https:\/\/noticiasbahia360.com.br\/?cat=6\" rel=\"category\">Feira de Santana<\/a> <a href=\"https:\/\/noticiasbahia360.com.br\/?cat=57\" rel=\"category\">Mundo<\/a> <a href=\"https:\/\/noticiasbahia360.com.br\/?cat=56\" rel=\"category\">Pol\u00edcia<\/a> <a href=\"https:\/\/noticiasbahia360.com.br\/?cat=10\" rel=\"category\">Pol\u00edtica<\/a>","tag_info":"Pol\u00edtica","comment_count":"0","_links":{"self":[{"href":"https:\/\/noticiasbahia360.com.br\/index.php?rest_route=\/wp\/v2\/posts\/148248","targetHints":{"allow":["GET"]}}],"collection":[{"href":"https:\/\/noticiasbahia360.com.br\/index.php?rest_route=\/wp\/v2\/posts"}],"about":[{"href":"https:\/\/noticiasbahia360.com.br\/index.php?rest_route=\/wp\/v2\/types\/post"}],"author":[{"embeddable":true,"href":"https:\/\/noticiasbahia360.com.br\/index.php?rest_route=\/wp\/v2\/users\/1"}],"replies":[{"embeddable":true,"href":"https:\/\/noticiasbahia360.com.br\/index.php?rest_route=%2Fwp%2Fv2%2Fcomments&post=148248"}],"version-history":[{"count":0,"href":"https:\/\/noticiasbahia360.com.br\/index.php?rest_route=\/wp\/v2\/posts\/148248\/revisions"}],"wp:featuredmedia":[{"embeddable":true,"href":"https:\/\/noticiasbahia360.com.br\/index.php?rest_route=\/wp\/v2\/media\/148249"}],"wp:attachment":[{"href":"https:\/\/noticiasbahia360.com.br\/index.php?rest_route=%2Fwp%2Fv2%2Fmedia&parent=148248"}],"wp:term":[{"taxonomy":"category","embeddable":true,"href":"https:\/\/noticiasbahia360.com.br\/index.php?rest_route=%2Fwp%2Fv2%2Fcategories&post=148248"},{"taxonomy":"post_tag","embeddable":true,"href":"https:\/\/noticiasbahia360.com.br\/index.php?rest_route=%2Fwp%2Fv2%2Ftags&post=148248"}],"curies":[{"name":"wp","href":"https:\/\/api.w.org\/{rel}","templated":true}]}}