{"id":148263,"date":"2026-09-01T10:06:20","date_gmt":"2026-09-01T13:06:20","guid":{"rendered":"https:\/\/noticiasbahia360.com.br\/?p=148263"},"modified":"2026-09-01T10:06:20","modified_gmt":"2026-09-01T13:06:20","slug":"sargento-da-pm-e-servidores-de-ciretran-sao-presos-durante-operacao-contra-clonagem-de-veiculos","status":"publish","type":"post","link":"https:\/\/noticiasbahia360.com.br\/?p=148263","title":{"rendered":"Sargento da PM e servidores de Ciretran s\u00e3o presos durante opera\u00e7\u00e3o contra clonagem de ve\u00edculos"},"content":{"rendered":"<div>\n<div>\n<figure><img decoding=\"async\" src=\"http:\/\/noticiasbahia360.com.br\/wp-content\/uploads\/2026\/09\/Operacao-contra-clonagem-de-veiculos.jpg\" alt=\"Opera\u00e7\u00e3o contra clonagem de ve\u00edculos\"><figcaption>Foto: Divulga\u00e7\u00e3o\/ Pol\u00edcia Civil <\/figcaption><\/figure>\n<\/div>\n<p class=\"wp-block-paragraph\">Quatro pessoas foram presas e dez mandados de busca e apreens\u00e3o foram cumpridos nesta ter\u00e7a-feira (1\u00ba), durante a Opera\u00e7\u00e3o Giratina, deflagrada pela <a href=\"https:\/\/www.acordacidade.com.br\/tag\/policia-civil\/\" data-type=\"post_tag\" data-id=\"65445\">Pol\u00edcia Civil<\/a> para desarticular um esquema suspeito de fraudar procedimentos de recadastramento e transfer\u00eancia de ve\u00edculos. <\/p>\n<p class=\"wp-block-paragraph\">Entre os presos est\u00e3o um sargento da Pol\u00edcia Militar, que \u00e0 \u00e9poca dos fatos estava cedido ao Departamento Estadual de Tr\u00e2nsito da Bahia (Detran-BA), e dois servidores comissionados que exerciam fun\u00e7\u00f5es de chefia e dire\u00e7\u00e3o na 25\u00aa Circunscri\u00e7\u00e3o Regional de Tr\u00e2nsito (Ciretran), em Sim\u00f5es Filho. O quarto preso \u00e9 parente de um dos alvos. <\/p>\n<p class=\"wp-block-paragraph\">Durante o cumprimento de um mandado de busca e apreens\u00e3o na resid\u00eancia dele, foi localizada uma arma de fogo irregular, resultando na pris\u00e3o em flagrante. Tr\u00eas pris\u00f5es foram realizadas em Madre de Deus e uma em Sim\u00f5es Filho. Tamb\u00e9m foram cumpridos mandados de busca em Cama\u00e7ari e Lauro de Freitas. <\/p>\n<p class=\"wp-block-paragraph\">No Cear\u00e1, foram cumpridos quatro mandados de busca e apreens\u00e3o em endere\u00e7os relacionados a uma empresa e a pessoas apontadas como envolvidas no esquema. Durante as dilig\u00eancias, foram apreendidos uma pistola, um rev\u00f3lver, aparelhos celulares e documentos que poder\u00e3o contribuir para o avan\u00e7o da apura\u00e7\u00e3o.<\/p>\n<p class=\"wp-block-paragraph\">A apura\u00e7\u00e3o teve in\u00edcio ap\u00f3s comunica\u00e7\u00e3o encaminhada pelo Detran-BA, a partir de procedimentos correcionais realizados na 25\u00aa Ciretran, em Sim\u00f5es Filho. Os levantamentos identificaram ind\u00edcios de clonagem documental de ve\u00edculos, em que autom\u00f3veis de empresas leg\u00edtimas, registrados em estados das regi\u00f5es Sul, Sudeste e Centro-Oeste, eram utilizados como base para a cria\u00e7\u00e3o de registros falsos na Bahia.<\/p>\n<p class=\"wp-block-paragraph\">O esquema envolvia a apresenta\u00e7\u00e3o de documenta\u00e7\u00e3o falsa, a realiza\u00e7\u00e3o ou valida\u00e7\u00e3o de vistorias, a inser\u00e7\u00e3o de dados no sistema Renavam e a emiss\u00e3o dos documentos necess\u00e1rios para formalizar as transfer\u00eancias. A participa\u00e7\u00e3o de servidores do \u00f3rg\u00e3o nas etapas de vistoria, confer\u00eancia documental e emiss\u00e3o dos registros \u00e9 investigada como um dos mecanismos utilizados para conferir apar\u00eancia de legalidade \u00e0s opera\u00e7\u00f5es.<\/p>\n<p class=\"wp-block-paragraph\">Ap\u00f3s a inser\u00e7\u00e3o dos ve\u00edculos no sistema, os bens eram utilizados, em poucos dias, em opera\u00e7\u00f5es de aliena\u00e7\u00e3o fiduci\u00e1ria para empresas sediadas no Cear\u00e1. Segundo os levantamentos, a fraude permitia que institui\u00e7\u00f5es financeiras concedessem cr\u00e9dito tendo como garantia ve\u00edculos documentalmente clonados, que pertenciam, de fato, a pessoas jur\u00eddicas que desconheciam as opera\u00e7\u00f5es.<\/p>\n<p class=\"wp-block-paragraph\">O inqu\u00e9rito apura, ainda, os crimes de inser\u00e7\u00e3o de dados falsos em sistema de informa\u00e7\u00f5es, falsidade ideol\u00f3gica, corrup\u00e7\u00e3o passiva e associa\u00e7\u00e3o criminosa. H\u00e1 tamb\u00e9m ind\u00edcios de outros crimes praticados em diferentes unidades da Federa\u00e7\u00e3o.<\/p>\n<p class=\"wp-block-paragraph\">A a\u00e7\u00e3o da Pol\u00edcia Civil \u00e9 realizada pela Delegacia de Crimes Econ\u00f4micos e Contra a Administra\u00e7\u00e3o P\u00fablica (DECECAP), do Departamento de Repress\u00e3o e Combate \u00e0 Corrup\u00e7\u00e3o, ao Crime Organizado e \u00e0 Lavagem de Dinheiro (DRACO-LD), com apoio do Departamento de Intelig\u00eancia Policial (DIP), da Pol\u00edcia Civil do Estado do Cear\u00e1 e da Pol\u00edcia Militar da Bahia, por meio da Corregedoria.<\/p>\n<p class=\"wp-block-paragraph\"><em>Siga o Acorda Cidade no\u00a0<\/em><a href=\"https:\/\/news.google.com\/search?q=acorda%20cidade&amp;hl=pt-BR&amp;gl=BR&amp;ceid=BR%3Apt-419\"><strong><em>Google Not\u00edcias<\/em><\/strong><\/a><em>\u00a0e receba os principais destaques do dia. Participe tamb\u00e9m dos nossos canais no\u00a0<\/em><a href=\"https:\/\/www.whatsapp.com\/channel\/0029Va6Rb4v3WHTNnsh8WI3N\"><strong><em>WhatsApp<\/em><\/strong><\/a><em>\u00a0e\u00a0<\/em><a href=\"https:\/\/www.youtube.com\/@acordacidadenoticias\/videos\"><strong>YouTube<\/strong><\/a><em>\u00a0e do grupo no\u00a0<\/em><a href=\"https:\/\/t.me\/+sSz0khrgARA0ZmRh\"><strong><em>Telegram<\/em><\/strong><\/a><em>.<\/em><\/p>\n<\/div>\n","protected":false},"excerpt":{"rendered":"<p>Foto: Divulga\u00e7\u00e3o\/ Pol\u00edcia Civil Quatro pessoas foram presas e dez mandados de busca e apreens\u00e3o<\/p>\n","protected":false},"author":1,"featured_media":148264,"comment_status":"closed","ping_status":"closed","sticky":false,"template":"","format":"gallery","meta":{"footnotes":""},"categories":[8,9,6,57,56,10],"tags":[],"class_list":["post-148263","post","type-post","status-publish","format-gallery","has-post-thumbnail","hentry","category-bahia","category-brasil","category-feira-de-santana","category-mundo","category-policia","category-politica","post_format-post-format-gallery"],"featured_image_urls":{"full":["https:\/\/noticiasbahia360.com.br\/wp-content\/uploads\/2026\/09\/Operacao-contra-clonagem-de-veiculos.jpg",1200,900,false],"thumbnail":["https:\/\/noticiasbahia360.com.br\/wp-content\/uploads\/2026\/09\/Operacao-contra-clonagem-de-veiculos-150x150.jpg",150,150,true],"medium":["https:\/\/noticiasbahia360.com.br\/wp-content\/uploads\/2026\/09\/Operacao-contra-clonagem-de-veiculos-300x225.jpg",300,225,true],"medium_large":["https:\/\/noticiasbahia360.com.br\/wp-content\/uploads\/2026\/09\/Operacao-contra-clonagem-de-veiculos-768x576.jpg",640,480,true],"large":["https:\/\/noticiasbahia360.com.br\/wp-content\/uploads\/2026\/09\/Operacao-contra-clonagem-de-veiculos-1024x768.jpg",640,480,true],"1536x1536":["https:\/\/noticiasbahia360.com.br\/wp-content\/uploads\/2026\/09\/Operacao-contra-clonagem-de-veiculos.jpg",1200,900,false],"2048x2048":["https:\/\/noticiasbahia360.com.br\/wp-content\/uploads\/2026\/09\/Operacao-contra-clonagem-de-veiculos.jpg",1200,900,false],"chromenews-featured":["https:\/\/noticiasbahia360.com.br\/wp-content\/uploads\/2026\/09\/Operacao-contra-clonagem-de-veiculos-1024x768.jpg",1024,768,true],"chromenews-large":["https:\/\/noticiasbahia360.com.br\/wp-content\/uploads\/2026\/09\/Operacao-contra-clonagem-de-veiculos-825x575.jpg",825,575,true],"chromenews-medium":["https:\/\/noticiasbahia360.com.br\/wp-content\/uploads\/2026\/09\/Operacao-contra-clonagem-de-veiculos-590x410.jpg",590,410,true]},"author_info":{"display_name":"noticiasbahia360.com.br","author_link":"https:\/\/noticiasbahia360.com.br\/?author=1"},"category_info":"<a href=\"https:\/\/noticiasbahia360.com.br\/?cat=8\" rel=\"category\">Bahia<\/a> <a href=\"https:\/\/noticiasbahia360.com.br\/?cat=9\" rel=\"category\">Brasil<\/a> <a href=\"https:\/\/noticiasbahia360.com.br\/?cat=6\" rel=\"category\">Feira de Santana<\/a> <a href=\"https:\/\/noticiasbahia360.com.br\/?cat=57\" rel=\"category\">Mundo<\/a> <a href=\"https:\/\/noticiasbahia360.com.br\/?cat=56\" rel=\"category\">Pol\u00edcia<\/a> <a href=\"https:\/\/noticiasbahia360.com.br\/?cat=10\" rel=\"category\">Pol\u00edtica<\/a>","tag_info":"Pol\u00edtica","comment_count":"0","_links":{"self":[{"href":"https:\/\/noticiasbahia360.com.br\/index.php?rest_route=\/wp\/v2\/posts\/148263","targetHints":{"allow":["GET"]}}],"collection":[{"href":"https:\/\/noticiasbahia360.com.br\/index.php?rest_route=\/wp\/v2\/posts"}],"about":[{"href":"https:\/\/noticiasbahia360.com.br\/index.php?rest_route=\/wp\/v2\/types\/post"}],"author":[{"embeddable":true,"href":"https:\/\/noticiasbahia360.com.br\/index.php?rest_route=\/wp\/v2\/users\/1"}],"replies":[{"embeddable":true,"href":"https:\/\/noticiasbahia360.com.br\/index.php?rest_route=%2Fwp%2Fv2%2Fcomments&post=148263"}],"version-history":[{"count":0,"href":"https:\/\/noticiasbahia360.com.br\/index.php?rest_route=\/wp\/v2\/posts\/148263\/revisions"}],"wp:featuredmedia":[{"embeddable":true,"href":"https:\/\/noticiasbahia360.com.br\/index.php?rest_route=\/wp\/v2\/media\/148264"}],"wp:attachment":[{"href":"https:\/\/noticiasbahia360.com.br\/index.php?rest_route=%2Fwp%2Fv2%2Fmedia&parent=148263"}],"wp:term":[{"taxonomy":"category","embeddable":true,"href":"https:\/\/noticiasbahia360.com.br\/index.php?rest_route=%2Fwp%2Fv2%2Fcategories&post=148263"},{"taxonomy":"post_tag","embeddable":true,"href":"https:\/\/noticiasbahia360.com.br\/index.php?rest_route=%2Fwp%2Fv2%2Ftags&post=148263"}],"curies":[{"name":"wp","href":"https:\/\/api.w.org\/{rel}","templated":true}]}}