{"id":148265,"date":"2026-09-01T10:06:21","date_gmt":"2026-09-01T13:06:21","guid":{"rendered":"https:\/\/noticiasbahia360.com.br\/?p=148265"},"modified":"2026-09-01T10:06:21","modified_gmt":"2026-09-01T13:06:21","slug":"micro-e-pequenas-empresas-tem-ate-30-de-setembro-para-solicitar-opcao-pelo-simples-nacional","status":"publish","type":"post","link":"https:\/\/noticiasbahia360.com.br\/?p=148265","title":{"rendered":"Micro e pequenas empresas t\u00eam at\u00e9 30 de setembro para solicitar op\u00e7\u00e3o pelo Simples Nacional"},"content":{"rendered":"<div>\n<div>\n<figure><img decoding=\"async\" src=\"http:\/\/noticiasbahia360.com.br\/wp-content\/uploads\/2026\/09\/Micro-e-pequenas-empresas-Foto-Fernando-Frazao-Agencia-Brasil.jpg\" alt=\"Micro e pequenas empresas\"><figcaption>Foto: Fernando Fraz\u00e3o\/ Ag\u00eancia Brasil<\/figcaption><\/figure>\n<\/div>\n<p class=\"wp-block-paragraph\">Ag\u00eancia Brasil \u2014 As micro e pequenas empresas devem estar atentas.\u00a0<strong>Come\u00e7a nesta ter\u00e7a-feira (1\u00ba) o prazo de ades\u00e3o ao Simples Nacional<\/strong>, regime simplificado de tributa\u00e7\u00e3o para quem fatura at\u00e9 R$ 4,8 milh\u00f5es por ano.<img decoding=\"async\" src=\"https:\/\/agenciabrasil.ebc.com.br\/ebc.png?id=1700968&amp;o=node\"><img decoding=\"async\" src=\"https:\/\/agenciabrasil.ebc.com.br\/ebc.gif?id=1700968&amp;o=node\"><\/p>\n<p class=\"wp-block-paragraph\"><strong>Por causa da reforma tribut\u00e1ria, o Comit\u00ea Gestor do Simples Nacional (CGSN) antecipou a escolha de regime tribut\u00e1rio em quatro meses<\/strong>. As empresas que desejarem ingressar no regime em 2027 dever\u00e3o fazer o pedido de 1\u00ba a 30 de setembro de 2026. At\u00e9 ent\u00e3o, a op\u00e7\u00e3o pelo Simples era realizada em janeiro de cada ano.\u00a0<\/p>\n<p class=\"wp-block-paragraph\">A altera\u00e7\u00e3o foi regulamentada pela\u00a0<a href=\"https:\/\/normasinternet2.receita.fazenda.gov.br\/#\/consulta\/externa\/150653\" target=\"_blank\" rel=\"noreferrer noopener\">Resolu\u00e7\u00e3o\u00a0CGSN\u00a0n\u00ba 186, de 9 de abril de 2026<\/a>. As normas incorporaram ao regime simplificado o Imposto sobre Bens e Servi\u00e7os (IBS) e a Contribui\u00e7\u00e3o sobre Bens e Servi\u00e7os (CBS), tributos criados pela reforma tribut\u00e1ria sobre o consumo.<\/p>\n<p class=\"wp-block-paragraph\">A nova regra vale para empresas que ainda n\u00e3o s\u00e3o optantes pelo Simples Nacional e querem utilizar o regime a partir de janeiro de 2027.<\/p>\n<h2 id=\"h-principais-prazos\" class=\"wp-block-heading\">Principais prazos<\/h2>\n<ul class=\"wp-block-list\">\n<li><strong>1\u00ba a 30 de setembro de 2026:<\/strong>\u00a0per\u00edodo para solicitar a op\u00e7\u00e3o pelo Simples Nacional para 2027;<\/li>\n<li><strong>1\u00ba de janeiro de 2027:<\/strong>\u00a0in\u00edcio dos efeitos da op\u00e7\u00e3o;<\/li>\n<li><strong>at\u00e9 30 de novembro de 2026:<\/strong>\u00a0prazo para desistir da op\u00e7\u00e3o feita em setembro;<\/li>\n<li><strong>1\u00ba a 31 de mar\u00e7o de 2027:\u00a0<\/strong>nova oportunidade para escolher o recolhimento do IBS e da CBS pelo regime regular, com efeitos no segundo semestre.<\/li>\n<\/ul>\n<p class=\"wp-block-paragraph\">Criada por causa da transi\u00e7\u00e3o para o novo sistema tribut\u00e1rio, a altera\u00e7\u00e3o busca dar mais previsibilidade \u00e0s empresas antes do in\u00edcio do ano-calend\u00e1rio.<\/p>\n<h2 id=\"h-ibs-e-cbs\" class=\"wp-block-heading\">IBS e CBS<\/h2>\n<p class=\"wp-block-paragraph\">Outra mudan\u00e7a envolve a forma de recolhimento do IBS e da CBS. A empresa poder\u00e1 permanecer no Simples Nacional e, simultaneamente, optar pelo recolhimento desses dois tributos pelo regime regular.<\/p>\n<p class=\"wp-block-paragraph\">Para o primeiro semestre de 2027, a escolha dever\u00e1 ser feita em setembro de 2026 e ter\u00e1 validade de janeiro a junho.<\/p>\n<p class=\"wp-block-paragraph\"><strong>Quem n\u00e3o fizer a op\u00e7\u00e3o pelo regime regular nesse per\u00edodo permanecer\u00e1, no primeiro semestre, com IBS e CBS dentro da sistem\u00e1tica do Simples.<\/strong><\/p>\n<p class=\"wp-block-paragraph\">A decis\u00e3o poder\u00e1 ser revista em mar\u00e7o de 2027, com efeitos para o segundo semestre.<\/p>\n<p class=\"wp-block-paragraph\">A escolha pode ter impacto especialmente para empresas que vendem para outras empresas, devido \u00e0 possibilidade de gera\u00e7\u00e3o e aproveitamento de cr\u00e9ditos tribut\u00e1rios.<\/p>\n<p class=\"wp-block-paragraph\">Por isso,\u00a0<strong>a avalia\u00e7\u00e3o do regime n\u00e3o deve considerar apenas a al\u00edquota<\/strong>. Tamb\u00e9m entram na an\u00e1lise fatores como:<\/p>\n<ul class=\"wp-block-list\">\n<li>perfil dos clientes;<\/li>\n<li>cadeia de fornecedores;<\/li>\n<li>possibilidade de gera\u00e7\u00e3o e aproveitamento de cr\u00e9ditos;<\/li>\n<li>forma\u00e7\u00e3o de pre\u00e7os;<\/li>\n<li>impacto dos novos tributos no fluxo financeiro.<\/li>\n<\/ul>\n<h2 id=\"h-empresas-ja-optantes\" class=\"wp-block-heading\">Empresas j\u00e1 optantes<\/h2>\n<p class=\"wp-block-paragraph\">Quem j\u00e1 est\u00e1 no Simples Nacional, em regra, n\u00e3o precisa solicitar novamente a perman\u00eancia no regime.<\/p>\n<p class=\"wp-block-paragraph\">Ainda assim,\u00a0<strong>\u00e9 recomendado verificar a situa\u00e7\u00e3o fiscal da empresa durante setembro de 2026 para identificar eventuais pend\u00eancias ou exclus\u00f5es para 2027<\/strong>.<\/p>\n<p class=\"wp-block-paragraph\">As empresas que permanecerem no Simples e n\u00e3o quiserem recolher IBS e CBS pelo regime regular n\u00e3o precisar\u00e3o fazer uma nova op\u00e7\u00e3o.<\/p>\n<p class=\"wp-block-paragraph\">Quem quiser retirar esses dois tributos da sistem\u00e1tica do Simples dever\u00e1 formalizar a escolha dentro do prazo estabelecido.<\/p>\n<h2 id=\"h-abertura-no-fim-do-ano\" class=\"wp-block-heading\">Abertura no fim do ano<\/h2>\n<p class=\"wp-block-paragraph\">As empresas abertas entre 1\u00ba de outubro e 31 de dezembro de 2026 ter\u00e3o uma regra espec\u00edfica.<\/p>\n<p class=\"wp-block-paragraph\">Nesse caso, a op\u00e7\u00e3o pelo Simples Nacional feita no momento da inscri\u00e7\u00e3o do CNPJ produzir\u00e1 efeitos tanto para o per\u00edodo restante de 2026 quanto para todo o ano de 2027.<\/p>\n<p class=\"wp-block-paragraph\">A escolha relacionada ao IBS e \u00e0 CBS pelo regime regular tamb\u00e9m poder\u00e1 ser feita na abertura da empresa, com efeitos a partir de janeiro de 2027.<\/p>\n<p class=\"wp-block-paragraph\">Se o empres\u00e1rio n\u00e3o quiser permanecer no Simples em 2027, poder\u00e1 solicitar a exclus\u00e3o por op\u00e7\u00e3o at\u00e9 o \u00faltimo dia de 2026.<\/p>\n<h2 id=\"h-prazo-para-desistir\" class=\"wp-block-heading\">Prazo para desistir<\/h2>\n<p class=\"wp-block-paragraph\">A antecipa\u00e7\u00e3o da op\u00e7\u00e3o tamb\u00e9m criou uma possibilidade de desist\u00eancia.<\/p>\n<p class=\"wp-block-paragraph\"><strong>Quem fizer o pedido em setembro poder\u00e1 cancelar a solicita\u00e7\u00e3o at\u00e9 30 de novembro de 2026<\/strong>.<\/p>\n<p class=\"wp-block-paragraph\">O cancelamento, por\u00e9m, ser\u00e1 irretrat\u00e1vel. Isso significa que, depois de desistir, a empresa n\u00e3o poder\u00e1 fazer uma nova op\u00e7\u00e3o para produzir efeitos em 2027.<\/p>\n<p class=\"wp-block-paragraph\">A antecipa\u00e7\u00e3o tamb\u00e9m permite que eventuais pend\u00eancias sejam identificadas antes do in\u00edcio do ano. Em caso de indeferimento por problemas que possam ser regularizados, a empresa ter\u00e1 prazo para corrigir a situa\u00e7\u00e3o.<\/p>\n<h2 id=\"h-regra-do-mei\" class=\"wp-block-heading\">Regra do MEI<\/h2>\n<p class=\"wp-block-paragraph\">A mudan\u00e7a n\u00e3o altera o calend\u00e1rio de op\u00e7\u00e3o pelo Simei, sistema aplic\u00e1vel ao microempreendedor individual (MEI).<\/p>\n<p class=\"wp-block-paragraph\">Para o MEI, a op\u00e7\u00e3o pelo Simei continua sendo realizada em janeiro de cada ano, at\u00e9 o \u00faltimo dia \u00fatil do m\u00eas.<\/p>\n<p class=\"wp-block-paragraph\">Dessa forma,\u00a0<strong>a antecipa\u00e7\u00e3o para setembro n\u00e3o deve ser confundida com as regras espec\u00edficas aplic\u00e1veis aos microempreendedores individuais<\/strong>.<\/p>\n<h2 id=\"h-nfs-e-nacional\" class=\"wp-block-heading\">NFS-e nacional<\/h2>\n<p class=\"wp-block-paragraph\">Outra mudan\u00e7a anunciada pelo CGSN envolve a emiss\u00e3o da Nota Fiscal de Servi\u00e7o eletr\u00f4nica (NFS-e) no emissor nacional.<\/p>\n<p class=\"wp-block-paragraph\"><strong>A obrigatoriedade para empresas optantes pelo Simples Nacional foi adiada de 1\u00ba de setembro para 1\u00ba de novembro de 2026<\/strong>.<\/p>\n<p class=\"wp-block-paragraph\">O adiamento busca dar mais tempo para munic\u00edpios e empresas realizarem adapta\u00e7\u00f5es tecnol\u00f3gicas e operacionais.<\/p>\n<p class=\"wp-block-paragraph\"><strong>Entre as provid\u00eancias recomendadas est\u00e3o<\/strong>:<\/p>\n<ul class=\"wp-block-list\">\n<li>testar a emiss\u00e3o das notas;<\/li>\n<li>verificar a integra\u00e7\u00e3o com sistemas de gest\u00e3o;<\/li>\n<li>conferir a parametriza\u00e7\u00e3o dos dados fiscais;<\/li>\n<li>preparar os procedimentos internos antes do in\u00edcio da obrigatoriedade.<\/li>\n<\/ul>\n<h2 id=\"h-informacoes-socioeconomicas\" class=\"wp-block-heading\">Informa\u00e7\u00f5es socioecon\u00f4micas<\/h2>\n<p class=\"wp-block-paragraph\">A regulamenta\u00e7\u00e3o tamb\u00e9m altera a forma de presta\u00e7\u00e3o de informa\u00e7\u00f5es fiscais e socioecon\u00f4micas.<\/p>\n<p class=\"wp-block-paragraph\">A Declara\u00e7\u00e3o de Informa\u00e7\u00f5es Socioecon\u00f4micas e Fiscais (Defis) deixar\u00e1 de ser apresentada como declara\u00e7\u00e3o separada. As informa\u00e7\u00f5es passar\u00e3o a ser incorporadas ao Programa Gerador do Documento de Arrecada\u00e7\u00e3o do Simples Nacional \u2013 Declarat\u00f3rio (PGDAS-D), com entrega anual de janeiro a mar\u00e7o.<\/p>\n<p class=\"wp-block-paragraph\">A mudan\u00e7a faz parte da adapta\u00e7\u00e3o do Simples Nacional ao novo modelo tribut\u00e1rio.<\/p>\n<h2 id=\"h-planejamento-para-2027\" class=\"wp-block-heading\">Planejamento para 2027<\/h2>\n<p class=\"wp-block-paragraph\">Com setembro concentrando decis\u00f5es relevantes para o pr\u00f3ximo ano,\u00a0<strong>especialistas recomendam que empresas e contadores antecipem a an\u00e1lise tribut\u00e1ria<\/strong>.<\/p>\n<p class=\"wp-block-paragraph\">A escolha entre manter IBS e CBS no Simples ou recolh\u00ea-los pelo regime regular pode produzir efeitos diferentes dependendo do setor, dos fornecedores e do perfil dos clientes.<\/p>\n<p class=\"wp-block-paragraph\">Por isso, antes de formalizar a op\u00e7\u00e3o, a recomenda\u00e7\u00e3o \u00e9 que a micro e pequena empresa simule os dois cen\u00e1rios, al\u00e9m de revisar os sistemas, a emiss\u00e3o de notas fiscais e planejar o caixa para 2027.<\/p>\n<p class=\"wp-block-paragraph\"><em>Siga o Acorda Cidade no\u00a0<\/em><a href=\"https:\/\/news.google.com\/search?q=acorda%20cidade&amp;hl=pt-BR&amp;gl=BR&amp;ceid=BR%3Apt-419\"><strong><em>Google Not\u00edcias<\/em><\/strong><\/a><em>\u00a0e receba os principais destaques do dia. Participe tamb\u00e9m dos nossos canais no\u00a0<\/em><a href=\"https:\/\/www.whatsapp.com\/channel\/0029Va6Rb4v3WHTNnsh8WI3N\"><strong><em>WhatsApp<\/em><\/strong><\/a><em>\u00a0e\u00a0<\/em><a href=\"https:\/\/www.youtube.com\/@acordacidadenoticias\/videos\"><strong>YouTube<\/strong><\/a><em>\u00a0e do grupo no\u00a0<\/em><a href=\"https:\/\/t.me\/+sSz0khrgARA0ZmRh\"><strong><em>Telegram<\/em><\/strong><\/a><em>.<\/em><\/p>\n<\/div>\n","protected":false},"excerpt":{"rendered":"<p>Foto: Fernando Fraz\u00e3o\/ Ag\u00eancia Brasil Ag\u00eancia Brasil \u2014 As micro e pequenas empresas devem estar<\/p>\n","protected":false},"author":1,"featured_media":148266,"comment_status":"closed","ping_status":"closed","sticky":false,"template":"","format":"gallery","meta":{"footnotes":""},"categories":[8,9,6,57,56,10],"tags":[],"class_list":["post-148265","post","type-post","status-publish","format-gallery","has-post-thumbnail","hentry","category-bahia","category-brasil","category-feira-de-santana","category-mundo","category-policia","category-politica","post_format-post-format-gallery"],"featured_image_urls":{"full":["https:\/\/noticiasbahia360.com.br\/wp-content\/uploads\/2026\/09\/Micro-e-pequenas-empresas-Foto-Fernando-Frazao-Agencia-Brasil.jpg",1200,718,false],"thumbnail":["https:\/\/noticiasbahia360.com.br\/wp-content\/uploads\/2026\/09\/Micro-e-pequenas-empresas-Foto-Fernando-Frazao-Agencia-Brasil-150x150.jpg",150,150,true],"medium":["https:\/\/noticiasbahia360.com.br\/wp-content\/uploads\/2026\/09\/Micro-e-pequenas-empresas-Foto-Fernando-Frazao-Agencia-Brasil-300x180.jpg",300,180,true],"medium_large":["https:\/\/noticiasbahia360.com.br\/wp-content\/uploads\/2026\/09\/Micro-e-pequenas-empresas-Foto-Fernando-Frazao-Agencia-Brasil-768x460.jpg",640,383,true],"large":["https:\/\/noticiasbahia360.com.br\/wp-content\/uploads\/2026\/09\/Micro-e-pequenas-empresas-Foto-Fernando-Frazao-Agencia-Brasil-1024x613.jpg",640,383,true],"1536x1536":["https:\/\/noticiasbahia360.com.br\/wp-content\/uploads\/2026\/09\/Micro-e-pequenas-empresas-Foto-Fernando-Frazao-Agencia-Brasil.jpg",1200,718,false],"2048x2048":["https:\/\/noticiasbahia360.com.br\/wp-content\/uploads\/2026\/09\/Micro-e-pequenas-empresas-Foto-Fernando-Frazao-Agencia-Brasil.jpg",1200,718,false],"chromenews-featured":["https:\/\/noticiasbahia360.com.br\/wp-content\/uploads\/2026\/09\/Micro-e-pequenas-empresas-Foto-Fernando-Frazao-Agencia-Brasil-1024x613.jpg",1024,613,true],"chromenews-large":["https:\/\/noticiasbahia360.com.br\/wp-content\/uploads\/2026\/09\/Micro-e-pequenas-empresas-Foto-Fernando-Frazao-Agencia-Brasil-825x575.jpg",825,575,true],"chromenews-medium":["https:\/\/noticiasbahia360.com.br\/wp-content\/uploads\/2026\/09\/Micro-e-pequenas-empresas-Foto-Fernando-Frazao-Agencia-Brasil-590x410.jpg",590,410,true]},"author_info":{"display_name":"noticiasbahia360.com.br","author_link":"https:\/\/noticiasbahia360.com.br\/?author=1"},"category_info":"<a href=\"https:\/\/noticiasbahia360.com.br\/?cat=8\" rel=\"category\">Bahia<\/a> <a href=\"https:\/\/noticiasbahia360.com.br\/?cat=9\" rel=\"category\">Brasil<\/a> <a href=\"https:\/\/noticiasbahia360.com.br\/?cat=6\" rel=\"category\">Feira de Santana<\/a> <a href=\"https:\/\/noticiasbahia360.com.br\/?cat=57\" rel=\"category\">Mundo<\/a> <a href=\"https:\/\/noticiasbahia360.com.br\/?cat=56\" rel=\"category\">Pol\u00edcia<\/a> <a href=\"https:\/\/noticiasbahia360.com.br\/?cat=10\" rel=\"category\">Pol\u00edtica<\/a>","tag_info":"Pol\u00edtica","comment_count":"0","_links":{"self":[{"href":"https:\/\/noticiasbahia360.com.br\/index.php?rest_route=\/wp\/v2\/posts\/148265","targetHints":{"allow":["GET"]}}],"collection":[{"href":"https:\/\/noticiasbahia360.com.br\/index.php?rest_route=\/wp\/v2\/posts"}],"about":[{"href":"https:\/\/noticiasbahia360.com.br\/index.php?rest_route=\/wp\/v2\/types\/post"}],"author":[{"embeddable":true,"href":"https:\/\/noticiasbahia360.com.br\/index.php?rest_route=\/wp\/v2\/users\/1"}],"replies":[{"embeddable":true,"href":"https:\/\/noticiasbahia360.com.br\/index.php?rest_route=%2Fwp%2Fv2%2Fcomments&post=148265"}],"version-history":[{"count":0,"href":"https:\/\/noticiasbahia360.com.br\/index.php?rest_route=\/wp\/v2\/posts\/148265\/revisions"}],"wp:featuredmedia":[{"embeddable":true,"href":"https:\/\/noticiasbahia360.com.br\/index.php?rest_route=\/wp\/v2\/media\/148266"}],"wp:attachment":[{"href":"https:\/\/noticiasbahia360.com.br\/index.php?rest_route=%2Fwp%2Fv2%2Fmedia&parent=148265"}],"wp:term":[{"taxonomy":"category","embeddable":true,"href":"https:\/\/noticiasbahia360.com.br\/index.php?rest_route=%2Fwp%2Fv2%2Fcategories&post=148265"},{"taxonomy":"post_tag","embeddable":true,"href":"https:\/\/noticiasbahia360.com.br\/index.php?rest_route=%2Fwp%2Fv2%2Ftags&post=148265"}],"curies":[{"name":"wp","href":"https:\/\/api.w.org\/{rel}","templated":true}]}}