{"id":148271,"date":"2026-09-01T10:06:24","date_gmt":"2026-09-01T13:06:24","guid":{"rendered":"https:\/\/noticiasbahia360.com.br\/?p=148271"},"modified":"2026-09-01T10:06:24","modified_gmt":"2026-09-01T13:06:24","slug":"ex-pm-e-alvo-de-operacao-por-suspeita-de-fraude-para-conseguir-arma-de-uso-restrito","status":"publish","type":"post","link":"https:\/\/noticiasbahia360.com.br\/?p=148271","title":{"rendered":"Ex-PM \u00e9 alvo de opera\u00e7\u00e3o por suspeita de fraude para conseguir arma de uso restrito"},"content":{"rendered":"<div>\n<div>\n<figure><img decoding=\"async\" src=\"http:\/\/noticiasbahia360.com.br\/wp-content\/uploads\/2026\/09\/PMs-investigados-por-homicidios-sao-alvos-de-operacao-do-Ministerio-Publico-Foto-SSP-e-MP-2.jpg\" alt=\"PMs investigados por homic\u00eddios s\u00e3o alvos de opera\u00e7\u00e3o do Minist\u00e9rio P\u00fablico\"><figcaption>Foto: SSP e MP<\/figcaption><\/figure>\n<\/div>\n<p class=\"wp-block-paragraph\">Uma opera\u00e7\u00e3o conjunta da Pol\u00edcia Federal (PF) e da Seguran\u00e7a P\u00fablica da Bahia (SSP-BA), denominada como Guardi\u00f5es de Fogo, foi deflagrada nesta ter\u00e7a-feira (1\u00ba) na Bahia. O foco \u00e9 investigar um ex-<a href=\"https:\/\/www.acordacidade.com.br\/tag\/policial-militar\/\" data-type=\"post_tag\" data-id=\"36635\">policial militar<\/a> que teria burlado o sistema de registro de Colecionador, Atirador Desportivo e Ca\u00e7ador (CAC) para ficar com uma arma de uso restrito de forma ilegal.<\/p>\n<p class=\"wp-block-paragraph\">Em Salvador est\u00e1 sendo cumprido um mandado de busca e apreens\u00e3o. De acordo com o <a href=\"https:\/\/www.bahianoticias.com.br\/noticia\/320592-pf-e-ssp-ba-deflagram-operacao-contra-ex-policial-por-fraude-em-registro-de-cac\" data-type=\"link\" data-id=\"https:\/\/www.bahianoticias.com.br\/noticia\/320592-pf-e-ssp-ba-deflagram-operacao-contra-ex-policial-por-fraude-em-registro-de-cac\">Bahia Not\u00edcias<\/a>, site parceiro do Acorda Cidade, o investigado est\u00e1 preso no Complexo Penal de Juazeiro e, segundo a apura\u00e7\u00e3o, teria conseguido o Certificado de Registro (CR) de CAC sem cumprir a exig\u00eancia legal de idoneidade.<\/p>\n<p class=\"wp-block-paragraph\">As equipes investigam a suspeita de que o processo teve dados escondidos e uso de documenta\u00e7\u00e3o irregular, o que teria garantido a concess\u00e3o do CR. O trabalho segue em andamento para identificar se mais envolvidos ajudaram na fraude.<\/p>\n<p class=\"wp-block-paragraph\">Caso seja condenado por todos os crimes atribu\u00eddos a ele, as penas somadas podem passar de 10 anos de pris\u00e3o.<\/p>\n<p class=\"wp-block-paragraph\"><em>Siga o Acorda Cidade no\u00a0<\/em><a href=\"https:\/\/news.google.com\/search?q=acorda%20cidade&amp;hl=pt-BR&amp;gl=BR&amp;ceid=BR%3Apt-419\"><strong><em>Google Not\u00edcias<\/em><\/strong><\/a><em>\u00a0e receba os principais destaques do dia. Participe tamb\u00e9m dos nossos canais no\u00a0<\/em><a href=\"https:\/\/www.whatsapp.com\/channel\/0029Va6Rb4v3WHTNnsh8WI3N\"><strong><em>WhatsApp<\/em><\/strong><\/a><em>\u00a0e\u00a0<\/em><a href=\"https:\/\/www.youtube.com\/@acordacidadenoticias\/videos\"><strong>YouTube<\/strong><\/a><em>\u00a0e do grupo no\u00a0<\/em><a href=\"https:\/\/t.me\/+sSz0khrgARA0ZmRh\"><strong><em>Telegram<\/em><\/strong><\/a><em>.<\/em><a href=\"https:\/\/www.acordacidade.com.br\/colunas\/dilton-e-feito\/\"><\/a><\/p>\n<\/div>\n","protected":false},"excerpt":{"rendered":"<p>Foto: SSP e MP Uma opera\u00e7\u00e3o conjunta da Pol\u00edcia Federal (PF) e da Seguran\u00e7a P\u00fablica<\/p>\n","protected":false},"author":1,"featured_media":148272,"comment_status":"closed","ping_status":"closed","sticky":false,"template":"","format":"gallery","meta":{"footnotes":""},"categories":[8,9,6,57,56,10],"tags":[],"class_list":["post-148271","post","type-post","status-publish","format-gallery","has-post-thumbnail","hentry","category-bahia","category-brasil","category-feira-de-santana","category-mundo","category-policia","category-politica","post_format-post-format-gallery"],"featured_image_urls":{"full":["https:\/\/noticiasbahia360.com.br\/wp-content\/uploads\/2026\/09\/PMs-investigados-por-homicidios-sao-alvos-de-operacao-do-Ministerio-Publico-Foto-SSP-e-MP-2.jpg",1200,739,false],"thumbnail":["https:\/\/noticiasbahia360.com.br\/wp-content\/uploads\/2026\/09\/PMs-investigados-por-homicidios-sao-alvos-de-operacao-do-Ministerio-Publico-Foto-SSP-e-MP-2-150x150.jpg",150,150,true],"medium":["https:\/\/noticiasbahia360.com.br\/wp-content\/uploads\/2026\/09\/PMs-investigados-por-homicidios-sao-alvos-de-operacao-do-Ministerio-Publico-Foto-SSP-e-MP-2-300x185.jpg",300,185,true],"medium_large":["https:\/\/noticiasbahia360.com.br\/wp-content\/uploads\/2026\/09\/PMs-investigados-por-homicidios-sao-alvos-de-operacao-do-Ministerio-Publico-Foto-SSP-e-MP-2-768x473.jpg",640,394,true],"large":["https:\/\/noticiasbahia360.com.br\/wp-content\/uploads\/2026\/09\/PMs-investigados-por-homicidios-sao-alvos-de-operacao-do-Ministerio-Publico-Foto-SSP-e-MP-2-1024x631.jpg",640,394,true],"1536x1536":["https:\/\/noticiasbahia360.com.br\/wp-content\/uploads\/2026\/09\/PMs-investigados-por-homicidios-sao-alvos-de-operacao-do-Ministerio-Publico-Foto-SSP-e-MP-2.jpg",1200,739,false],"2048x2048":["https:\/\/noticiasbahia360.com.br\/wp-content\/uploads\/2026\/09\/PMs-investigados-por-homicidios-sao-alvos-de-operacao-do-Ministerio-Publico-Foto-SSP-e-MP-2.jpg",1200,739,false],"chromenews-featured":["https:\/\/noticiasbahia360.com.br\/wp-content\/uploads\/2026\/09\/PMs-investigados-por-homicidios-sao-alvos-de-operacao-do-Ministerio-Publico-Foto-SSP-e-MP-2-1024x631.jpg",1024,631,true],"chromenews-large":["https:\/\/noticiasbahia360.com.br\/wp-content\/uploads\/2026\/09\/PMs-investigados-por-homicidios-sao-alvos-de-operacao-do-Ministerio-Publico-Foto-SSP-e-MP-2-825x575.jpg",825,575,true],"chromenews-medium":["https:\/\/noticiasbahia360.com.br\/wp-content\/uploads\/2026\/09\/PMs-investigados-por-homicidios-sao-alvos-de-operacao-do-Ministerio-Publico-Foto-SSP-e-MP-2-590x410.jpg",590,410,true]},"author_info":{"display_name":"noticiasbahia360.com.br","author_link":"https:\/\/noticiasbahia360.com.br\/?author=1"},"category_info":"<a href=\"https:\/\/noticiasbahia360.com.br\/?cat=8\" rel=\"category\">Bahia<\/a> <a href=\"https:\/\/noticiasbahia360.com.br\/?cat=9\" rel=\"category\">Brasil<\/a> <a href=\"https:\/\/noticiasbahia360.com.br\/?cat=6\" rel=\"category\">Feira de Santana<\/a> <a href=\"https:\/\/noticiasbahia360.com.br\/?cat=57\" rel=\"category\">Mundo<\/a> <a href=\"https:\/\/noticiasbahia360.com.br\/?cat=56\" rel=\"category\">Pol\u00edcia<\/a> <a href=\"https:\/\/noticiasbahia360.com.br\/?cat=10\" rel=\"category\">Pol\u00edtica<\/a>","tag_info":"Pol\u00edtica","comment_count":"0","_links":{"self":[{"href":"https:\/\/noticiasbahia360.com.br\/index.php?rest_route=\/wp\/v2\/posts\/148271","targetHints":{"allow":["GET"]}}],"collection":[{"href":"https:\/\/noticiasbahia360.com.br\/index.php?rest_route=\/wp\/v2\/posts"}],"about":[{"href":"https:\/\/noticiasbahia360.com.br\/index.php?rest_route=\/wp\/v2\/types\/post"}],"author":[{"embeddable":true,"href":"https:\/\/noticiasbahia360.com.br\/index.php?rest_route=\/wp\/v2\/users\/1"}],"replies":[{"embeddable":true,"href":"https:\/\/noticiasbahia360.com.br\/index.php?rest_route=%2Fwp%2Fv2%2Fcomments&post=148271"}],"version-history":[{"count":0,"href":"https:\/\/noticiasbahia360.com.br\/index.php?rest_route=\/wp\/v2\/posts\/148271\/revisions"}],"wp:featuredmedia":[{"embeddable":true,"href":"https:\/\/noticiasbahia360.com.br\/index.php?rest_route=\/wp\/v2\/media\/148272"}],"wp:attachment":[{"href":"https:\/\/noticiasbahia360.com.br\/index.php?rest_route=%2Fwp%2Fv2%2Fmedia&parent=148271"}],"wp:term":[{"taxonomy":"category","embeddable":true,"href":"https:\/\/noticiasbahia360.com.br\/index.php?rest_route=%2Fwp%2Fv2%2Fcategories&post=148271"},{"taxonomy":"post_tag","embeddable":true,"href":"https:\/\/noticiasbahia360.com.br\/index.php?rest_route=%2Fwp%2Fv2%2Ftags&post=148271"}],"curies":[{"name":"wp","href":"https:\/\/api.w.org\/{rel}","templated":true}]}}