{"id":148277,"date":"2026-09-01T11:03:06","date_gmt":"2026-09-01T14:03:06","guid":{"rendered":"https:\/\/noticiasbahia360.com.br\/?p=148277"},"modified":"2026-09-01T11:03:06","modified_gmt":"2026-09-01T14:03:06","slug":"prf-apreende-26-kg-de-maconha-municoes-e-carregador-de-fuzil-em-feira-de-santana","status":"publish","type":"post","link":"https:\/\/noticiasbahia360.com.br\/?p=148277","title":{"rendered":"PRF apreende 26 kg de maconha, muni\u00e7\u00f5es e carregador de fuzil em Feira de Santana"},"content":{"rendered":"<div>\n<div>\n<figure><img decoding=\"async\" src=\"http:\/\/noticiasbahia360.com.br\/wp-content\/uploads\/2026\/09\/PRF-apreende-26-kg-de-maconha-municoes-e-carregador-de-fuzil-em-Feira-de-Santana-foto-Divulgacao-02.jpg\" alt=\"PRF apreende 26 kg de maconha, muni\u00e7\u00f5es e carregador de fuzil em Feira de Santana\"><figcaption>Foto: Divulga\u00e7\u00e3o \/ PRF <\/figcaption><\/figure>\n<\/div>\n<p class=\"wp-block-paragraph\">A Pol\u00edcia Rodovi\u00e1ria Federal (PRF) apreendeu 26 quilos (kg) de uma subst\u00e2ncia an\u00e1loga \u00e0 maconha, um carregador de fuzil e 37 muni\u00e7\u00f5es durante uma fiscaliza\u00e7\u00e3o em Feira de Santana. A a\u00e7\u00e3o ocorreu no posto da corpora\u00e7\u00e3o, no km 429 da BR-116 Sul, na manh\u00e3 desta ter\u00e7a-feira (1\u00ba).<\/p>\n<p class=\"wp-block-paragraph\">Segundo informa\u00e7\u00f5es de Ivanildo Cirqueira, da PRF, para o Acorda Cidade, o material foi localizado em um \u00f4nibus de viagem que havia sa\u00eddo do Rio de Janeiro. Durante a abordagem, os agentes encontraram uma mochila no compartimento superior de passageiros, pertencente a uma das mulheres que estava no ve\u00edculo.<\/p>\n<figure class=\"wp-block-image size-full\"><img fetchpriority=\"high\" fetchpriority=\"high\" decoding=\"async\" width=\"1200\" height=\"698\" src=\"http:\/\/noticiasbahia360.com.br\/wp-content\/uploads\/2026\/09\/PRF-apreende-26-kg-de-maconha-municoes-e-carregador-de-fuzil-em-Feira-de-Santana-foto-Divulgacao-01.jpg\" alt=\"PRF apreende 26 kg de maconha, muni\u00e7\u00f5es e carregador de fuzil em Feira de Santana\" class=\"wp-image-686763\" srcset=\"http:\/\/noticiasbahia360.com.br\/wp-content\/uploads\/2026\/09\/PRF-apreende-26-kg-de-maconha-municoes-e-carregador-de-fuzil-em-Feira-de-Santana-foto-Divulgacao-01.jpg 1200w, https:\/\/uploads.acordacidade.com.br\/2026\/09\/PRF-apreende-26-kg-de-maconha-municoes-e-carregador-de-fuzil-em-Feira-de-Santana-foto-Divulgacao-01-750x436.jpg 750w, https:\/\/uploads.acordacidade.com.br\/2026\/09\/PRF-apreende-26-kg-de-maconha-municoes-e-carregador-de-fuzil-em-Feira-de-Santana-foto-Divulgacao-01-1000x582.jpg 1000w, https:\/\/uploads.acordacidade.com.br\/2026\/09\/PRF-apreende-26-kg-de-maconha-municoes-e-carregador-de-fuzil-em-Feira-de-Santana-foto-Divulgacao-01-450x262.jpg 450w, https:\/\/uploads.acordacidade.com.br\/2026\/09\/PRF-apreende-26-kg-de-maconha-municoes-e-carregador-de-fuzil-em-Feira-de-Santana-foto-Divulgacao-01-150x87.jpg 150w\" sizes=\"(max-width: 1200px) 100vw, 1200px\"><figcaption class=\"wp-element-caption\">Foto: Divulga\u00e7\u00e3o \/ PRF <\/figcaption><\/figure>\n<p class=\"wp-block-paragraph\">Dentro da mochila havia 1 kg da subst\u00e2ncia, al\u00e9m de um carregador de fuzil e 37 muni\u00e7\u00f5es. Na sequ\u00eancia, os policiais realizaram uma inspe\u00e7\u00e3o no compartimento inferior de bagagens e localizaram mais 25 quilos da droga em malas vinculadas \u00e0 mesma passageira.<\/p>\n<figure class=\"wp-block-image size-full\"><img decoding=\"async\" width=\"1200\" height=\"698\" src=\"http:\/\/noticiasbahia360.com.br\/wp-content\/uploads\/2026\/09\/PRF-apreende-26-kg-de-maconha-municoes-e-carregador-de-fuzil-em-Feira-de-Santana-foto-Divulgacao-.jpg\" alt=\"PRF apreende 26 kg de maconha, muni\u00e7\u00f5es e carregador de fuzil em Feira de Santana\" class=\"wp-image-686765\" srcset=\"http:\/\/noticiasbahia360.com.br\/wp-content\/uploads\/2026\/09\/PRF-apreende-26-kg-de-maconha-municoes-e-carregador-de-fuzil-em-Feira-de-Santana-foto-Divulgacao-.jpg 1200w, https:\/\/uploads.acordacidade.com.br\/2026\/09\/PRF-apreende-26-kg-de-maconha-municoes-e-carregador-de-fuzil-em-Feira-de-Santana-foto-Divulgacao--750x436.jpg 750w, https:\/\/uploads.acordacidade.com.br\/2026\/09\/PRF-apreende-26-kg-de-maconha-municoes-e-carregador-de-fuzil-em-Feira-de-Santana-foto-Divulgacao--1000x582.jpg 1000w, https:\/\/uploads.acordacidade.com.br\/2026\/09\/PRF-apreende-26-kg-de-maconha-municoes-e-carregador-de-fuzil-em-Feira-de-Santana-foto-Divulgacao--450x262.jpg 450w, https:\/\/uploads.acordacidade.com.br\/2026\/09\/PRF-apreende-26-kg-de-maconha-municoes-e-carregador-de-fuzil-em-Feira-de-Santana-foto-Divulgacao--150x87.jpg 150w\" sizes=\"(max-width: 1200px) 100vw, 1200px\"><figcaption class=\"wp-element-caption\">Foto: Divulga\u00e7\u00e3o \/ PRF <\/figcaption><\/figure>\n<p class=\"wp-block-paragraph\">Ainda conforme a PRF, a mulher informou aos agentes que o material seria entregue em Feira de Santana. A suspeita, a droga, o carregador e as muni\u00e7\u00f5es foram encaminhados para o Complexo de Delegacias do bairro Sobradinho, onde ser\u00e3o adotadas as medidas legais cab\u00edveis.<\/p>\n<p class=\"wp-block-paragraph\"><em>Siga o Acorda Cidade no\u00a0<\/em><a href=\"https:\/\/news.google.com\/search?q=acorda%20cidade&amp;hl=pt-BR&amp;gl=BR&amp;ceid=BR%3Apt-419\"><strong><em>Google Not\u00edcias<\/em><\/strong><\/a><em>\u00a0e receba os principais destaques do dia. Participe tamb\u00e9m dos nossos canais no\u00a0<\/em><a href=\"https:\/\/www.whatsapp.com\/channel\/0029Va6Rb4v3WHTNnsh8WI3N\"><strong><em>WhatsApp<\/em><\/strong><\/a><em>\u00a0e\u00a0<\/em><a href=\"https:\/\/www.youtube.com\/@acordacidadenoticias\/videos\"><strong>YouTube<\/strong><\/a><em>\u00a0e do grupo no\u00a0<\/em><a href=\"https:\/\/t.me\/+sSz0khrgARA0ZmRh\"><strong><em>Telegram<\/em><\/strong><\/a><em>.<\/em><a href=\"https:\/\/www.acordacidade.com.br\/colunas\/dilton-e-feito\/\"><\/a><\/p>\n<\/div>\n","protected":false},"excerpt":{"rendered":"<p>Foto: Divulga\u00e7\u00e3o \/ PRF A Pol\u00edcia Rodovi\u00e1ria Federal (PRF) apreendeu 26 quilos (kg) de uma<\/p>\n","protected":false},"author":1,"featured_media":148278,"comment_status":"closed","ping_status":"closed","sticky":false,"template":"","format":"gallery","meta":{"footnotes":""},"categories":[8,9,6,57,56,10],"tags":[],"class_list":["post-148277","post","type-post","status-publish","format-gallery","has-post-thumbnail","hentry","category-bahia","category-brasil","category-feira-de-santana","category-mundo","category-policia","category-politica","post_format-post-format-gallery"],"featured_image_urls":{"full":["https:\/\/noticiasbahia360.com.br\/wp-content\/uploads\/2026\/09\/PRF-apreende-26-kg-de-maconha-municoes-e-carregador-de-fuzil-em-Feira-de-Santana-foto-Divulgacao-02.jpg",1200,698,false],"thumbnail":["https:\/\/noticiasbahia360.com.br\/wp-content\/uploads\/2026\/09\/PRF-apreende-26-kg-de-maconha-municoes-e-carregador-de-fuzil-em-Feira-de-Santana-foto-Divulgacao-02-150x150.jpg",150,150,true],"medium":["https:\/\/noticiasbahia360.com.br\/wp-content\/uploads\/2026\/09\/PRF-apreende-26-kg-de-maconha-municoes-e-carregador-de-fuzil-em-Feira-de-Santana-foto-Divulgacao-02-300x175.jpg",300,175,true],"medium_large":["https:\/\/noticiasbahia360.com.br\/wp-content\/uploads\/2026\/09\/PRF-apreende-26-kg-de-maconha-municoes-e-carregador-de-fuzil-em-Feira-de-Santana-foto-Divulgacao-02-768x447.jpg",640,373,true],"large":["https:\/\/noticiasbahia360.com.br\/wp-content\/uploads\/2026\/09\/PRF-apreende-26-kg-de-maconha-municoes-e-carregador-de-fuzil-em-Feira-de-Santana-foto-Divulgacao-02-1024x596.jpg",640,373,true],"1536x1536":["https:\/\/noticiasbahia360.com.br\/wp-content\/uploads\/2026\/09\/PRF-apreende-26-kg-de-maconha-municoes-e-carregador-de-fuzil-em-Feira-de-Santana-foto-Divulgacao-02.jpg",1200,698,false],"2048x2048":["https:\/\/noticiasbahia360.com.br\/wp-content\/uploads\/2026\/09\/PRF-apreende-26-kg-de-maconha-municoes-e-carregador-de-fuzil-em-Feira-de-Santana-foto-Divulgacao-02.jpg",1200,698,false],"chromenews-featured":["https:\/\/noticiasbahia360.com.br\/wp-content\/uploads\/2026\/09\/PRF-apreende-26-kg-de-maconha-municoes-e-carregador-de-fuzil-em-Feira-de-Santana-foto-Divulgacao-02-1024x596.jpg",1024,596,true],"chromenews-large":["https:\/\/noticiasbahia360.com.br\/wp-content\/uploads\/2026\/09\/PRF-apreende-26-kg-de-maconha-municoes-e-carregador-de-fuzil-em-Feira-de-Santana-foto-Divulgacao-02-825x575.jpg",825,575,true],"chromenews-medium":["https:\/\/noticiasbahia360.com.br\/wp-content\/uploads\/2026\/09\/PRF-apreende-26-kg-de-maconha-municoes-e-carregador-de-fuzil-em-Feira-de-Santana-foto-Divulgacao-02-590x410.jpg",590,410,true]},"author_info":{"display_name":"noticiasbahia360.com.br","author_link":"https:\/\/noticiasbahia360.com.br\/?author=1"},"category_info":"<a href=\"https:\/\/noticiasbahia360.com.br\/?cat=8\" rel=\"category\">Bahia<\/a> <a href=\"https:\/\/noticiasbahia360.com.br\/?cat=9\" rel=\"category\">Brasil<\/a> <a href=\"https:\/\/noticiasbahia360.com.br\/?cat=6\" rel=\"category\">Feira de Santana<\/a> <a href=\"https:\/\/noticiasbahia360.com.br\/?cat=57\" rel=\"category\">Mundo<\/a> <a href=\"https:\/\/noticiasbahia360.com.br\/?cat=56\" rel=\"category\">Pol\u00edcia<\/a> <a href=\"https:\/\/noticiasbahia360.com.br\/?cat=10\" rel=\"category\">Pol\u00edtica<\/a>","tag_info":"Pol\u00edtica","comment_count":"0","_links":{"self":[{"href":"https:\/\/noticiasbahia360.com.br\/index.php?rest_route=\/wp\/v2\/posts\/148277","targetHints":{"allow":["GET"]}}],"collection":[{"href":"https:\/\/noticiasbahia360.com.br\/index.php?rest_route=\/wp\/v2\/posts"}],"about":[{"href":"https:\/\/noticiasbahia360.com.br\/index.php?rest_route=\/wp\/v2\/types\/post"}],"author":[{"embeddable":true,"href":"https:\/\/noticiasbahia360.com.br\/index.php?rest_route=\/wp\/v2\/users\/1"}],"replies":[{"embeddable":true,"href":"https:\/\/noticiasbahia360.com.br\/index.php?rest_route=%2Fwp%2Fv2%2Fcomments&post=148277"}],"version-history":[{"count":0,"href":"https:\/\/noticiasbahia360.com.br\/index.php?rest_route=\/wp\/v2\/posts\/148277\/revisions"}],"wp:featuredmedia":[{"embeddable":true,"href":"https:\/\/noticiasbahia360.com.br\/index.php?rest_route=\/wp\/v2\/media\/148278"}],"wp:attachment":[{"href":"https:\/\/noticiasbahia360.com.br\/index.php?rest_route=%2Fwp%2Fv2%2Fmedia&parent=148277"}],"wp:term":[{"taxonomy":"category","embeddable":true,"href":"https:\/\/noticiasbahia360.com.br\/index.php?rest_route=%2Fwp%2Fv2%2Fcategories&post=148277"},{"taxonomy":"post_tag","embeddable":true,"href":"https:\/\/noticiasbahia360.com.br\/index.php?rest_route=%2Fwp%2Fv2%2Ftags&post=148277"}],"curies":[{"name":"wp","href":"https:\/\/api.w.org\/{rel}","templated":true}]}}