{"id":148281,"date":"2026-09-01T12:01:37","date_gmt":"2026-09-01T15:01:37","guid":{"rendered":"https:\/\/noticiasbahia360.com.br\/?p=148281"},"modified":"2026-09-01T12:01:37","modified_gmt":"2026-09-01T15:01:37","slug":"arthur-lira-evita-apoio-a-presidenciavel-mas-declara-ser-apoiado-por-bolsonaro","status":"publish","type":"post","link":"https:\/\/noticiasbahia360.com.br\/?p=148281","title":{"rendered":"Arthur Lira evita apoio \u00e0 presidenci\u00e1vel, mas declara ser apoiado por Bolsonaro"},"content":{"rendered":"<div>\n<div>\n<figure><img decoding=\"async\" src=\"http:\/\/noticiasbahia360.com.br\/wp-content\/uploads\/2026\/09\/Arthur-Lira-Foto-Mario-Agra-Camara-dos-Deputados-010926.jpg\" alt=\"Arthur Lira\"><figcaption>Arthur Lira | Foto: M\u00e1rio Agra\/ C\u00e2mara dos Deputados <\/figcaption><\/figure>\n<\/div>\n<p class=\"wp-block-paragraph\">O deputado federal e ex-presidente da C\u00e2mara dos Deputados, Arthur Lira (PP), declarou \u00e0 imprensa que n\u00e3o pretende declarar apoio a candidatos \u00e0 Presid\u00eancia da Rep\u00fablica. A fala foi registrada durante a inaugura\u00e7\u00e3o do seu comit\u00ea de campanha ao Senado na \u00faltima quinta-feira (27).<\/p>\n<p class=\"wp-block-paragraph\">Apesar de n\u00e3o revelar seu candidato na disputa pelo Pal\u00e1cio do Planalto no primeiro turno, Arthur Lira revelou receber apoio do pai de Fl\u00e1vio Bolsonaro (PL) na sua candidatura para a C\u00e2mara Alta.<\/p>\n<p class=\"wp-block-paragraph\">\u201cTenho o apoio declarado do presidente Bolsonaro, e isso n\u00e3o \u00e9 de hoje. Mas n\u00e3o \u00e9 o meu apoio, o seu ou o de qualquer indiv\u00edduo que vai eleger um presidente da Rep\u00fablica. \u00c9 o contexto\u201d, disse.<\/p>\n<p class=\"wp-block-paragraph\">Arthur concorre a umas das duas vagas do Senado pelo Alagoas, que tamb\u00e9m s\u00e3o disputadas por Marina JHC (PSDB), ex-primeira-dama de Macei\u00f3 e integrante da chapa de Lira, e Renan Calheiros (MDB), aliado do governo Lula.<\/p>\n<p class=\"wp-block-paragraph\"><em>Siga o Acorda Cidade no\u00a0<\/em><a href=\"https:\/\/news.google.com\/search?q=acorda%20cidade&amp;hl=pt-BR&amp;gl=BR&amp;ceid=BR%3Apt-419\"><strong><em>Google Not\u00edcias<\/em><\/strong><\/a><em>\u00a0e receba os principais destaques do dia. Participe tamb\u00e9m dos nossos canais no\u00a0<\/em><a href=\"https:\/\/www.whatsapp.com\/channel\/0029Va6Rb4v3WHTNnsh8WI3N\"><strong><em>WhatsApp<\/em><\/strong><\/a><em>\u00a0e\u00a0<\/em><a href=\"https:\/\/www.youtube.com\/@acordacidadenoticias\/videos\"><strong>YouTube<\/strong><\/a><em>\u00a0e do grupo no\u00a0<\/em><a href=\"https:\/\/t.me\/+sSz0khrgARA0ZmRh\"><strong><em>Telegram<\/em><\/strong><\/a><em>.<\/em><\/p>\n<\/div>\n","protected":false},"excerpt":{"rendered":"<p>Arthur Lira | Foto: M\u00e1rio Agra\/ C\u00e2mara dos Deputados O deputado federal e ex-presidente da<\/p>\n","protected":false},"author":1,"featured_media":148282,"comment_status":"closed","ping_status":"closed","sticky":false,"template":"","format":"gallery","meta":{"footnotes":""},"categories":[8,9,6,57,56,10],"tags":[],"class_list":["post-148281","post","type-post","status-publish","format-gallery","has-post-thumbnail","hentry","category-bahia","category-brasil","category-feira-de-santana","category-mundo","category-policia","category-politica","post_format-post-format-gallery"],"featured_image_urls":{"full":["https:\/\/noticiasbahia360.com.br\/wp-content\/uploads\/2026\/09\/Arthur-Lira-Foto-Mario-Agra-Camara-dos-Deputados-010926.jpg",1200,740,false],"thumbnail":["https:\/\/noticiasbahia360.com.br\/wp-content\/uploads\/2026\/09\/Arthur-Lira-Foto-Mario-Agra-Camara-dos-Deputados-010926-150x150.jpg",150,150,true],"medium":["https:\/\/noticiasbahia360.com.br\/wp-content\/uploads\/2026\/09\/Arthur-Lira-Foto-Mario-Agra-Camara-dos-Deputados-010926-300x185.jpg",300,185,true],"medium_large":["https:\/\/noticiasbahia360.com.br\/wp-content\/uploads\/2026\/09\/Arthur-Lira-Foto-Mario-Agra-Camara-dos-Deputados-010926-768x474.jpg",640,395,true],"large":["https:\/\/noticiasbahia360.com.br\/wp-content\/uploads\/2026\/09\/Arthur-Lira-Foto-Mario-Agra-Camara-dos-Deputados-010926-1024x631.jpg",640,394,true],"1536x1536":["https:\/\/noticiasbahia360.com.br\/wp-content\/uploads\/2026\/09\/Arthur-Lira-Foto-Mario-Agra-Camara-dos-Deputados-010926.jpg",1200,740,false],"2048x2048":["https:\/\/noticiasbahia360.com.br\/wp-content\/uploads\/2026\/09\/Arthur-Lira-Foto-Mario-Agra-Camara-dos-Deputados-010926.jpg",1200,740,false],"chromenews-featured":["https:\/\/noticiasbahia360.com.br\/wp-content\/uploads\/2026\/09\/Arthur-Lira-Foto-Mario-Agra-Camara-dos-Deputados-010926-1024x631.jpg",1024,631,true],"chromenews-large":["https:\/\/noticiasbahia360.com.br\/wp-content\/uploads\/2026\/09\/Arthur-Lira-Foto-Mario-Agra-Camara-dos-Deputados-010926-825x575.jpg",825,575,true],"chromenews-medium":["https:\/\/noticiasbahia360.com.br\/wp-content\/uploads\/2026\/09\/Arthur-Lira-Foto-Mario-Agra-Camara-dos-Deputados-010926-590x410.jpg",590,410,true]},"author_info":{"display_name":"noticiasbahia360.com.br","author_link":"https:\/\/noticiasbahia360.com.br\/?author=1"},"category_info":"<a href=\"https:\/\/noticiasbahia360.com.br\/?cat=8\" rel=\"category\">Bahia<\/a> <a href=\"https:\/\/noticiasbahia360.com.br\/?cat=9\" rel=\"category\">Brasil<\/a> <a href=\"https:\/\/noticiasbahia360.com.br\/?cat=6\" rel=\"category\">Feira de Santana<\/a> <a href=\"https:\/\/noticiasbahia360.com.br\/?cat=57\" rel=\"category\">Mundo<\/a> <a href=\"https:\/\/noticiasbahia360.com.br\/?cat=56\" rel=\"category\">Pol\u00edcia<\/a> <a href=\"https:\/\/noticiasbahia360.com.br\/?cat=10\" rel=\"category\">Pol\u00edtica<\/a>","tag_info":"Pol\u00edtica","comment_count":"0","_links":{"self":[{"href":"https:\/\/noticiasbahia360.com.br\/index.php?rest_route=\/wp\/v2\/posts\/148281","targetHints":{"allow":["GET"]}}],"collection":[{"href":"https:\/\/noticiasbahia360.com.br\/index.php?rest_route=\/wp\/v2\/posts"}],"about":[{"href":"https:\/\/noticiasbahia360.com.br\/index.php?rest_route=\/wp\/v2\/types\/post"}],"author":[{"embeddable":true,"href":"https:\/\/noticiasbahia360.com.br\/index.php?rest_route=\/wp\/v2\/users\/1"}],"replies":[{"embeddable":true,"href":"https:\/\/noticiasbahia360.com.br\/index.php?rest_route=%2Fwp%2Fv2%2Fcomments&post=148281"}],"version-history":[{"count":0,"href":"https:\/\/noticiasbahia360.com.br\/index.php?rest_route=\/wp\/v2\/posts\/148281\/revisions"}],"wp:featuredmedia":[{"embeddable":true,"href":"https:\/\/noticiasbahia360.com.br\/index.php?rest_route=\/wp\/v2\/media\/148282"}],"wp:attachment":[{"href":"https:\/\/noticiasbahia360.com.br\/index.php?rest_route=%2Fwp%2Fv2%2Fmedia&parent=148281"}],"wp:term":[{"taxonomy":"category","embeddable":true,"href":"https:\/\/noticiasbahia360.com.br\/index.php?rest_route=%2Fwp%2Fv2%2Fcategories&post=148281"},{"taxonomy":"post_tag","embeddable":true,"href":"https:\/\/noticiasbahia360.com.br\/index.php?rest_route=%2Fwp%2Fv2%2Ftags&post=148281"}],"curies":[{"name":"wp","href":"https:\/\/api.w.org\/{rel}","templated":true}]}}