{"id":148283,"date":"2026-09-01T12:01:39","date_gmt":"2026-09-01T15:01:39","guid":{"rendered":"https:\/\/noticiasbahia360.com.br\/?p=148283"},"modified":"2026-09-01T12:01:39","modified_gmt":"2026-09-01T15:01:39","slug":"eleicoes-2026-confira-os-compromissos-dos-candidatos-a-presidencia-nesta-terca-feira-1o","status":"publish","type":"post","link":"https:\/\/noticiasbahia360.com.br\/?p=148283","title":{"rendered":"Elei\u00e7\u00f5es 2026: confira os compromissos dos candidatos \u00e0 Presid\u00eancia nesta ter\u00e7a-feira (1\u00ba)"},"content":{"rendered":"<div>\n<div>\n<figure><img decoding=\"async\" src=\"http:\/\/noticiasbahia360.com.br\/wp-content\/uploads\/2026\/09\/candidatos-a-presidencia.jpg\" alt=\"candidatos \u00e0 presid\u00eancia\"><figcaption>Foto: Divulga\u00e7\u00e3o<\/figcaption><\/figure>\n<\/div>\n<p class=\"wp-block-paragraph\">Ag\u00eancia Brasil \u2014 A agenda dos candidatos \u00e0 Presid\u00eancia da Rep\u00fablica nesta ter\u00e7a-feira (1\u00ba) inclui visitas a institui\u00e7\u00f5es e eventos, entrevistas \u00e0 imprensa e encontros com representantes da sociedade.\u00a0<img decoding=\"async\" src=\"https:\/\/agenciabrasil.ebc.com.br\/ebc.png?id=1701220&amp;o=node\"><img decoding=\"async\" src=\"https:\/\/agenciabrasil.ebc.com.br\/ebc.gif?id=1701220&amp;o=node\"><\/p>\n<p class=\"wp-block-paragraph\">Tamb\u00e9m est\u00e3o previstas caminhadas e panfletagens pelas ruas, al\u00e9m de atividades voltadas a temas como educa\u00e7\u00e3o e sa\u00fade.<\/p>\n<p class=\"wp-block-paragraph\"><strong>Wilson Grassi\u00a0<\/strong>(Democrata)\u00a0<br \/>Em Bras\u00edlia, concede entrevista ao Poder 360, e \u00e0s 18h, ao Metr\u00f3poles. \u00a0<\/p>\n<p class=\"wp-block-paragraph\"><strong>Augusto Cury\u00a0<\/strong>(Avante)<br \/>Participa de caf\u00e9 da manh\u00e3 no Centro das Ind\u00fastrias em Cachoeirinha (RS) e de visita \u00e0 46\u00aa edi\u00e7\u00e3o da Expointer, em Esteio (RS). \u00c0 noite, participa da inaugura\u00e7\u00e3o da primeira Casa Cury em Belo Horizonte (MG).\u00a0<\/p>\n<p class=\"wp-block-paragraph\"><strong>Edmilson Costa\u00a0<\/strong>(PCB)<br \/>Faz caminhada pelo centro de S\u00e3o Paulo, iniciando no Teatro Municipal. \u00a0<\/p>\n<p class=\"wp-block-paragraph\"><strong>Hertz Dias\u00a0<\/strong>(PSTU)<br \/>Em Santa Cruz do Sul (RS), participa de entrevista coletiva e almo\u00e7o com militantes e convidados no Sindicato dos Comerci\u00e1rios. \u00c0 tarde, faz caminhada pelo centro da cidade e panfletagens.\u00a0<\/p>\n<p class=\"wp-block-paragraph\"><strong>Romeu Zema<\/strong>\u00a0(Novo)\u00a0<br \/>Conversa com pais e representantes de Joinville (SC) para falar sobre educa\u00e7\u00e3o em uma das escolas refer\u00eancia no Ideb\u00a0em Santa Catarina.\u00a0<\/p>\n<p class=\"wp-block-paragraph\"><strong>Ronaldo Caiado<\/strong>\u00a0(PSD)<br \/>Visita \u00e0\u00a0Santa Casa de Miseric\u00f3rdia em S\u00e3o Paulo, com coletiva de imprensa ao final.<\/p>\n<p class=\"wp-block-paragraph\"><strong>Rui Costa Pimenta<\/strong>\u00a0(PCO)\u00a0<br \/>Viaja para Bras\u00edlia, onde participa, \u00e0s 12h, de panfletagem em frente ao restaurante universit\u00e1rio da Universidade de Bras\u00edlia (UnB), com militantes e apoiadores. \u00c0s 16h30, concede entrevista ao Metr\u00f3poles e, \u00e0s 19h, retorna para S\u00e3o Paulo.<\/p>\n<p class=\"wp-block-paragraph\">Os candidatos\u00a0<strong>Fl\u00e1vio Bolsonaro<\/strong>\u00a0(PL),\u00a0<strong>Luiz In\u00e1cio Lula da Silva<\/strong>\u00a0(PT) e\u00a0<strong>Samara Martins<\/strong>\u00a0(UP) n\u00e3o t\u00eam agenda p\u00fablica de campanha nesta ter\u00e7a-feira (1\u00ba).\u00a0<\/p>\n<p class=\"wp-block-paragraph\">Os candidatos\u00a0<strong>Renan Santos<\/strong>\u00a0(Miss\u00e3o) e\u00a0<strong>Clariana Bar\u00e3o<\/strong>\u00a0(Democracia Crist\u00e3) n\u00e3o divulgaram a agenda de campanha at\u00e9 o momento desta publica\u00e7\u00e3o.\u00a0<\/p>\n<p class=\"wp-block-paragraph\">A ordem de apresenta\u00e7\u00e3o da cobertura da agenda dos candidatos a presidente segue rod\u00edzio di\u00e1rio em ordem alfab\u00e9tica.<\/p>\n<p class=\"wp-block-paragraph\"><em>Siga o Acorda Cidade no\u00a0<\/em><a href=\"https:\/\/news.google.com\/search?q=acorda%20cidade&amp;hl=pt-BR&amp;gl=BR&amp;ceid=BR%3Apt-419\"><strong><em>Google Not\u00edcias<\/em><\/strong><\/a><em>\u00a0e receba os principais destaques do dia. Participe tamb\u00e9m dos nossos canais no\u00a0<\/em><a href=\"https:\/\/www.whatsapp.com\/channel\/0029Va6Rb4v3WHTNnsh8WI3N\"><strong><em>WhatsApp<\/em><\/strong><\/a><em>\u00a0e\u00a0<\/em><a href=\"https:\/\/www.youtube.com\/@acordacidadenoticias\/videos\"><strong>YouTube<\/strong><\/a><em>\u00a0e do grupo no\u00a0<\/em><a href=\"https:\/\/t.me\/+sSz0khrgARA0ZmRh\"><strong><em>Telegram<\/em><\/strong><\/a><em>.<\/em><\/p>\n<\/div>\n","protected":false},"excerpt":{"rendered":"<p>Foto: Divulga\u00e7\u00e3o Ag\u00eancia Brasil \u2014 A agenda dos candidatos \u00e0 Presid\u00eancia da Rep\u00fablica nesta ter\u00e7a-feira<\/p>\n","protected":false},"author":1,"featured_media":148284,"comment_status":"closed","ping_status":"closed","sticky":false,"template":"","format":"gallery","meta":{"footnotes":""},"categories":[8,9,6,57,56,10],"tags":[],"class_list":["post-148283","post","type-post","status-publish","format-gallery","has-post-thumbnail","hentry","category-bahia","category-brasil","category-feira-de-santana","category-mundo","category-policia","category-politica","post_format-post-format-gallery"],"featured_image_urls":{"full":["https:\/\/noticiasbahia360.com.br\/wp-content\/uploads\/2026\/09\/candidatos-a-presidencia.jpg",1200,789,false],"thumbnail":["https:\/\/noticiasbahia360.com.br\/wp-content\/uploads\/2026\/09\/candidatos-a-presidencia-150x150.jpg",150,150,true],"medium":["https:\/\/noticiasbahia360.com.br\/wp-content\/uploads\/2026\/09\/candidatos-a-presidencia-300x197.jpg",300,197,true],"medium_large":["https:\/\/noticiasbahia360.com.br\/wp-content\/uploads\/2026\/09\/candidatos-a-presidencia-768x505.jpg",640,421,true],"large":["https:\/\/noticiasbahia360.com.br\/wp-content\/uploads\/2026\/09\/candidatos-a-presidencia-1024x673.jpg",640,421,true],"1536x1536":["https:\/\/noticiasbahia360.com.br\/wp-content\/uploads\/2026\/09\/candidatos-a-presidencia.jpg",1200,789,false],"2048x2048":["https:\/\/noticiasbahia360.com.br\/wp-content\/uploads\/2026\/09\/candidatos-a-presidencia.jpg",1200,789,false],"chromenews-featured":["https:\/\/noticiasbahia360.com.br\/wp-content\/uploads\/2026\/09\/candidatos-a-presidencia-1024x673.jpg",1024,673,true],"chromenews-large":["https:\/\/noticiasbahia360.com.br\/wp-content\/uploads\/2026\/09\/candidatos-a-presidencia-825x575.jpg",825,575,true],"chromenews-medium":["https:\/\/noticiasbahia360.com.br\/wp-content\/uploads\/2026\/09\/candidatos-a-presidencia-590x410.jpg",590,410,true]},"author_info":{"display_name":"noticiasbahia360.com.br","author_link":"https:\/\/noticiasbahia360.com.br\/?author=1"},"category_info":"<a href=\"https:\/\/noticiasbahia360.com.br\/?cat=8\" rel=\"category\">Bahia<\/a> <a href=\"https:\/\/noticiasbahia360.com.br\/?cat=9\" rel=\"category\">Brasil<\/a> <a href=\"https:\/\/noticiasbahia360.com.br\/?cat=6\" rel=\"category\">Feira de Santana<\/a> <a href=\"https:\/\/noticiasbahia360.com.br\/?cat=57\" rel=\"category\">Mundo<\/a> <a href=\"https:\/\/noticiasbahia360.com.br\/?cat=56\" rel=\"category\">Pol\u00edcia<\/a> <a href=\"https:\/\/noticiasbahia360.com.br\/?cat=10\" rel=\"category\">Pol\u00edtica<\/a>","tag_info":"Pol\u00edtica","comment_count":"0","_links":{"self":[{"href":"https:\/\/noticiasbahia360.com.br\/index.php?rest_route=\/wp\/v2\/posts\/148283","targetHints":{"allow":["GET"]}}],"collection":[{"href":"https:\/\/noticiasbahia360.com.br\/index.php?rest_route=\/wp\/v2\/posts"}],"about":[{"href":"https:\/\/noticiasbahia360.com.br\/index.php?rest_route=\/wp\/v2\/types\/post"}],"author":[{"embeddable":true,"href":"https:\/\/noticiasbahia360.com.br\/index.php?rest_route=\/wp\/v2\/users\/1"}],"replies":[{"embeddable":true,"href":"https:\/\/noticiasbahia360.com.br\/index.php?rest_route=%2Fwp%2Fv2%2Fcomments&post=148283"}],"version-history":[{"count":0,"href":"https:\/\/noticiasbahia360.com.br\/index.php?rest_route=\/wp\/v2\/posts\/148283\/revisions"}],"wp:featuredmedia":[{"embeddable":true,"href":"https:\/\/noticiasbahia360.com.br\/index.php?rest_route=\/wp\/v2\/media\/148284"}],"wp:attachment":[{"href":"https:\/\/noticiasbahia360.com.br\/index.php?rest_route=%2Fwp%2Fv2%2Fmedia&parent=148283"}],"wp:term":[{"taxonomy":"category","embeddable":true,"href":"https:\/\/noticiasbahia360.com.br\/index.php?rest_route=%2Fwp%2Fv2%2Fcategories&post=148283"},{"taxonomy":"post_tag","embeddable":true,"href":"https:\/\/noticiasbahia360.com.br\/index.php?rest_route=%2Fwp%2Fv2%2Ftags&post=148283"}],"curies":[{"name":"wp","href":"https:\/\/api.w.org\/{rel}","templated":true}]}}