{"id":148285,"date":"2026-09-01T12:01:40","date_gmt":"2026-09-01T15:01:40","guid":{"rendered":"https:\/\/noticiasbahia360.com.br\/?p=148285"},"modified":"2026-09-01T12:01:40","modified_gmt":"2026-09-01T15:01:40","slug":"acidente-com-caminhao-de-coleta-de-lixo-deixa-dois-trabalhadores-mortos-na-bahia","status":"publish","type":"post","link":"https:\/\/noticiasbahia360.com.br\/?p=148285","title":{"rendered":"Acidente com caminh\u00e3o de coleta de lixo deixa dois trabalhadores mortos na Bahia"},"content":{"rendered":"<div>\n<div>\n<figure><img decoding=\"async\" src=\"http:\/\/noticiasbahia360.com.br\/wp-content\/uploads\/2026\/09\/Tiago-de-Jesus-Souza-motorista-do-caminhao-e-Rogerio-dos-Santos-Matos-.jpg\" alt=\"Tiago de Jesus Souza, motorista do caminh\u00e3o, e Rogerio dos Santos Matos,\"><figcaption>Foto: Reprodu\u00e7\u00e3o\/ Giro Ipia\u00fa<\/figcaption><\/figure>\n<\/div>\n<p class=\"wp-block-paragraph\">Um grave acidente envolvendo um caminh\u00e3o utilizado na coleta de res\u00edduos s\u00f3lidos deixou dois trabalhadores mortos na madrugada desta ter\u00e7a-feira (1\u00ba). O caso aconteceu na BA-001, na regi\u00e3o da Ladeira do Peixe, em Porto Seguro, munic\u00edpio localizado no extremo sul da Bahia.<\/p>\n<p class=\"wp-block-paragraph\">Tiago de Jesus Souza, que dirigia o caminh\u00e3o, e Rogerio dos Santos Matos, que trabalhava como coletor, foram as v\u00edtimas identificadas. Segundo divulgado pelo Giro Ipia\u00fa, site parceiro do Acorda Cidade, ambos ficaram presos na cabine e n\u00e3o resistiram. Um terceiro ocupante conseguiu deixar o ve\u00edculo e foi socorrido pelo Servi\u00e7o de Atendimento M\u00f3vel de Urg\u00eancia (Samu) para atendimento m\u00e9dico.<\/p>\n<figure class=\"wp-block-image size-full\"><img fetchpriority=\"high\" decoding=\"async\" width=\"1200\" height=\"803\" src=\"http:\/\/noticiasbahia360.com.br\/wp-content\/uploads\/2026\/09\/Acidente-com-caminhao-de-coleta-de-lixo-deixa-dois-trabalhadores-mortos-na-Bahia.jpg\" alt=\"Acidente com caminh\u00e3o de coleta de lixo deixa dois trabalhadores mortos na Bahia\" class=\"wp-image-686776\" srcset=\"http:\/\/noticiasbahia360.com.br\/wp-content\/uploads\/2026\/09\/Acidente-com-caminhao-de-coleta-de-lixo-deixa-dois-trabalhadores-mortos-na-Bahia.jpg 1200w, https:\/\/uploads.acordacidade.com.br\/2026\/09\/Acidente-com-caminhao-de-coleta-de-lixo-deixa-dois-trabalhadores-mortos-na-Bahia-750x502.jpg 750w, https:\/\/uploads.acordacidade.com.br\/2026\/09\/Acidente-com-caminhao-de-coleta-de-lixo-deixa-dois-trabalhadores-mortos-na-Bahia-1000x669.jpg 1000w, https:\/\/uploads.acordacidade.com.br\/2026\/09\/Acidente-com-caminhao-de-coleta-de-lixo-deixa-dois-trabalhadores-mortos-na-Bahia-450x301.jpg 450w, https:\/\/uploads.acordacidade.com.br\/2026\/09\/Acidente-com-caminhao-de-coleta-de-lixo-deixa-dois-trabalhadores-mortos-na-Bahia-150x100.jpg 150w\" sizes=\"(max-width: 1200px) 100vw, 1200px\"><figcaption class=\"wp-element-caption\">Foto: Reprodu\u00e7\u00e3o\/ Giro Ipia\u00fa<\/figcaption><\/figure>\n<p class=\"wp-block-paragraph\">De acordo com a Secretaria de Servi\u00e7os P\u00fablicos de Porto Seguro, as an\u00e1lises iniciais feitas no caminh\u00e3o n\u00e3o apontaram problema mec\u00e2nico. A suspeita levantada \u00e9 de que o motorista tenha cochilado enquanto dirigia, mas o motivo do acidente segue sob investiga\u00e7\u00e3o.<\/p>\n<p class=\"wp-block-paragraph\">A Companhia Independente de Pol\u00edcia Rodovi\u00e1ria (CIPRv\/Itabuna) informou que o resgate exigiu aten\u00e7\u00e3o redobrada por haver cabos de energia atravessados na pista, oferecendo perigo de choque el\u00e9trico. As equipes adotaram todos os protocolos de seguran\u00e7a para realizar o atendimento.<\/p>\n<p class=\"wp-block-paragraph\">O caso dever\u00e1 ser investigado pelos \u00f3rg\u00e3os competentes para esclarecer as circunst\u00e2ncias do acidente.<\/p>\n<p class=\"wp-block-paragraph\"><em>Siga o Acorda Cidade no\u00a0<\/em><a href=\"https:\/\/news.google.com\/search?q=acorda%20cidade&amp;hl=pt-BR&amp;gl=BR&amp;ceid=BR%3Apt-419\"><strong><em>Google Not\u00edcias<\/em><\/strong><\/a><em>\u00a0e receba os principais destaques do dia. Participe tamb\u00e9m dos nossos canais no\u00a0<\/em><a href=\"https:\/\/www.whatsapp.com\/channel\/0029Va6Rb4v3WHTNnsh8WI3N\"><strong><em>WhatsApp<\/em><\/strong><\/a><em>\u00a0e\u00a0<\/em><a href=\"https:\/\/www.youtube.com\/@acordacidadenoticias\/videos\"><strong>YouTube<\/strong><\/a><em>\u00a0e do grupo no\u00a0<\/em><a href=\"https:\/\/t.me\/+sSz0khrgARA0ZmRh\"><strong><em>Telegram<\/em><\/strong><\/a><em>.<\/em><a href=\"https:\/\/www.acordacidade.com.br\/colunas\/dilton-e-feito\/\"><\/a><\/p>\n<\/div>\n","protected":false},"excerpt":{"rendered":"<p>Foto: Reprodu\u00e7\u00e3o\/ Giro Ipia\u00fa Um grave acidente envolvendo um caminh\u00e3o utilizado na coleta de res\u00edduos<\/p>\n","protected":false},"author":1,"featured_media":148286,"comment_status":"closed","ping_status":"closed","sticky":false,"template":"","format":"gallery","meta":{"footnotes":""},"categories":[8,9,6,57,56,10],"tags":[],"class_list":["post-148285","post","type-post","status-publish","format-gallery","has-post-thumbnail","hentry","category-bahia","category-brasil","category-feira-de-santana","category-mundo","category-policia","category-politica","post_format-post-format-gallery"],"featured_image_urls":{"full":["https:\/\/noticiasbahia360.com.br\/wp-content\/uploads\/2026\/09\/Tiago-de-Jesus-Souza-motorista-do-caminhao-e-Rogerio-dos-Santos-Matos-.jpg",1200,803,false],"thumbnail":["https:\/\/noticiasbahia360.com.br\/wp-content\/uploads\/2026\/09\/Tiago-de-Jesus-Souza-motorista-do-caminhao-e-Rogerio-dos-Santos-Matos--150x150.jpg",150,150,true],"medium":["https:\/\/noticiasbahia360.com.br\/wp-content\/uploads\/2026\/09\/Tiago-de-Jesus-Souza-motorista-do-caminhao-e-Rogerio-dos-Santos-Matos--300x201.jpg",300,201,true],"medium_large":["https:\/\/noticiasbahia360.com.br\/wp-content\/uploads\/2026\/09\/Tiago-de-Jesus-Souza-motorista-do-caminhao-e-Rogerio-dos-Santos-Matos--768x514.jpg",640,428,true],"large":["https:\/\/noticiasbahia360.com.br\/wp-content\/uploads\/2026\/09\/Tiago-de-Jesus-Souza-motorista-do-caminhao-e-Rogerio-dos-Santos-Matos--1024x685.jpg",640,428,true],"1536x1536":["https:\/\/noticiasbahia360.com.br\/wp-content\/uploads\/2026\/09\/Tiago-de-Jesus-Souza-motorista-do-caminhao-e-Rogerio-dos-Santos-Matos-.jpg",1200,803,false],"2048x2048":["https:\/\/noticiasbahia360.com.br\/wp-content\/uploads\/2026\/09\/Tiago-de-Jesus-Souza-motorista-do-caminhao-e-Rogerio-dos-Santos-Matos-.jpg",1200,803,false],"chromenews-featured":["https:\/\/noticiasbahia360.com.br\/wp-content\/uploads\/2026\/09\/Tiago-de-Jesus-Souza-motorista-do-caminhao-e-Rogerio-dos-Santos-Matos--1024x685.jpg",1024,685,true],"chromenews-large":["https:\/\/noticiasbahia360.com.br\/wp-content\/uploads\/2026\/09\/Tiago-de-Jesus-Souza-motorista-do-caminhao-e-Rogerio-dos-Santos-Matos--825x575.jpg",825,575,true],"chromenews-medium":["https:\/\/noticiasbahia360.com.br\/wp-content\/uploads\/2026\/09\/Tiago-de-Jesus-Souza-motorista-do-caminhao-e-Rogerio-dos-Santos-Matos--590x410.jpg",590,410,true]},"author_info":{"display_name":"noticiasbahia360.com.br","author_link":"https:\/\/noticiasbahia360.com.br\/?author=1"},"category_info":"<a href=\"https:\/\/noticiasbahia360.com.br\/?cat=8\" rel=\"category\">Bahia<\/a> <a href=\"https:\/\/noticiasbahia360.com.br\/?cat=9\" rel=\"category\">Brasil<\/a> <a href=\"https:\/\/noticiasbahia360.com.br\/?cat=6\" rel=\"category\">Feira de Santana<\/a> <a href=\"https:\/\/noticiasbahia360.com.br\/?cat=57\" rel=\"category\">Mundo<\/a> <a href=\"https:\/\/noticiasbahia360.com.br\/?cat=56\" rel=\"category\">Pol\u00edcia<\/a> <a href=\"https:\/\/noticiasbahia360.com.br\/?cat=10\" rel=\"category\">Pol\u00edtica<\/a>","tag_info":"Pol\u00edtica","comment_count":"0","_links":{"self":[{"href":"https:\/\/noticiasbahia360.com.br\/index.php?rest_route=\/wp\/v2\/posts\/148285","targetHints":{"allow":["GET"]}}],"collection":[{"href":"https:\/\/noticiasbahia360.com.br\/index.php?rest_route=\/wp\/v2\/posts"}],"about":[{"href":"https:\/\/noticiasbahia360.com.br\/index.php?rest_route=\/wp\/v2\/types\/post"}],"author":[{"embeddable":true,"href":"https:\/\/noticiasbahia360.com.br\/index.php?rest_route=\/wp\/v2\/users\/1"}],"replies":[{"embeddable":true,"href":"https:\/\/noticiasbahia360.com.br\/index.php?rest_route=%2Fwp%2Fv2%2Fcomments&post=148285"}],"version-history":[{"count":0,"href":"https:\/\/noticiasbahia360.com.br\/index.php?rest_route=\/wp\/v2\/posts\/148285\/revisions"}],"wp:featuredmedia":[{"embeddable":true,"href":"https:\/\/noticiasbahia360.com.br\/index.php?rest_route=\/wp\/v2\/media\/148286"}],"wp:attachment":[{"href":"https:\/\/noticiasbahia360.com.br\/index.php?rest_route=%2Fwp%2Fv2%2Fmedia&parent=148285"}],"wp:term":[{"taxonomy":"category","embeddable":true,"href":"https:\/\/noticiasbahia360.com.br\/index.php?rest_route=%2Fwp%2Fv2%2Fcategories&post=148285"},{"taxonomy":"post_tag","embeddable":true,"href":"https:\/\/noticiasbahia360.com.br\/index.php?rest_route=%2Fwp%2Fv2%2Ftags&post=148285"}],"curies":[{"name":"wp","href":"https:\/\/api.w.org\/{rel}","templated":true}]}}