{"id":148288,"date":"2026-09-01T12:01:41","date_gmt":"2026-09-01T15:01:41","guid":{"rendered":"https:\/\/noticiasbahia360.com.br\/?p=148288"},"modified":"2026-09-01T12:01:41","modified_gmt":"2026-09-01T15:01:41","slug":"inscricoes-para-o-casamento-coletivo-em-feira-de-santana-sao-prorrogadas-ate-17-de-setembro","status":"publish","type":"post","link":"https:\/\/noticiasbahia360.com.br\/?p=148288","title":{"rendered":"Inscri\u00e7\u00f5es para o Casamento Coletivo em Feira de Santana s\u00e3o prorrogadas at\u00e9 17 de setembro"},"content":{"rendered":"<div>\n<div>\n<figure><img decoding=\"async\" src=\"http:\/\/noticiasbahia360.com.br\/wp-content\/uploads\/2026\/09\/Casamento-coletivo-Foto-Danielly-Cerqueira-2.jpg\" alt=\"Casamento coletivo\"><figcaption>Foto: Danielly Cerqueira<\/figcaption><\/figure>\n<\/div>\n<p class=\"wp-block-paragraph\">As inscri\u00e7\u00f5es para a 25\u00aa edi\u00e7\u00e3o do Casamento Coletivo foram prorrogadas at\u00e9 o dia 17 de setembro. A iniciativa \u00e9 destinada a casais em situa\u00e7\u00e3o de vulnerabilidade social e ser\u00e1 realizada gratuitamente pela Prefeitura de Feira de Santana, na primeira semana de dezembro, no Espa\u00e7o de Eventos Olimpo. Ao todo, ser\u00e3o disponibilizadas 300 vagas.<\/p>\n<p class=\"wp-block-paragraph\">Promovido pela Prefeitura, atrav\u00e9s da Secretaria de Desenvolvimento Social (Sedeso), o Casamento Coletivo \u00e9 realizado em parceria com o Tribunal de Justi\u00e7a da Bahia (TJBA) e os cart\u00f3rios de Registro Civil. A a\u00e7\u00e3o tem como objetivo possibilitar a oficializa\u00e7\u00e3o da uni\u00e3o de casais que enfrentam dificuldades socioecon\u00f4micas, garantindo acesso gratuito \u00e0 documenta\u00e7\u00e3o e \u00e0 formaliza\u00e7\u00e3o do casamento civil.<\/p>\n<p class=\"wp-block-paragraph\">Os interessados devem realizar a inscri\u00e7\u00e3o presencialmente na Sedeso, localizada na Avenida Senhor dos Passos, n\u00ba 212, Centro, ou no Capacita Mais Feira, na Rua Georgina Erisman, n\u00ba 185, pr\u00f3ximo \u00e0 Rodovi\u00e1ria. As inscri\u00e7\u00f5es seguem abertas at\u00e9 17 de setembro, dentro do limite de vagas dispon\u00edveis.<\/p>\n<h2 id=\"h-documentacao-necessaria\" class=\"wp-block-heading\"><strong>Documenta\u00e7\u00e3o necess\u00e1ria<\/strong><\/h2>\n<h3 id=\"h-para-pessoas-solteiras\" class=\"wp-block-heading\"><strong>Para pessoas solteiras<\/strong><\/h3>\n<ul class=\"wp-block-list\">\n<li>C\u00f3pia e original do RG e CPF;<\/li>\n<li>C\u00f3pia e original da certid\u00e3o de nascimento atualizada, emitida h\u00e1, no m\u00e1ximo, 90 dias;<\/li>\n<li>Comprovante de resid\u00eancia atualizado em nome do(a) noivo(a);<\/li>\n<li>Comprovante de inscri\u00e7\u00e3o no Cadastro \u00danico (NIS \u2013 N\u00famero de Identifica\u00e7\u00e3o Social);<\/li>\n<li>Duas testemunhas maiores de 18 anos, cada uma com c\u00f3pia e original do RG, CPF e comprovante de resid\u00eancia.<\/li>\n<\/ul>\n<p class=\"wp-block-paragraph\"><strong>Aten\u00e7\u00e3o:<\/strong>\u00a0antes de solicitar a segunda via da certid\u00e3o de nascimento, \u00e9 necess\u00e1rio comparecer ao local de inscri\u00e7\u00e3o.<\/p>\n<h3 id=\"h-para-pessoas-divorciadas\" class=\"wp-block-heading\"><strong>Para pessoas divorciadas<\/strong><\/h3>\n<ul class=\"wp-block-list\">\n<li>Certid\u00e3o de casamento original atualizada, com averba\u00e7\u00e3o do div\u00f3rcio, emitida h\u00e1, no m\u00e1ximo, 90 dias;<\/li>\n<li>C\u00f3pia e original do RG e CPF;<\/li>\n<li>Comprovante de resid\u00eancia atualizado em nome do(a) noivo(a);<\/li>\n<li>Comprovante de inscri\u00e7\u00e3o no Cadastro \u00danico (NIS \u2013 N\u00famero de Identifica\u00e7\u00e3o Social);<\/li>\n<li>Duas testemunhas maiores de 18 anos, cada uma com c\u00f3pia e original do RG, CPF e comprovante de resid\u00eancia.<\/li>\n<\/ul>\n<p class=\"wp-block-paragraph\"><strong>Aten\u00e7\u00e3o:<\/strong>\u00a0antes de solicitar a segunda via da certid\u00e3o de casamento, \u00e9 necess\u00e1rio comparecer ao local de inscri\u00e7\u00e3o.<\/p>\n<h3 id=\"h-para-pessoas-viuvas\" class=\"wp-block-heading\"><strong>Para pessoas vi\u00favas<\/strong><\/h3>\n<ul class=\"wp-block-list\">\n<li>Certid\u00e3o de casamento atualizada;<\/li>\n<li>Certid\u00e3o de \u00f3bito atualizada, emitida h\u00e1, no m\u00e1ximo, 90 dias;<\/li>\n<li>C\u00f3pia e original do RG e CPF;<\/li>\n<li>Comprovante de resid\u00eancia atualizado em nome do(a) noivo(a);<\/li>\n<li>Comprovante de inscri\u00e7\u00e3o no Cadastro \u00danico (NIS \u2013 N\u00famero de Identifica\u00e7\u00e3o Social);<\/li>\n<li>Duas testemunhas maiores de 18 anos, cada uma com c\u00f3pia e original do RG, CPF e comprovante de resid\u00eancia.<\/li>\n<\/ul>\n<p class=\"wp-block-paragraph\"><em>As informa\u00e7\u00f5es s\u00e3o da Secretaria Municipal de Comunica\u00e7\u00e3o Social de Feira de Santana<\/em><\/p>\n<p class=\"wp-block-paragraph\"><strong>Leia tamb\u00e9m: <\/strong><\/p>\n<p class=\"wp-block-paragraph\"><a href=\"https:\/\/www.acordacidade.com.br\/feira-de-santana\/feira-de-santana-abre-inscricoes-para-o-casamento-coletivo-com-mais-de-300-vagas\/\">Feira de Santana abre inscri\u00e7\u00f5es para o Casamento Coletivo com mais de 300 vagas<\/a><\/p>\n<p class=\"wp-block-paragraph\"><a href=\"https:\/\/www.acordacidade.com.br\/feira-de-santana\/casais-ja-podem-se-inscrever-para-o-casamento-coletivo-2026-em-feira-de-santana\/\">Confira os documentos exigidos para o Casamento Coletivo 2026; inscri\u00e7\u00f5es j\u00e1 come\u00e7aram<\/a><\/p>\n<p class=\"wp-block-paragraph\"><a href=\"https:\/\/www.acordacidade.com.br\/feira-de-santana\/mais-de-80-casais-ja-se-inscreveram-no-casamento-coletivo-de-feira-de-santana-ainda-ha-vagas\/\">Mais de 80 casais j\u00e1 se inscreveram no Casamento Coletivo de Feira de Santana; ainda h\u00e1 vagas<\/a><\/p>\n<p class=\"wp-block-paragraph\"><a href=\"https:\/\/www.acordacidade.com.br\/feira-de-santana\/inscricoes-para-o-casamento-coletivo-de-feira-de-santana-terminam-dia-4-de-setembro\/\">Inscri\u00e7\u00f5es para o casamento coletivo de Feira de Santana terminam dia 4 de setembro<\/a><\/p>\n<p class=\"wp-block-paragraph\"><a href=\"https:\/\/www.acordacidade.com.br\/feira-de-santana\/casamento-coletivo-de-feira-de-santana-ainda-tem-vagas\/\">Casamento coletivo de Feira de Santana ainda tem vagas<\/a><\/p>\n<p class=\"wp-block-paragraph\"><em>Siga o Acorda Cidade no\u00a0<\/em><a href=\"https:\/\/news.google.com\/search?q=acorda%20cidade&amp;hl=pt-BR&amp;gl=BR&amp;ceid=BR%3Apt-419\"><strong><em>Google Not\u00edcias<\/em><\/strong><\/a><em>\u00a0e receba os principais destaques do dia. Participe tamb\u00e9m dos nossos canais no\u00a0<\/em><a href=\"https:\/\/www.whatsapp.com\/channel\/0029Va6Rb4v3WHTNnsh8WI3N\"><strong><em>WhatsApp<\/em><\/strong><\/a><em>\u00a0e\u00a0<\/em><a href=\"https:\/\/www.youtube.com\/@acordacidadenoticias\/videos\"><strong>YouTube<\/strong><\/a><em>\u00a0e do grupo no\u00a0<\/em><a href=\"https:\/\/t.me\/+sSz0khrgARA0ZmRh\"><strong><em>Telegram<\/em><\/strong><\/a><em>.<\/em><\/p>\n<\/div>\n","protected":false},"excerpt":{"rendered":"<p>Foto: Danielly Cerqueira As inscri\u00e7\u00f5es para a 25\u00aa edi\u00e7\u00e3o do Casamento Coletivo foram prorrogadas at\u00e9<\/p>\n","protected":false},"author":1,"featured_media":148289,"comment_status":"closed","ping_status":"closed","sticky":false,"template":"","format":"gallery","meta":{"footnotes":""},"categories":[8,9,6,57,56,10],"tags":[],"class_list":["post-148288","post","type-post","status-publish","format-gallery","has-post-thumbnail","hentry","category-bahia","category-brasil","category-feira-de-santana","category-mundo","category-policia","category-politica","post_format-post-format-gallery"],"featured_image_urls":{"full":["https:\/\/noticiasbahia360.com.br\/wp-content\/uploads\/2026\/09\/Casamento-coletivo-Foto-Danielly-Cerqueira-2.jpg",1200,800,false],"thumbnail":["https:\/\/noticiasbahia360.com.br\/wp-content\/uploads\/2026\/09\/Casamento-coletivo-Foto-Danielly-Cerqueira-2-150x150.jpg",150,150,true],"medium":["https:\/\/noticiasbahia360.com.br\/wp-content\/uploads\/2026\/09\/Casamento-coletivo-Foto-Danielly-Cerqueira-2-300x200.jpg",300,200,true],"medium_large":["https:\/\/noticiasbahia360.com.br\/wp-content\/uploads\/2026\/09\/Casamento-coletivo-Foto-Danielly-Cerqueira-2-768x512.jpg",640,427,true],"large":["https:\/\/noticiasbahia360.com.br\/wp-content\/uploads\/2026\/09\/Casamento-coletivo-Foto-Danielly-Cerqueira-2-1024x683.jpg",640,427,true],"1536x1536":["https:\/\/noticiasbahia360.com.br\/wp-content\/uploads\/2026\/09\/Casamento-coletivo-Foto-Danielly-Cerqueira-2.jpg",1200,800,false],"2048x2048":["https:\/\/noticiasbahia360.com.br\/wp-content\/uploads\/2026\/09\/Casamento-coletivo-Foto-Danielly-Cerqueira-2.jpg",1200,800,false],"chromenews-featured":["https:\/\/noticiasbahia360.com.br\/wp-content\/uploads\/2026\/09\/Casamento-coletivo-Foto-Danielly-Cerqueira-2-1024x683.jpg",1024,683,true],"chromenews-large":["https:\/\/noticiasbahia360.com.br\/wp-content\/uploads\/2026\/09\/Casamento-coletivo-Foto-Danielly-Cerqueira-2-825x575.jpg",825,575,true],"chromenews-medium":["https:\/\/noticiasbahia360.com.br\/wp-content\/uploads\/2026\/09\/Casamento-coletivo-Foto-Danielly-Cerqueira-2-590x410.jpg",590,410,true]},"author_info":{"display_name":"noticiasbahia360.com.br","author_link":"https:\/\/noticiasbahia360.com.br\/?author=1"},"category_info":"<a href=\"https:\/\/noticiasbahia360.com.br\/?cat=8\" rel=\"category\">Bahia<\/a> <a href=\"https:\/\/noticiasbahia360.com.br\/?cat=9\" rel=\"category\">Brasil<\/a> <a href=\"https:\/\/noticiasbahia360.com.br\/?cat=6\" rel=\"category\">Feira de Santana<\/a> <a href=\"https:\/\/noticiasbahia360.com.br\/?cat=57\" rel=\"category\">Mundo<\/a> <a href=\"https:\/\/noticiasbahia360.com.br\/?cat=56\" rel=\"category\">Pol\u00edcia<\/a> <a href=\"https:\/\/noticiasbahia360.com.br\/?cat=10\" rel=\"category\">Pol\u00edtica<\/a>","tag_info":"Pol\u00edtica","comment_count":"0","_links":{"self":[{"href":"https:\/\/noticiasbahia360.com.br\/index.php?rest_route=\/wp\/v2\/posts\/148288","targetHints":{"allow":["GET"]}}],"collection":[{"href":"https:\/\/noticiasbahia360.com.br\/index.php?rest_route=\/wp\/v2\/posts"}],"about":[{"href":"https:\/\/noticiasbahia360.com.br\/index.php?rest_route=\/wp\/v2\/types\/post"}],"author":[{"embeddable":true,"href":"https:\/\/noticiasbahia360.com.br\/index.php?rest_route=\/wp\/v2\/users\/1"}],"replies":[{"embeddable":true,"href":"https:\/\/noticiasbahia360.com.br\/index.php?rest_route=%2Fwp%2Fv2%2Fcomments&post=148288"}],"version-history":[{"count":0,"href":"https:\/\/noticiasbahia360.com.br\/index.php?rest_route=\/wp\/v2\/posts\/148288\/revisions"}],"wp:featuredmedia":[{"embeddable":true,"href":"https:\/\/noticiasbahia360.com.br\/index.php?rest_route=\/wp\/v2\/media\/148289"}],"wp:attachment":[{"href":"https:\/\/noticiasbahia360.com.br\/index.php?rest_route=%2Fwp%2Fv2%2Fmedia&parent=148288"}],"wp:term":[{"taxonomy":"category","embeddable":true,"href":"https:\/\/noticiasbahia360.com.br\/index.php?rest_route=%2Fwp%2Fv2%2Fcategories&post=148288"},{"taxonomy":"post_tag","embeddable":true,"href":"https:\/\/noticiasbahia360.com.br\/index.php?rest_route=%2Fwp%2Fv2%2Ftags&post=148288"}],"curies":[{"name":"wp","href":"https:\/\/api.w.org\/{rel}","templated":true}]}}