{"id":148290,"date":"2026-09-01T12:01:42","date_gmt":"2026-09-01T15:01:42","guid":{"rendered":"https:\/\/noticiasbahia360.com.br\/?p=148290"},"modified":"2026-09-01T12:01:42","modified_gmt":"2026-09-01T15:01:42","slug":"distrito-da-matinha-recebe-a-38a-festa-do-vaqueiro-nos-dias-19-e-20-de-setembro","status":"publish","type":"post","link":"https:\/\/noticiasbahia360.com.br\/?p=148290","title":{"rendered":"Distrito da Matinha recebe a 38\u00aa Festa do Vaqueiro nos dias 19 e 20 de setembro"},"content":{"rendered":"<div>\n<div>\n<figure><img decoding=\"async\" src=\"http:\/\/noticiasbahia360.com.br\/wp-content\/uploads\/2026\/09\/Festa-do-Vaqueiro-do-Alecrim-Miudo-no-distrito-da-Matinha-Foto-Valdenir-Lima-Arquivo-2.jpg\" alt=\"Festa do Vaqueiro do Alecrim Mi\u00fado, no distrito da Matinha\"><figcaption>Foto: Valdenir Lima &#8211; Arquivo<\/figcaption><\/figure>\n<\/div>\n<p class=\"wp-block-paragraph\">A comunidade de Alecrim Mi\u00fado, no distrito da Matinha, de Feira de Santana, se prepara para receber a 38\u00aa Festa do Vaqueiro, um dos eventos tradicionais da localidade. A programa\u00e7\u00e3o ser\u00e1 realizada neste s\u00e1bado (19) e domingo (20) de setembro, na Pra\u00e7a da comunidade.<\/p>\n<p class=\"wp-block-paragraph\">No s\u00e1bado (19), a festa ter\u00e1 in\u00edcio \u00e0s 19h, seguindo pela noite e madrugada, com encerramento previsto para as 5h da manh\u00e3 do domingo. J\u00e1 no domingo (20), a programa\u00e7\u00e3o ser\u00e1 retomada \u00e0s 15h, seguindo at\u00e9 as 23h.<\/p>\n<p class=\"wp-block-paragraph\">Realizada em sua 38\u00aa edi\u00e7\u00e3o, a Festa do Vaqueiro re\u00fane moradores da comunidade e visitantes em um momento de celebra\u00e7\u00e3o da cultura e das tradi\u00e7\u00f5es do homem e da mulher do campo, fortalecendo os costumes que fazem parte da hist\u00f3ria das comunidades rurais de Feira de Santana.<\/p>\n<figure class=\"wp-block-image size-full\"><img fetchpriority=\"high\" fetchpriority=\"high\" decoding=\"async\" width=\"1200\" height=\"800\" src=\"http:\/\/noticiasbahia360.com.br\/wp-content\/uploads\/2026\/09\/Festa-do-Vaqueiro-do-Alecrim-Miudo-no-distrito-da-Matinha-Foto-Valdenir-Lima-Arquivo.jpg\" alt=\"Festa do Vaqueiro do Alecrim Mi\u00fado, no distrito da Matinha\" class=\"wp-image-686800\" srcset=\"http:\/\/noticiasbahia360.com.br\/wp-content\/uploads\/2026\/09\/Festa-do-Vaqueiro-do-Alecrim-Miudo-no-distrito-da-Matinha-Foto-Valdenir-Lima-Arquivo.jpg 1200w, https:\/\/uploads.acordacidade.com.br\/2026\/09\/Festa-do-Vaqueiro-do-Alecrim-Miudo-no-distrito-da-Matinha-Foto-Valdenir-Lima-Arquivo-750x500.jpg 750w, https:\/\/uploads.acordacidade.com.br\/2026\/09\/Festa-do-Vaqueiro-do-Alecrim-Miudo-no-distrito-da-Matinha-Foto-Valdenir-Lima-Arquivo-1000x667.jpg 1000w, https:\/\/uploads.acordacidade.com.br\/2026\/09\/Festa-do-Vaqueiro-do-Alecrim-Miudo-no-distrito-da-Matinha-Foto-Valdenir-Lima-Arquivo-450x300.jpg 450w, https:\/\/uploads.acordacidade.com.br\/2026\/09\/Festa-do-Vaqueiro-do-Alecrim-Miudo-no-distrito-da-Matinha-Foto-Valdenir-Lima-Arquivo-150x100.jpg 150w\" sizes=\"(max-width: 1200px) 100vw, 1200px\"><figcaption class=\"wp-element-caption\">Foto: Valdenir Lima \u2013 Arquivo<\/figcaption><\/figure>\n<p class=\"wp-block-paragraph\">A Prefeitura de Feira de Santana, atrav\u00e9s da Secretaria Municipal de Cultura, Esporte e Lazer (Secel), apoia a realiza\u00e7\u00e3o do evento e contribui para o fortalecimento das manifesta\u00e7\u00f5es culturais e das festas tradicionais realizadas nas comunidades do munic\u00edpio.<\/p>\n<p class=\"wp-block-paragraph\">A expectativa \u00e9 de que a programa\u00e7\u00e3o movimente Alecrim Mi\u00fado durante o fim de semana, proporcionando momentos de confraterniza\u00e7\u00e3o e valoriza\u00e7\u00e3o da cultura local.<\/p>\n<p class=\"wp-block-paragraph\"><em>As informa\u00e7\u00f5es s\u00e3o da Secretaria Municipal de Comunica\u00e7\u00e3o Social de Feira de Santana<\/em><\/p>\n<p class=\"wp-block-paragraph\"><em>Siga o Acorda Cidade no\u00a0<\/em><a href=\"https:\/\/news.google.com\/search?q=acorda%20cidade&amp;hl=pt-BR&amp;gl=BR&amp;ceid=BR%3Apt-419\"><strong><em>Google Not\u00edcias<\/em><\/strong><\/a><em>\u00a0e receba os principais destaques do dia. Participe tamb\u00e9m dos nossos canais no\u00a0<\/em><a href=\"https:\/\/www.whatsapp.com\/channel\/0029Va6Rb4v3WHTNnsh8WI3N\"><strong><em>WhatsApp<\/em><\/strong><\/a><em>\u00a0e\u00a0<\/em><a href=\"https:\/\/www.youtube.com\/@acordacidadenoticias\/videos\"><strong>YouTube<\/strong><\/a><em>\u00a0e do grupo no\u00a0<\/em><a href=\"https:\/\/t.me\/+sSz0khrgARA0ZmRh\"><strong><em>Telegram<\/em><\/strong><\/a><em>.<\/em><\/p>\n<\/div>\n","protected":false},"excerpt":{"rendered":"<p>Foto: Valdenir Lima &#8211; Arquivo A comunidade de Alecrim Mi\u00fado, no distrito da Matinha, de<\/p>\n","protected":false},"author":1,"featured_media":148291,"comment_status":"closed","ping_status":"closed","sticky":false,"template":"","format":"gallery","meta":{"footnotes":""},"categories":[8,9,6,57,56,10],"tags":[],"class_list":["post-148290","post","type-post","status-publish","format-gallery","has-post-thumbnail","hentry","category-bahia","category-brasil","category-feira-de-santana","category-mundo","category-policia","category-politica","post_format-post-format-gallery"],"featured_image_urls":{"full":["https:\/\/noticiasbahia360.com.br\/wp-content\/uploads\/2026\/09\/Festa-do-Vaqueiro-do-Alecrim-Miudo-no-distrito-da-Matinha-Foto-Valdenir-Lima-Arquivo-2.jpg",1200,799,false],"thumbnail":["https:\/\/noticiasbahia360.com.br\/wp-content\/uploads\/2026\/09\/Festa-do-Vaqueiro-do-Alecrim-Miudo-no-distrito-da-Matinha-Foto-Valdenir-Lima-Arquivo-2-150x150.jpg",150,150,true],"medium":["https:\/\/noticiasbahia360.com.br\/wp-content\/uploads\/2026\/09\/Festa-do-Vaqueiro-do-Alecrim-Miudo-no-distrito-da-Matinha-Foto-Valdenir-Lima-Arquivo-2-300x200.jpg",300,200,true],"medium_large":["https:\/\/noticiasbahia360.com.br\/wp-content\/uploads\/2026\/09\/Festa-do-Vaqueiro-do-Alecrim-Miudo-no-distrito-da-Matinha-Foto-Valdenir-Lima-Arquivo-2-768x511.jpg",640,426,true],"large":["https:\/\/noticiasbahia360.com.br\/wp-content\/uploads\/2026\/09\/Festa-do-Vaqueiro-do-Alecrim-Miudo-no-distrito-da-Matinha-Foto-Valdenir-Lima-Arquivo-2-1024x682.jpg",640,426,true],"1536x1536":["https:\/\/noticiasbahia360.com.br\/wp-content\/uploads\/2026\/09\/Festa-do-Vaqueiro-do-Alecrim-Miudo-no-distrito-da-Matinha-Foto-Valdenir-Lima-Arquivo-2.jpg",1200,799,false],"2048x2048":["https:\/\/noticiasbahia360.com.br\/wp-content\/uploads\/2026\/09\/Festa-do-Vaqueiro-do-Alecrim-Miudo-no-distrito-da-Matinha-Foto-Valdenir-Lima-Arquivo-2.jpg",1200,799,false],"chromenews-featured":["https:\/\/noticiasbahia360.com.br\/wp-content\/uploads\/2026\/09\/Festa-do-Vaqueiro-do-Alecrim-Miudo-no-distrito-da-Matinha-Foto-Valdenir-Lima-Arquivo-2-1024x682.jpg",1024,682,true],"chromenews-large":["https:\/\/noticiasbahia360.com.br\/wp-content\/uploads\/2026\/09\/Festa-do-Vaqueiro-do-Alecrim-Miudo-no-distrito-da-Matinha-Foto-Valdenir-Lima-Arquivo-2-825x575.jpg",825,575,true],"chromenews-medium":["https:\/\/noticiasbahia360.com.br\/wp-content\/uploads\/2026\/09\/Festa-do-Vaqueiro-do-Alecrim-Miudo-no-distrito-da-Matinha-Foto-Valdenir-Lima-Arquivo-2-590x410.jpg",590,410,true]},"author_info":{"display_name":"noticiasbahia360.com.br","author_link":"https:\/\/noticiasbahia360.com.br\/?author=1"},"category_info":"<a href=\"https:\/\/noticiasbahia360.com.br\/?cat=8\" rel=\"category\">Bahia<\/a> <a href=\"https:\/\/noticiasbahia360.com.br\/?cat=9\" rel=\"category\">Brasil<\/a> <a href=\"https:\/\/noticiasbahia360.com.br\/?cat=6\" rel=\"category\">Feira de Santana<\/a> <a href=\"https:\/\/noticiasbahia360.com.br\/?cat=57\" rel=\"category\">Mundo<\/a> <a href=\"https:\/\/noticiasbahia360.com.br\/?cat=56\" rel=\"category\">Pol\u00edcia<\/a> <a href=\"https:\/\/noticiasbahia360.com.br\/?cat=10\" rel=\"category\">Pol\u00edtica<\/a>","tag_info":"Pol\u00edtica","comment_count":"0","_links":{"self":[{"href":"https:\/\/noticiasbahia360.com.br\/index.php?rest_route=\/wp\/v2\/posts\/148290","targetHints":{"allow":["GET"]}}],"collection":[{"href":"https:\/\/noticiasbahia360.com.br\/index.php?rest_route=\/wp\/v2\/posts"}],"about":[{"href":"https:\/\/noticiasbahia360.com.br\/index.php?rest_route=\/wp\/v2\/types\/post"}],"author":[{"embeddable":true,"href":"https:\/\/noticiasbahia360.com.br\/index.php?rest_route=\/wp\/v2\/users\/1"}],"replies":[{"embeddable":true,"href":"https:\/\/noticiasbahia360.com.br\/index.php?rest_route=%2Fwp%2Fv2%2Fcomments&post=148290"}],"version-history":[{"count":0,"href":"https:\/\/noticiasbahia360.com.br\/index.php?rest_route=\/wp\/v2\/posts\/148290\/revisions"}],"wp:featuredmedia":[{"embeddable":true,"href":"https:\/\/noticiasbahia360.com.br\/index.php?rest_route=\/wp\/v2\/media\/148291"}],"wp:attachment":[{"href":"https:\/\/noticiasbahia360.com.br\/index.php?rest_route=%2Fwp%2Fv2%2Fmedia&parent=148290"}],"wp:term":[{"taxonomy":"category","embeddable":true,"href":"https:\/\/noticiasbahia360.com.br\/index.php?rest_route=%2Fwp%2Fv2%2Fcategories&post=148290"},{"taxonomy":"post_tag","embeddable":true,"href":"https:\/\/noticiasbahia360.com.br\/index.php?rest_route=%2Fwp%2Fv2%2Ftags&post=148290"}],"curies":[{"name":"wp","href":"https:\/\/api.w.org\/{rel}","templated":true}]}}