{"id":148293,"date":"2026-09-01T13:03:51","date_gmt":"2026-09-01T16:03:51","guid":{"rendered":"https:\/\/noticiasbahia360.com.br\/?p=148293"},"modified":"2026-09-01T13:03:51","modified_gmt":"2026-09-01T16:03:51","slug":"cantor-sertanejo-e-condenado-a-28-anos-de-prisao-por-feminicidio","status":"publish","type":"post","link":"https:\/\/noticiasbahia360.com.br\/?p=148293","title":{"rendered":"Cantor sertanejo \u00e9 condenado a 28 anos de pris\u00e3o por feminic\u00eddio"},"content":{"rendered":"<div>\n<div>\n<figure><img decoding=\"async\" src=\"http:\/\/noticiasbahia360.com.br\/wp-content\/uploads\/2026\/09\/Karen-Mancini-e-Clodoaldo-Queiroz-de-Oliveira-Foto-Reproducao-Redes-Sociais-010926.jpg\" alt=\"Karen Mancini e Clodoaldo Queiroz de Oliveira\"><figcaption>Karen Mancini e Clodoaldo Queiroz de Oliveira | Foto: Reprodu\u00e7\u00e3o\/ Redes Sociais <\/figcaption><\/figure>\n<\/div>\n<p class=\"wp-block-paragraph\">Ag\u00eancia Brasil \u2013 O Conselho de Senten\u00e7a do Tribunal do J\u00fari de Niter\u00f3i, na regi\u00e3o metropolitana do Rio, condenou o cantor sertanejo Clodoaldo Queiroz de Oliveira, conhecido como Gustavo, da dupla Tony e Gustavo, \u00e0 pena de 28 anos de reclus\u00e3o, em regime inicialmente fechado, pelo crime de homic\u00eddio triplamente qualificado contra sua mulher, Karen Mancini, analista do Tribunal de Contas do Estado (TCE).<\/p>\n<figure class=\"wp-block-image size-full\"><img fetchpriority=\"high\" decoding=\"async\" width=\"1200\" height=\"718\" src=\"http:\/\/noticiasbahia360.com.br\/wp-content\/uploads\/2026\/09\/Cantor-sertanejo-e-condenado-a-28-anos-de-prisao-por-feminicidio-Foto-Divulgacao-Tony-e-Gustavo-010926.jpg\" alt=\"Cantor sertanejo \u00e9 condenado a 28 anos de pris\u00e3o por feminic\u00eddio\" class=\"wp-image-686808\" srcset=\"http:\/\/noticiasbahia360.com.br\/wp-content\/uploads\/2026\/09\/Cantor-sertanejo-e-condenado-a-28-anos-de-prisao-por-feminicidio-Foto-Divulgacao-Tony-e-Gustavo-010926.jpg 1200w, https:\/\/uploads.acordacidade.com.br\/2026\/09\/Cantor-sertanejo-e-condenado-a-28-anos-de-prisao-por-feminicidio-Foto-Divulgacao-Tony-e-Gustavo-010926-750x449.jpg 750w, https:\/\/uploads.acordacidade.com.br\/2026\/09\/Cantor-sertanejo-e-condenado-a-28-anos-de-prisao-por-feminicidio-Foto-Divulgacao-Tony-e-Gustavo-010926-1000x598.jpg 1000w, https:\/\/uploads.acordacidade.com.br\/2026\/09\/Cantor-sertanejo-e-condenado-a-28-anos-de-prisao-por-feminicidio-Foto-Divulgacao-Tony-e-Gustavo-010926-450x269.jpg 450w, https:\/\/uploads.acordacidade.com.br\/2026\/09\/Cantor-sertanejo-e-condenado-a-28-anos-de-prisao-por-feminicidio-Foto-Divulgacao-Tony-e-Gustavo-010926-150x90.jpg 150w\" sizes=\"(max-width: 1200px) 100vw, 1200px\"><figcaption class=\"wp-element-caption\">Foto: Divulga\u00e7\u00e3o <\/figcaption><\/figure>\n<p class=\"wp-block-paragraph\">O crime ocorreu em abril de 2024 em Lumiar, distrito de Nova Friburgo, regi\u00e3o serrana do Rio. Karen Mancini, ent\u00e3o com 39 anos de idade, foi morta ap\u00f3s ser agredida, segundo laudo da necropsia, por 114 golpes que causaram hemorragia e traumatismo.<\/p>\n<figure class=\"wp-block-image size-full\"><img decoding=\"async\" width=\"1250\" height=\"703\" src=\"http:\/\/noticiasbahia360.com.br\/wp-content\/uploads\/2026\/09\/Karen-Mancini-Foto-Reproducao-010926.jpg\" alt=\"Karen Mancini \" class=\"wp-image-686803\" srcset=\"http:\/\/noticiasbahia360.com.br\/wp-content\/uploads\/2026\/09\/Karen-Mancini-Foto-Reproducao-010926.jpg 1250w, https:\/\/uploads.acordacidade.com.br\/2026\/09\/Karen-Mancini-Foto-Reproducao-010926-750x422.jpg 750w, https:\/\/uploads.acordacidade.com.br\/2026\/09\/Karen-Mancini-Foto-Reproducao-010926-1000x562.jpg 1000w, https:\/\/uploads.acordacidade.com.br\/2026\/09\/Karen-Mancini-Foto-Reproducao-010926-450x253.jpg 450w, https:\/\/uploads.acordacidade.com.br\/2026\/09\/Karen-Mancini-Foto-Reproducao-010926-150x84.jpg 150w\" sizes=\"(max-width: 1250px) 100vw, 1250px\"><figcaption class=\"wp-element-caption\">Karen Mancini | Foto: Reprodu\u00e7\u00e3o<\/figcaption><\/figure>\n<p class=\"wp-block-paragraph\">Na decis\u00e3o, a ju\u00edza Nearis dos Santos Carvalho Arce destacou a crueldade da a\u00e7\u00e3o do cantor sertanejo ao praticar o feminic\u00eddio com mais de 100 golpes, sem chances de defesa para a v\u00edtima.<\/p>\n<p class=\"wp-block-paragraph\">\u201cCom aud\u00e1cia extremamente reprov\u00e1vel, espancando a v\u00edtima de forma brutal dentro de sua pr\u00f3pria resid\u00eancia, onde morava com o r\u00e9u, golpeando-a por todo o corpo, em especial na regi\u00e3o da cabe\u00e7a. O r\u00e9u sequer prestou socorro a Karen, que teve como causa mortis \u2018traumatismo craniano encef\u00e1lico\u2019, como demonstrou o laudo de necropsia, tornando ainda mais gravosa sua conduta\u201d, escreveu a magistrada.<\/p>\n<p class=\"wp-block-paragraph\">A frieza do r\u00e9u na pr\u00e1tica do feminic\u00eddio triplamente qualificado tamb\u00e9m foi ressaltada pela ju\u00edza na senten\u00e7a.<\/p>\n<p class=\"wp-block-paragraph\">\u201cAssim, foram reconhecidos pelos jurados a motiva\u00e7\u00e3o f\u00fatil \u2013 qual seja desentendimento entre o casal, o emprego de meio cruel, em raz\u00e3o da extensa quantidade de les\u00f5es empregadas \u2013 as quais causaram intenso e desnecess\u00e1rio sofrimento \u00e0 v\u00edtima, evidenciando a frieza e o menosprezo pela vida humana\u201d.<\/p>\n<p class=\"wp-block-paragraph\">A ju\u00edza Nearis Carvalho destacou ainda na decis\u00e3o que \u201cdurante a a\u00e7\u00e3o criminosa, o perito respons\u00e1vel pelo laudo de necropsia atestou que a quantidade de les\u00f5es \u00e9 classificada como tortura, pois causa padecimento desnecess\u00e1rio \u00e0 v\u00edtima\u201d.<\/p>\n<p class=\"wp-block-paragraph\"><em>Siga o Acorda Cidade no\u00a0<\/em><a href=\"https:\/\/news.google.com\/search?q=acorda%20cidade&amp;hl=pt-BR&amp;gl=BR&amp;ceid=BR%3Apt-419\"><strong><em>Google Not\u00edcias<\/em><\/strong><\/a><em>\u00a0e receba os principais destaques do dia. Participe tamb\u00e9m dos nossos canais no\u00a0<\/em><a href=\"https:\/\/www.whatsapp.com\/channel\/0029Va6Rb4v3WHTNnsh8WI3N\"><strong><em>WhatsApp<\/em><\/strong><\/a><em>\u00a0e\u00a0<\/em><a href=\"https:\/\/www.youtube.com\/@acordacidadenoticias\/videos\"><strong>YouTube<\/strong><\/a><em>\u00a0e do grupo no\u00a0<\/em><a href=\"https:\/\/t.me\/+sSz0khrgARA0ZmRh\"><strong><em>Telegram<\/em><\/strong><\/a><em>.<\/em><\/p>\n<\/div>\n","protected":false},"excerpt":{"rendered":"<p>Karen Mancini e Clodoaldo Queiroz de Oliveira | Foto: Reprodu\u00e7\u00e3o\/ Redes Sociais Ag\u00eancia Brasil \u2013<\/p>\n","protected":false},"author":1,"featured_media":148294,"comment_status":"closed","ping_status":"closed","sticky":false,"template":"","format":"gallery","meta":{"footnotes":""},"categories":[8,9,6,57,56,10],"tags":[],"class_list":["post-148293","post","type-post","status-publish","format-gallery","has-post-thumbnail","hentry","category-bahia","category-brasil","category-feira-de-santana","category-mundo","category-policia","category-politica","post_format-post-format-gallery"],"featured_image_urls":{"full":["https:\/\/noticiasbahia360.com.br\/wp-content\/uploads\/2026\/09\/Karen-Mancini-e-Clodoaldo-Queiroz-de-Oliveira-Foto-Reproducao-Redes-Sociais-010926.jpg",1270,707,false],"thumbnail":["https:\/\/noticiasbahia360.com.br\/wp-content\/uploads\/2026\/09\/Karen-Mancini-e-Clodoaldo-Queiroz-de-Oliveira-Foto-Reproducao-Redes-Sociais-010926-150x150.jpg",150,150,true],"medium":["https:\/\/noticiasbahia360.com.br\/wp-content\/uploads\/2026\/09\/Karen-Mancini-e-Clodoaldo-Queiroz-de-Oliveira-Foto-Reproducao-Redes-Sociais-010926-300x167.jpg",300,167,true],"medium_large":["https:\/\/noticiasbahia360.com.br\/wp-content\/uploads\/2026\/09\/Karen-Mancini-e-Clodoaldo-Queiroz-de-Oliveira-Foto-Reproducao-Redes-Sociais-010926-768x428.jpg",640,357,true],"large":["https:\/\/noticiasbahia360.com.br\/wp-content\/uploads\/2026\/09\/Karen-Mancini-e-Clodoaldo-Queiroz-de-Oliveira-Foto-Reproducao-Redes-Sociais-010926-1024x570.jpg",640,356,true],"1536x1536":["https:\/\/noticiasbahia360.com.br\/wp-content\/uploads\/2026\/09\/Karen-Mancini-e-Clodoaldo-Queiroz-de-Oliveira-Foto-Reproducao-Redes-Sociais-010926.jpg",1270,707,false],"2048x2048":["https:\/\/noticiasbahia360.com.br\/wp-content\/uploads\/2026\/09\/Karen-Mancini-e-Clodoaldo-Queiroz-de-Oliveira-Foto-Reproducao-Redes-Sociais-010926.jpg",1270,707,false],"chromenews-featured":["https:\/\/noticiasbahia360.com.br\/wp-content\/uploads\/2026\/09\/Karen-Mancini-e-Clodoaldo-Queiroz-de-Oliveira-Foto-Reproducao-Redes-Sociais-010926-1024x570.jpg",1024,570,true],"chromenews-large":["https:\/\/noticiasbahia360.com.br\/wp-content\/uploads\/2026\/09\/Karen-Mancini-e-Clodoaldo-Queiroz-de-Oliveira-Foto-Reproducao-Redes-Sociais-010926-825x575.jpg",825,575,true],"chromenews-medium":["https:\/\/noticiasbahia360.com.br\/wp-content\/uploads\/2026\/09\/Karen-Mancini-e-Clodoaldo-Queiroz-de-Oliveira-Foto-Reproducao-Redes-Sociais-010926-590x410.jpg",590,410,true]},"author_info":{"display_name":"noticiasbahia360.com.br","author_link":"https:\/\/noticiasbahia360.com.br\/?author=1"},"category_info":"<a href=\"https:\/\/noticiasbahia360.com.br\/?cat=8\" rel=\"category\">Bahia<\/a> <a href=\"https:\/\/noticiasbahia360.com.br\/?cat=9\" rel=\"category\">Brasil<\/a> <a href=\"https:\/\/noticiasbahia360.com.br\/?cat=6\" rel=\"category\">Feira de Santana<\/a> <a href=\"https:\/\/noticiasbahia360.com.br\/?cat=57\" rel=\"category\">Mundo<\/a> <a href=\"https:\/\/noticiasbahia360.com.br\/?cat=56\" rel=\"category\">Pol\u00edcia<\/a> <a href=\"https:\/\/noticiasbahia360.com.br\/?cat=10\" rel=\"category\">Pol\u00edtica<\/a>","tag_info":"Pol\u00edtica","comment_count":"0","_links":{"self":[{"href":"https:\/\/noticiasbahia360.com.br\/index.php?rest_route=\/wp\/v2\/posts\/148293","targetHints":{"allow":["GET"]}}],"collection":[{"href":"https:\/\/noticiasbahia360.com.br\/index.php?rest_route=\/wp\/v2\/posts"}],"about":[{"href":"https:\/\/noticiasbahia360.com.br\/index.php?rest_route=\/wp\/v2\/types\/post"}],"author":[{"embeddable":true,"href":"https:\/\/noticiasbahia360.com.br\/index.php?rest_route=\/wp\/v2\/users\/1"}],"replies":[{"embeddable":true,"href":"https:\/\/noticiasbahia360.com.br\/index.php?rest_route=%2Fwp%2Fv2%2Fcomments&post=148293"}],"version-history":[{"count":0,"href":"https:\/\/noticiasbahia360.com.br\/index.php?rest_route=\/wp\/v2\/posts\/148293\/revisions"}],"wp:featuredmedia":[{"embeddable":true,"href":"https:\/\/noticiasbahia360.com.br\/index.php?rest_route=\/wp\/v2\/media\/148294"}],"wp:attachment":[{"href":"https:\/\/noticiasbahia360.com.br\/index.php?rest_route=%2Fwp%2Fv2%2Fmedia&parent=148293"}],"wp:term":[{"taxonomy":"category","embeddable":true,"href":"https:\/\/noticiasbahia360.com.br\/index.php?rest_route=%2Fwp%2Fv2%2Fcategories&post=148293"},{"taxonomy":"post_tag","embeddable":true,"href":"https:\/\/noticiasbahia360.com.br\/index.php?rest_route=%2Fwp%2Fv2%2Ftags&post=148293"}],"curies":[{"name":"wp","href":"https:\/\/api.w.org\/{rel}","templated":true}]}}