{"id":148297,"date":"2026-09-01T13:03:53","date_gmt":"2026-09-01T16:03:53","guid":{"rendered":"https:\/\/noticiasbahia360.com.br\/?p=148297"},"modified":"2026-09-01T13:03:53","modified_gmt":"2026-09-01T16:03:53","slug":"morre-ex-vocalista-da-banda-calcinha-preta","status":"publish","type":"post","link":"https:\/\/noticiasbahia360.com.br\/?p=148297","title":{"rendered":"Morre ex-vocalista da banda Calcinha Preta"},"content":{"rendered":"<div>\n<div>\n<figure><img decoding=\"async\" src=\"http:\/\/noticiasbahia360.com.br\/wp-content\/uploads\/2026\/09\/Rogerio-Valenca.jpg\" alt=\"Rog\u00e9rio Valen\u00e7a\"><figcaption>Rog\u00e9rio Valen\u00e7a | Foto: Reprodu\u00e7\u00e3o\/ Redes sociais<\/figcaption><\/figure>\n<\/div>\n<p class=\"wp-block-paragraph\">O cantor Rog\u00e9rio Valen\u00e7a, ex-vocalista da banda Calcinha Preta, morreu na segunda-feira (31), aos 55 anos, em Aracaju (SE). O artista fazia tratamento para insufici\u00eancia renal e aguardava por um transplante de rim. A informa\u00e7\u00e3o foi confirmada pela fam\u00edlia de Rog\u00e9rio.\u00a0<\/p>\n<p class=\"wp-block-paragraph\">O cantor era natural de Garanhuns (PE) e, al\u00e9m da Banda Calcinha Preta, tamb\u00e9m j\u00e1 havia integrado o grupo Caviar com Rapadura. Atualmente, se apresentava no grupo Raio da Silibrina.<\/p>\n<p class=\"wp-block-paragraph\">A cerim\u00f4nia de vel\u00f3rio ocorre no Centro de Aracaju, na Rua Laranjeiras. O sepultamento ser\u00e1 realizado em Pernambuco, terra natal do artista. Ele deixa o esposo, com quem vivia h\u00e1 20 anos.\u00a0<\/p>\n<p class=\"wp-block-paragraph\">A Banda Raio da Silibrina lamentou a morte do cantor em uma publica\u00e7\u00e3o nas redes sociais: \u201cFicam a saudade, as lembran\u00e7as dos momentos vividos e a gratid\u00e3o por tudo que ele representou. Que Deus conforte o cora\u00e7\u00e3o de toda a fam\u00edlia, amigos e de todos que est\u00e3o sentindo essa perda. Rog\u00e9rio, sua hist\u00f3ria e sua presen\u00e7a jamais ser\u00e3o esquecidas. Descanse em paz\u201d.<\/p>\n<figure class=\"wp-block-embed is-type-rich is-provider-instagram wp-block-embed-instagram\">\n<div class=\"wp-block-embed__wrapper\"><iframe title=\"Instagram frame\" loading=\"lazy\" height=\"628\" class=\"instagram-embed-iframe\" src=\"https:\/\/www.instagram.com\/p\/DcucHu3NAMR\/embed\/\" allowtransparency=\"true\" frameborder=\"0\" scrolling=\"no\" onload=\"(function(o){window.instagramIframe = window.instagramIframe || []; window.instagramIframe.push(o);})(this)\" style=\"border: 0px; margin: 0 auto; max-width: 658px; width: calc(100% - 2px); border-radius: 4px; box-shadow: rgba(0, 0, 0, 0.498039) 0px 0px 1px 0px, rgba(0, 0, 0, 0.14902) 0px 1px 10px 0px; display: block; padding: 0px; background: rgb(255, 255, 255);\"><\/iframe><\/div>\n<\/figure>\n<p class=\"wp-block-paragraph\"><em>Siga o Acorda Cidade no\u00a0<\/em><a href=\"https:\/\/news.google.com\/search?q=acorda%20cidade&amp;hl=pt-BR&amp;gl=BR&amp;ceid=BR%3Apt-419\"><strong><em>Google Not\u00edcias<\/em><\/strong><\/a><em>\u00a0e receba os principais destaques do dia. Participe tamb\u00e9m dos nossos canais no\u00a0<\/em><a href=\"https:\/\/www.whatsapp.com\/channel\/0029Va6Rb4v3WHTNnsh8WI3N\"><strong><em>WhatsApp<\/em><\/strong><\/a><em>\u00a0e\u00a0<\/em><a href=\"https:\/\/www.youtube.com\/@acordacidadenoticias\/videos\"><strong>YouTube<\/strong><\/a><em>\u00a0e do grupo no\u00a0<\/em><a href=\"https:\/\/t.me\/+sSz0khrgARA0ZmRh\"><strong><em>Telegram<\/em><\/strong><\/a><em>.<\/em><a href=\"https:\/\/www.acordacidade.com.br\/colunas\/dilton-e-feito\/\"><\/a><\/p>\n<\/div>\n","protected":false},"excerpt":{"rendered":"<p>Rog\u00e9rio Valen\u00e7a | Foto: Reprodu\u00e7\u00e3o\/ Redes sociais O cantor Rog\u00e9rio Valen\u00e7a, ex-vocalista da banda Calcinha<\/p>\n","protected":false},"author":1,"featured_media":148298,"comment_status":"closed","ping_status":"closed","sticky":false,"template":"","format":"gallery","meta":{"footnotes":""},"categories":[8,9,6,57,56,10],"tags":[],"class_list":["post-148297","post","type-post","status-publish","format-gallery","has-post-thumbnail","hentry","category-bahia","category-brasil","category-feira-de-santana","category-mundo","category-policia","category-politica","post_format-post-format-gallery"],"featured_image_urls":{"full":["https:\/\/noticiasbahia360.com.br\/wp-content\/uploads\/2026\/09\/Rogerio-Valenca.jpg",1200,867,false],"thumbnail":["https:\/\/noticiasbahia360.com.br\/wp-content\/uploads\/2026\/09\/Rogerio-Valenca-150x150.jpg",150,150,true],"medium":["https:\/\/noticiasbahia360.com.br\/wp-content\/uploads\/2026\/09\/Rogerio-Valenca-300x217.jpg",300,217,true],"medium_large":["https:\/\/noticiasbahia360.com.br\/wp-content\/uploads\/2026\/09\/Rogerio-Valenca-768x555.jpg",640,463,true],"large":["https:\/\/noticiasbahia360.com.br\/wp-content\/uploads\/2026\/09\/Rogerio-Valenca-1024x740.jpg",640,463,true],"1536x1536":["https:\/\/noticiasbahia360.com.br\/wp-content\/uploads\/2026\/09\/Rogerio-Valenca.jpg",1200,867,false],"2048x2048":["https:\/\/noticiasbahia360.com.br\/wp-content\/uploads\/2026\/09\/Rogerio-Valenca.jpg",1200,867,false],"chromenews-featured":["https:\/\/noticiasbahia360.com.br\/wp-content\/uploads\/2026\/09\/Rogerio-Valenca-1024x740.jpg",1024,740,true],"chromenews-large":["https:\/\/noticiasbahia360.com.br\/wp-content\/uploads\/2026\/09\/Rogerio-Valenca-825x575.jpg",825,575,true],"chromenews-medium":["https:\/\/noticiasbahia360.com.br\/wp-content\/uploads\/2026\/09\/Rogerio-Valenca-590x410.jpg",590,410,true]},"author_info":{"display_name":"noticiasbahia360.com.br","author_link":"https:\/\/noticiasbahia360.com.br\/?author=1"},"category_info":"<a href=\"https:\/\/noticiasbahia360.com.br\/?cat=8\" rel=\"category\">Bahia<\/a> <a href=\"https:\/\/noticiasbahia360.com.br\/?cat=9\" rel=\"category\">Brasil<\/a> <a href=\"https:\/\/noticiasbahia360.com.br\/?cat=6\" rel=\"category\">Feira de Santana<\/a> <a href=\"https:\/\/noticiasbahia360.com.br\/?cat=57\" rel=\"category\">Mundo<\/a> <a href=\"https:\/\/noticiasbahia360.com.br\/?cat=56\" rel=\"category\">Pol\u00edcia<\/a> <a href=\"https:\/\/noticiasbahia360.com.br\/?cat=10\" rel=\"category\">Pol\u00edtica<\/a>","tag_info":"Pol\u00edtica","comment_count":"0","_links":{"self":[{"href":"https:\/\/noticiasbahia360.com.br\/index.php?rest_route=\/wp\/v2\/posts\/148297","targetHints":{"allow":["GET"]}}],"collection":[{"href":"https:\/\/noticiasbahia360.com.br\/index.php?rest_route=\/wp\/v2\/posts"}],"about":[{"href":"https:\/\/noticiasbahia360.com.br\/index.php?rest_route=\/wp\/v2\/types\/post"}],"author":[{"embeddable":true,"href":"https:\/\/noticiasbahia360.com.br\/index.php?rest_route=\/wp\/v2\/users\/1"}],"replies":[{"embeddable":true,"href":"https:\/\/noticiasbahia360.com.br\/index.php?rest_route=%2Fwp%2Fv2%2Fcomments&post=148297"}],"version-history":[{"count":0,"href":"https:\/\/noticiasbahia360.com.br\/index.php?rest_route=\/wp\/v2\/posts\/148297\/revisions"}],"wp:featuredmedia":[{"embeddable":true,"href":"https:\/\/noticiasbahia360.com.br\/index.php?rest_route=\/wp\/v2\/media\/148298"}],"wp:attachment":[{"href":"https:\/\/noticiasbahia360.com.br\/index.php?rest_route=%2Fwp%2Fv2%2Fmedia&parent=148297"}],"wp:term":[{"taxonomy":"category","embeddable":true,"href":"https:\/\/noticiasbahia360.com.br\/index.php?rest_route=%2Fwp%2Fv2%2Fcategories&post=148297"},{"taxonomy":"post_tag","embeddable":true,"href":"https:\/\/noticiasbahia360.com.br\/index.php?rest_route=%2Fwp%2Fv2%2Ftags&post=148297"}],"curies":[{"name":"wp","href":"https:\/\/api.w.org\/{rel}","templated":true}]}}