{"id":148299,"date":"2026-09-01T13:03:54","date_gmt":"2026-09-01T16:03:54","guid":{"rendered":"https:\/\/noticiasbahia360.com.br\/?p=148299"},"modified":"2026-09-01T13:03:54","modified_gmt":"2026-09-01T16:03:54","slug":"feira-de-santana-recebe-oficinas-gratuitas-de-gestao-de-carreira-na-musica-independente","status":"publish","type":"post","link":"https:\/\/noticiasbahia360.com.br\/?p=148299","title":{"rendered":"Feira de Santana recebe oficinas gratuitas de gest\u00e3o de carreira na m\u00fasica independente"},"content":{"rendered":"<div>\n<div>\n<figure><img decoding=\"async\" src=\"http:\/\/noticiasbahia360.com.br\/wp-content\/uploads\/2026\/09\/Projeto-FormaSons-realiza-oficinas-gratuitas-de-gestao-de-carreira-na-music-independente-em-Feira-de-Santana-Foto-Divulgacao-3.jpg\" alt=\"Projeto FormaSons realiza oficinas gratuitas de gest\u00e3o de carreira na m\u00fasica independente em Feira de Santana\"><figcaption>Foto: Divulga\u00e7\u00e3o<\/figcaption><\/figure>\n<\/div>\n<p class=\"wp-block-paragraph\">Entre os dias 1\u00ba e 3 de setembro de 2026, Feira de Santana recebe a segunda edi\u00e7\u00e3o do FormaSons \u2013 A Jornada de Gest\u00e3o de Carreira na M\u00fasica Independente, iniciativa voltada \u00e0 forma\u00e7\u00e3o e ao desenvolvimento profissional de artistas e agentes da cadeia produtiva da m\u00fasica. Integrado ao Festival Sons da Liberdade \u2013 Independ\u00eancia \u00e9 Autonomia, o projeto oferece tr\u00eas oficinas presenciais e gratuitas, com certifica\u00e7\u00e3o da Universidade Federal do Rec\u00f4ncavo da Bahia (UFRB).<\/p>\n<p class=\"wp-block-paragraph\">Realizado pelo Crossover Est\u00fadio, com produ\u00e7\u00e3o e media\u00e7\u00e3o de Lerry, e apoio institucional da UFRB e do Museu Casa do Sert\u00e3o, da Universidade Estadual de Feira de Santana (Uefs), o FormaSons \u00e9 direcionado a artistas, m\u00fasicos, produtores, t\u00e9cnicos, comunicadores e demais profissionais que atuam ou pretendem atuar no setor cultural.<\/p>\n<p class=\"wp-block-paragraph\">As atividades acontecem no Museu Casa do Sert\u00e3o, na Uefs, das 16h \u00e0s 19h, durante o per\u00edodo de inscri\u00e7\u00f5es dos Editais da Pol\u00edtica Nacional Aldir Blanc (Pnab) em Feira de Santana. A programa\u00e7\u00e3o foi estruturada para oferecer conhecimentos e ferramentas pr\u00e1ticas que contribuam para a elabora\u00e7\u00e3o de projetos culturais, a organiza\u00e7\u00e3o da trajet\u00f3ria profissional e o fortalecimento da comunica\u00e7\u00e3o e da apresenta\u00e7\u00e3o p\u00fablica dos artistas.<\/p>\n<h2 id=\"h-festival-sons-da-liberdade\" class=\"wp-block-heading\"><strong>Festival Sons da Liberdade<\/strong><\/h2>\n<p class=\"wp-block-paragraph\">O Festival Sons da Liberdade \u2013 Independ\u00eancia \u00e9 Autonomia \u00e9 uma iniciativa dedicada \u00e0 m\u00fasica, \u00e0 cultura e ao empreendedorismo, articulando diferentes dimens\u00f5es da cadeia produtiva da m\u00fasica independente, com \u00eanfase em forma\u00e7\u00e3o, performance e com\u00e9rcio.<\/p>\n<p class=\"wp-block-paragraph\">Idealizado por Lerry e realizado pela primeira vez em 2023, o Festival busca contribuir para o fortalecimento da produ\u00e7\u00e3o cultural local e regional, criando espa\u00e7os de circula\u00e7\u00e3o, forma\u00e7\u00e3o, interc\u00e2mbio e desenvolvimento profissional para artistas e demais agentes da cadeia produtiva da m\u00fasica.<\/p>\n<p class=\"wp-block-paragraph\">Nesse contexto, o FormaSons integra o Festival como uma a\u00e7\u00e3o de car\u00e1ter formativo, voltada especificamente ao desenvolvimento de compet\u00eancias relacionadas \u00e0 gest\u00e3o de carreira, elabora\u00e7\u00e3o de projetos e comunica\u00e7\u00e3o profissional.<\/p>\n<figure class=\"wp-block-image size-full\"><img fetchpriority=\"high\" fetchpriority=\"high\" decoding=\"async\" width=\"1200\" height=\"900\" src=\"http:\/\/noticiasbahia360.com.br\/wp-content\/uploads\/2026\/09\/Projeto-FormaSons-realiza-oficinas-gratuitas-de-gestao-de-carreira-na-musica-independente-em-Feira-de-Santana-Foto-Divulgacao-2.jpg\" alt=\"Projeto FormaSons realiza oficinas gratuitas de gest\u00e3o de carreira na m\u00fasica independente em Feira de Santana\" class=\"wp-image-686824\" srcset=\"http:\/\/noticiasbahia360.com.br\/wp-content\/uploads\/2026\/09\/Projeto-FormaSons-realiza-oficinas-gratuitas-de-gestao-de-carreira-na-musica-independente-em-Feira-de-Santana-Foto-Divulgacao-2.jpg 1200w, https:\/\/uploads.acordacidade.com.br\/2026\/09\/Projeto-FormaSons-realiza-oficinas-gratuitas-de-gestao-de-carreira-na-musica-independente-em-Feira-de-Santana-Foto-Divulgacao-2-750x563.jpg 750w, https:\/\/uploads.acordacidade.com.br\/2026\/09\/Projeto-FormaSons-realiza-oficinas-gratuitas-de-gestao-de-carreira-na-musica-independente-em-Feira-de-Santana-Foto-Divulgacao-2-1000x750.jpg 1000w, https:\/\/uploads.acordacidade.com.br\/2026\/09\/Projeto-FormaSons-realiza-oficinas-gratuitas-de-gestao-de-carreira-na-musica-independente-em-Feira-de-Santana-Foto-Divulgacao-2-450x338.jpg 450w, https:\/\/uploads.acordacidade.com.br\/2026\/09\/Projeto-FormaSons-realiza-oficinas-gratuitas-de-gestao-de-carreira-na-musica-independente-em-Feira-de-Santana-Foto-Divulgacao-2-150x113.jpg 150w\" sizes=\"(max-width: 1200px) 100vw, 1200px\"><figcaption class=\"wp-element-caption\">Foto: Divulga\u00e7\u00e3o<\/figcaption><\/figure>\n<h2 id=\"h-inscricoes\" class=\"wp-block-heading\"><strong>Inscri\u00e7\u00f5es<\/strong><\/h2>\n<p class=\"wp-block-paragraph\">As inscri\u00e7\u00f5es s\u00e3o gratuitas e est\u00e3o dispon\u00edveis para 20 participantes por oficina. Os interessados podem realizar a inscri\u00e7\u00e3o por meio do formul\u00e1rio: <a href=\"https:\/\/forms.gle\/yAL8gVepYK78bGqC8\" target=\"_blank\" rel=\"noreferrer noopener\">https:\/\/forms.gle\/yAL8gVepYK78bGqC8<\/a><\/p>\n<p class=\"wp-block-paragraph\">Os participantes receber\u00e3o certifica\u00e7\u00e3o emitida pela Universidade Federal do Rec\u00f4ncavo da Bahia (UFRB).<\/p>\n<h2 id=\"h-programacao\" class=\"wp-block-heading\"><strong>Programa\u00e7\u00e3o<\/strong><\/h2>\n<p class=\"wp-block-paragraph\">A programa\u00e7\u00e3o re\u00fane tr\u00eas oficinas presenciais, com 20 vagas por atividade e tr\u00eas horas de dura\u00e7\u00e3o cada:<\/p>\n<p class=\"wp-block-paragraph\">01 de setembro \u2013 Elabora\u00e7\u00e3o de Projetos Culturais<br \/>Com Lerry<\/p>\n<p class=\"wp-block-paragraph\">02 de setembro \u2013 Cria\u00e7\u00e3o de Portf\u00f3lio Art\u00edstico<br \/>Com Uyat\u00e3 Rayra<\/p>\n<p class=\"wp-block-paragraph\">03 de setembro \u2013 M\u00eddia Kit, Comunica\u00e7\u00e3o com a Imprensa e Clipagem<br \/>Com Karol Freitas<\/p>\n<p class=\"wp-block-paragraph\">As atividades foram pensadas de forma complementar, contemplando diferentes etapas da constru\u00e7\u00e3o e da profissionaliza\u00e7\u00e3o de uma trajet\u00f3ria art\u00edstica. A proposta \u00e9 apresentar ferramentas que possam ser aplicadas tanto na organiza\u00e7\u00e3o da carreira quanto na participa\u00e7\u00e3o em editais, na apresenta\u00e7\u00e3o de propostas e na rela\u00e7\u00e3o com o mercado e os meios de comunica\u00e7\u00e3o.<\/p>\n<h2 id=\"h-sobre-os-instrutores\" class=\"wp-block-heading\"><strong>Sobre os instrutores<\/strong><\/h2>\n<h3 id=\"h-lerry\" class=\"wp-block-heading\"><strong>Lerry<\/strong><\/h3>\n<p class=\"wp-block-paragraph\">Lerry \u00e9 graduado em Produ\u00e7\u00e3o Musical, pelo CECULT\/UFRB, em 2025, e mestrando em Artes pela mesma institui\u00e7\u00e3o, com ingresso em 2026. \u00c9 tamb\u00e9m egresso do Curso T\u00e9cnico em Instrumentos Musicais do ProSub, conclu\u00eddo em 2022.<\/p>\n<p class=\"wp-block-paragraph\">Natural de Feira de Santana, atua como m\u00fasico multi-instrumentista, DJ, produtor musical, gestor e produtor cultural. Sua trajet\u00f3ria re\u00fane experi\u00eancias art\u00edsticas e de gest\u00e3o, com atua\u00e7\u00e3o crescente na elabora\u00e7\u00e3o, produ\u00e7\u00e3o e execu\u00e7\u00e3o de projetos culturais.<\/p>\n<p class=\"wp-block-paragraph\">\u00c9 respons\u00e1vel pela viabilidade e execu\u00e7\u00e3o de projetos como Feira Soundsystem, F\u00eara Beat Remixes, \u00c1udio em Casa, \u201cE o \u00c1udio, Pessoal?\u201d, \u201cT\u00e1 na Lei\u201d e Ra\u00edzes do Samba de Roda, al\u00e9m de ser idealizador do Festival Sons da Liberdade e do FormaSons.<\/p>\n<h3 id=\"h-uyata-rayra\" class=\"wp-block-heading\"><strong>Uyat\u00e3 Rayra<\/strong><\/h3>\n<p class=\"wp-block-paragraph\">Uyat\u00e3 Rayra \u00e9 mestre em Cultura e Sociedade pela Universidade Federal da Bahia (UFBA) e atua como produtor, curador, parecerista, multi-artista e pesquisador.<\/p>\n<p class=\"wp-block-paragraph\">Iniciou sua trajet\u00f3ria na produ\u00e7\u00e3o e elabora\u00e7\u00e3o de projetos culturais em 2015, acumulando experi\u00eancias na realiza\u00e7\u00e3o de iniciativas e festivais. Entre seus trabalhos, est\u00e3o a produ\u00e7\u00e3o do Ressonar Festival, realizado por meio da Lei Aldir Blanc 1, em 2021, e do Feira Noise Festival, contemplado pela Lei Aldir Blanc 1, em 2021, e pelo Fazcultura, em 2022, com patroc\u00ednio da Natura Musical.<\/p>\n<p class=\"wp-block-paragraph\">Tamb\u00e9m desenvolveu trabalhos junto a artistas e coletivos, como Africania e o Coletivo Novos Cachoeiranos, com participa\u00e7\u00e3o na coordena\u00e7\u00e3o de circula\u00e7\u00f5es internacionais em Mo\u00e7ambique e \u00c1frica do Sul, em 2019, e na Col\u00f4mbia, em 2020.<\/p>\n<h3 id=\"h-karol-freitas\" class=\"wp-block-heading\"><strong>Karol Freitas<\/strong><\/h3>\n<p class=\"wp-block-paragraph\">Karol Freitas \u00e9 jornalista, graduada em Comunica\u00e7\u00e3o Social pela Faculdade An\u00edsio Teixeira (2021) e advogada, graduada em Direito pela Universidade Federal da Bahia (2015). Com atua\u00e7\u00e3o na \u00e1rea de comunica\u00e7\u00e3o e produ\u00e7\u00e3o h\u00e1 mais de 10 anos, a profissional, que tamb\u00e9m \u00e9 cantora e compositora, trabalha com assessoria de comunica\u00e7\u00e3o integrada (360\u00ba), como redatora publicit\u00e1ria, social media e assessora de imprensa.<\/p>\n<p class=\"wp-block-paragraph\">Sua experi\u00eancia inclui atua\u00e7\u00e3o no r\u00e1dio como rep\u00f3rter, apresentadora, roteirista e produtora, al\u00e9m do desenvolvimento de trabalhos de assessoria de comunica\u00e7\u00e3o, como elabora\u00e7\u00e3o de releases, relacionamento com ve\u00edculos de comunica\u00e7\u00e3o, media\u00e7\u00e3o de entrevistas, follow-up e clipagem, bem como administra\u00e7\u00e3o de redes sociais.<\/p>\n<p class=\"wp-block-paragraph\">Sua atua\u00e7\u00e3o na comunica\u00e7\u00e3o cultural inclui o desenvolvimento de estrat\u00e9gias e ferramentas voltadas \u00e0 divulga\u00e7\u00e3o de artistas, projetos e iniciativas culturais, contribuindo para ampliar sua presen\u00e7a na m\u00eddia e fortalecer sua rela\u00e7\u00e3o com diferentes p\u00fablicos<\/p>\n<figure class=\"wp-block-image size-full\"><img decoding=\"async\" width=\"1200\" height=\"942\" src=\"http:\/\/noticiasbahia360.com.br\/wp-content\/uploads\/2026\/09\/Projeto-FormaSons-realiza-oficinas-gratuitas-de-gestao-de-carreira-na-musica-independente-em-Feira-de-Santana-Foto-Divulgacao.jpg\" alt=\"Projeto FormaSons realiza oficinas gratuitas de gest\u00e3o de carreira na m\u00fasica independente em Feira de Santana\" class=\"wp-image-686822\" srcset=\"http:\/\/noticiasbahia360.com.br\/wp-content\/uploads\/2026\/09\/Projeto-FormaSons-realiza-oficinas-gratuitas-de-gestao-de-carreira-na-musica-independente-em-Feira-de-Santana-Foto-Divulgacao.jpg 1200w, https:\/\/uploads.acordacidade.com.br\/2026\/09\/Projeto-FormaSons-realiza-oficinas-gratuitas-de-gestao-de-carreira-na-musica-independente-em-Feira-de-Santana-Foto-Divulgacao-750x589.jpg 750w, https:\/\/uploads.acordacidade.com.br\/2026\/09\/Projeto-FormaSons-realiza-oficinas-gratuitas-de-gestao-de-carreira-na-musica-independente-em-Feira-de-Santana-Foto-Divulgacao-1000x785.jpg 1000w, https:\/\/uploads.acordacidade.com.br\/2026\/09\/Projeto-FormaSons-realiza-oficinas-gratuitas-de-gestao-de-carreira-na-musica-independente-em-Feira-de-Santana-Foto-Divulgacao-450x353.jpg 450w, https:\/\/uploads.acordacidade.com.br\/2026\/09\/Projeto-FormaSons-realiza-oficinas-gratuitas-de-gestao-de-carreira-na-musica-independente-em-Feira-de-Santana-Foto-Divulgacao-150x118.jpg 150w\" sizes=\"(max-width: 1200px) 100vw, 1200px\"><figcaption class=\"wp-element-caption\">Foto: Divulga\u00e7\u00e3o<\/figcaption><\/figure>\n<h2 id=\"h-musica-formacao-e-autonomia\" class=\"wp-block-heading\"><strong>M\u00fasica, forma\u00e7\u00e3o e autonomia<\/strong><\/h2>\n<p class=\"wp-block-paragraph\">Ao aproximar conhecimentos de gest\u00e3o, produ\u00e7\u00e3o cultural e comunica\u00e7\u00e3o, o FormaSons parte da compreens\u00e3o de que a profissionaliza\u00e7\u00e3o da carreira art\u00edstica envolve n\u00e3o apenas a cria\u00e7\u00e3o e a performance, mas tamb\u00e9m a capacidade de planejar, apresentar, comunicar e gerir projetos e trajet\u00f3rias profissionais.<\/p>\n<p class=\"wp-block-paragraph\">A iniciativa busca, assim, contribuir para que artistas e agentes culturais tenham maior autonomia na constru\u00e7\u00e3o de suas carreiras e estejam mais preparados para acessar oportunidades de financiamento, circula\u00e7\u00e3o, divulga\u00e7\u00e3o e inser\u00e7\u00e3o profissional.<\/p>\n<p class=\"wp-block-paragraph\">A segunda edi\u00e7\u00e3o do FormaSons acontece em um momento especialmente relevante para o setor cultural de Feira de Santana, durante o per\u00edodo de inscri\u00e7\u00f5es dos Editais da Pol\u00edtica Nacional Aldir Blanc (Pnab) no munic\u00edpio, aproximando a forma\u00e7\u00e3o oferecida pelo projeto de uma demanda concreta enfrentada por artistas e produtores culturais.<\/p>\n<h2 id=\"h-apoio-e-realizacao\" class=\"wp-block-heading\"><strong>Apoio e realiza\u00e7\u00e3o<\/strong><\/h2>\n<p class=\"wp-block-paragraph\">O Festival Sons da Liberdade \u00e9 uma realiza\u00e7\u00e3o do Crossover Est\u00fadio, com produ\u00e7\u00e3o e media\u00e7\u00e3o do produtor musical Lerry e foi contemplado nos Editais da Pol\u00edtica Nacional Aldir Blanc \u2013 Pnab 2025 e conta com apoio financeiro da Prefeitura de Feira de Santana, por meio da Secretaria de Cultura, Esporte e Lazer, via Pnab, pol\u00edtica direcionada pelo Minist\u00e9rio da Cultura \u2013 Governo Federal. O projeto conta ainda com apoio institucional da Universidade Estadual de Feira de Santana (Uefs), da Universidade Federal do Rec\u00f4ncavo da Bahia (UFRB) e do Museu Casa do Sert\u00e3o.<\/p>\n<h2 id=\"h-servico\" class=\"wp-block-heading\"><strong>Servi\u00e7o<\/strong><\/h2>\n<p class=\"wp-block-paragraph\">FormaSons \u2013 A Jornada de Gest\u00e3o de Carreira na M\u00fasica Independente<\/p>\n<p class=\"wp-block-paragraph\">Datas: 1\u00ba, 2 e 3 de setembro de 2026<br \/>Hor\u00e1rio: 16h \u00e0s 19h<br \/>Local: Museu Casa do Sert\u00e3o \u2013 Uefs, Feira de Santana \u2013 BA<\/p>\n<p class=\"wp-block-paragraph\">Programa\u00e7\u00e3o:<br \/>01\/09 \u2013 Elabora\u00e7\u00e3o de Projetos Culturais \u2013 Lerry<br \/>02\/09 \u2013 Cria\u00e7\u00e3o de Portf\u00f3lio Art\u00edstico \u2013 Uyat\u00e3 Rayra<br \/>03\/09 \u2013 M\u00eddia Kit, Comunica\u00e7\u00e3o com a Imprensa e Clipagem \u2013 Karol Freitas<\/p>\n<p class=\"wp-block-paragraph\">Inscri\u00e7\u00f5es: gratuitas | 20 vagas por oficina<br \/>Formul\u00e1rio:<a href=\"https:\/\/forms.gle\/yAL8gVepYK78bGqC8\" target=\"_blank\" rel=\"noreferrer noopener\"> https:\/\/forms.gle\/yAL8gVepYK78bGqC8<\/a><\/p>\n<p class=\"wp-block-paragraph\">Certifica\u00e7\u00e3o: Universidade Federal do Rec\u00f4ncavo da Bahia \u2013 UFRB<br \/>Realiza\u00e7\u00e3o: Crossover Est\u00fadio<br \/>Produ\u00e7\u00e3o e media\u00e7\u00e3o: Lerry<br \/>Apoio: UFRB e Museu Casa do Sert\u00e3o<br \/>Informa\u00e7\u00f5es: <a href=\"tel:(75)%2098242-8234\" target=\"_blank\" rel=\"noreferrer noopener\">(75) 98242-8234<\/a><br \/>Instagram: @formasons<\/p>\n<p class=\"wp-block-paragraph\"><em>Siga o Acorda Cidade no\u00a0<\/em><a href=\"https:\/\/news.google.com\/search?q=acorda%20cidade&amp;hl=pt-BR&amp;gl=BR&amp;ceid=BR%3Apt-419\"><strong><em>Google Not\u00edcias<\/em><\/strong><\/a><em>\u00a0e receba os principais destaques do dia. Participe tamb\u00e9m dos nossos canais no\u00a0<\/em><a href=\"https:\/\/www.whatsapp.com\/channel\/0029Va6Rb4v3WHTNnsh8WI3N\"><strong><em>WhatsApp<\/em><\/strong><\/a><em>\u00a0e\u00a0<\/em><a href=\"https:\/\/www.youtube.com\/@acordacidadenoticias\/videos\"><strong>YouTube<\/strong><\/a><em>\u00a0e do grupo no\u00a0<\/em><a href=\"https:\/\/t.me\/+sSz0khrgARA0ZmRh\"><strong><em>Telegram<\/em><\/strong><\/a><em>.<\/em><\/p>\n<\/div>\n","protected":false},"excerpt":{"rendered":"<p>Foto: Divulga\u00e7\u00e3o Entre os dias 1\u00ba e 3 de setembro de 2026, Feira de Santana<\/p>\n","protected":false},"author":1,"featured_media":148300,"comment_status":"closed","ping_status":"closed","sticky":false,"template":"","format":"gallery","meta":{"footnotes":""},"categories":[8,9,6,57,56,10],"tags":[],"class_list":["post-148299","post","type-post","status-publish","format-gallery","has-post-thumbnail","hentry","category-bahia","category-brasil","category-feira-de-santana","category-mundo","category-policia","category-politica","post_format-post-format-gallery"],"featured_image_urls":{"full":["https:\/\/noticiasbahia360.com.br\/wp-content\/uploads\/2026\/09\/Projeto-FormaSons-realiza-oficinas-gratuitas-de-gestao-de-carreira-na-music-independente-em-Feira-de-Santana-Foto-Divulgacao-3.jpg",1200,900,false],"thumbnail":["https:\/\/noticiasbahia360.com.br\/wp-content\/uploads\/2026\/09\/Projeto-FormaSons-realiza-oficinas-gratuitas-de-gestao-de-carreira-na-music-independente-em-Feira-de-Santana-Foto-Divulgacao-3-150x150.jpg",150,150,true],"medium":["https:\/\/noticiasbahia360.com.br\/wp-content\/uploads\/2026\/09\/Projeto-FormaSons-realiza-oficinas-gratuitas-de-gestao-de-carreira-na-music-independente-em-Feira-de-Santana-Foto-Divulgacao-3-300x225.jpg",300,225,true],"medium_large":["https:\/\/noticiasbahia360.com.br\/wp-content\/uploads\/2026\/09\/Projeto-FormaSons-realiza-oficinas-gratuitas-de-gestao-de-carreira-na-music-independente-em-Feira-de-Santana-Foto-Divulgacao-3-768x576.jpg",640,480,true],"large":["https:\/\/noticiasbahia360.com.br\/wp-content\/uploads\/2026\/09\/Projeto-FormaSons-realiza-oficinas-gratuitas-de-gestao-de-carreira-na-music-independente-em-Feira-de-Santana-Foto-Divulgacao-3-1024x768.jpg",640,480,true],"1536x1536":["https:\/\/noticiasbahia360.com.br\/wp-content\/uploads\/2026\/09\/Projeto-FormaSons-realiza-oficinas-gratuitas-de-gestao-de-carreira-na-music-independente-em-Feira-de-Santana-Foto-Divulgacao-3.jpg",1200,900,false],"2048x2048":["https:\/\/noticiasbahia360.com.br\/wp-content\/uploads\/2026\/09\/Projeto-FormaSons-realiza-oficinas-gratuitas-de-gestao-de-carreira-na-music-independente-em-Feira-de-Santana-Foto-Divulgacao-3.jpg",1200,900,false],"chromenews-featured":["https:\/\/noticiasbahia360.com.br\/wp-content\/uploads\/2026\/09\/Projeto-FormaSons-realiza-oficinas-gratuitas-de-gestao-de-carreira-na-music-independente-em-Feira-de-Santana-Foto-Divulgacao-3-1024x768.jpg",1024,768,true],"chromenews-large":["https:\/\/noticiasbahia360.com.br\/wp-content\/uploads\/2026\/09\/Projeto-FormaSons-realiza-oficinas-gratuitas-de-gestao-de-carreira-na-music-independente-em-Feira-de-Santana-Foto-Divulgacao-3-825x575.jpg",825,575,true],"chromenews-medium":["https:\/\/noticiasbahia360.com.br\/wp-content\/uploads\/2026\/09\/Projeto-FormaSons-realiza-oficinas-gratuitas-de-gestao-de-carreira-na-music-independente-em-Feira-de-Santana-Foto-Divulgacao-3-590x410.jpg",590,410,true]},"author_info":{"display_name":"noticiasbahia360.com.br","author_link":"https:\/\/noticiasbahia360.com.br\/?author=1"},"category_info":"<a href=\"https:\/\/noticiasbahia360.com.br\/?cat=8\" rel=\"category\">Bahia<\/a> <a href=\"https:\/\/noticiasbahia360.com.br\/?cat=9\" rel=\"category\">Brasil<\/a> <a href=\"https:\/\/noticiasbahia360.com.br\/?cat=6\" rel=\"category\">Feira de Santana<\/a> <a href=\"https:\/\/noticiasbahia360.com.br\/?cat=57\" rel=\"category\">Mundo<\/a> <a href=\"https:\/\/noticiasbahia360.com.br\/?cat=56\" rel=\"category\">Pol\u00edcia<\/a> <a href=\"https:\/\/noticiasbahia360.com.br\/?cat=10\" rel=\"category\">Pol\u00edtica<\/a>","tag_info":"Pol\u00edtica","comment_count":"0","_links":{"self":[{"href":"https:\/\/noticiasbahia360.com.br\/index.php?rest_route=\/wp\/v2\/posts\/148299","targetHints":{"allow":["GET"]}}],"collection":[{"href":"https:\/\/noticiasbahia360.com.br\/index.php?rest_route=\/wp\/v2\/posts"}],"about":[{"href":"https:\/\/noticiasbahia360.com.br\/index.php?rest_route=\/wp\/v2\/types\/post"}],"author":[{"embeddable":true,"href":"https:\/\/noticiasbahia360.com.br\/index.php?rest_route=\/wp\/v2\/users\/1"}],"replies":[{"embeddable":true,"href":"https:\/\/noticiasbahia360.com.br\/index.php?rest_route=%2Fwp%2Fv2%2Fcomments&post=148299"}],"version-history":[{"count":0,"href":"https:\/\/noticiasbahia360.com.br\/index.php?rest_route=\/wp\/v2\/posts\/148299\/revisions"}],"wp:featuredmedia":[{"embeddable":true,"href":"https:\/\/noticiasbahia360.com.br\/index.php?rest_route=\/wp\/v2\/media\/148300"}],"wp:attachment":[{"href":"https:\/\/noticiasbahia360.com.br\/index.php?rest_route=%2Fwp%2Fv2%2Fmedia&parent=148299"}],"wp:term":[{"taxonomy":"category","embeddable":true,"href":"https:\/\/noticiasbahia360.com.br\/index.php?rest_route=%2Fwp%2Fv2%2Fcategories&post=148299"},{"taxonomy":"post_tag","embeddable":true,"href":"https:\/\/noticiasbahia360.com.br\/index.php?rest_route=%2Fwp%2Fv2%2Ftags&post=148299"}],"curies":[{"name":"wp","href":"https:\/\/api.w.org\/{rel}","templated":true}]}}