{"id":148303,"date":"2026-09-01T13:03:56","date_gmt":"2026-09-01T16:03:56","guid":{"rendered":"https:\/\/noticiasbahia360.com.br\/?p=148303"},"modified":"2026-09-01T13:03:56","modified_gmt":"2026-09-01T16:03:56","slug":"homem-e-mulher-sao-presos-com-drogas-durante-operacao-contra-o-trafico-no-sul-da-bahia","status":"publish","type":"post","link":"https:\/\/noticiasbahia360.com.br\/?p=148303","title":{"rendered":"Homem e mulher s\u00e3o presos com drogas durante opera\u00e7\u00e3o contra o tr\u00e1fico no sul da Bahia"},"content":{"rendered":"<div>\n<div>\n<figure><img decoding=\"async\" src=\"http:\/\/noticiasbahia360.com.br\/wp-content\/uploads\/2026\/09\/Homem-e-mulher-sao-presos-com-drogas-durante-operacao-no-sul-da-Bahia-Foto-Divulgacao-Ascom-PCBA.jpg\" alt=\"Homem e mulher s\u00e3o presos com drogas durante opera\u00e7\u00e3o no sul da Bahia\"><figcaption>Foto: Divulga\u00e7\u00e3o\/ Ascom-PCBA<\/figcaption><\/figure>\n<\/div>\n<p class=\"wp-block-paragraph\">Um homem e uma mulher, ambos de 23 anos, foram presos em flagrante nesta ter\u00e7a-feira (1\u00ba), por tr\u00e1fico de drogas, em Porto Seguro, no bairro Porto Alegre. As pris\u00f5es ocorreram durante o cumprimento de um mandado de busca e apreens\u00e3o, no \u00e2mbito da Opera\u00e7\u00e3o Desmonte.<\/p>\n<p class=\"wp-block-paragraph\">As investiga\u00e7\u00f5es apontam que o im\u00f3vel em que eles estavam era utilizado para armazenamento, fracionamento e distribui\u00e7\u00e3o de drogas. Durante o cumprimento da ordem judicial, os suspeitos foram flagrados tentando dispensar parte do material no banheiro da resid\u00eancia. No local, foram apreendidos 96 tabletes de maconha, por\u00e7\u00f5es de skank, al\u00e9m de uma balan\u00e7a de precis\u00e3o e aparelhos celulares.<\/p>\n<p class=\"wp-block-paragraph\">Em um ve\u00edculo relacionado aos investigados, as equipes localizaram tamb\u00e9m por\u00e7\u00f5es de coca\u00edna. Conforme apurado, o autom\u00f3vel era utilizado para a distribui\u00e7\u00e3o e entrega das drogas. O carro e uma motocicleta tamb\u00e9m foram apreendidos durante a a\u00e7\u00e3o.<\/p>\n<p class=\"wp-block-paragraph\">Os dois foram conduzidos \u00e0 unidade policial para ado\u00e7\u00e3o das medidas cab\u00edveis. A a\u00e7\u00e3o foi realizada por equipes da 10\u00aa Delegacia de T\u00f3xicos e Entorpecentes (10\u00aa DTE\/Porto Seguro), da 1\u00aa Delegacia Territorial (1\u00aa DT\/Porto Seguro) e do Grupo de Apoio T\u00e9cnico e T\u00e1tico \u00e0 Investiga\u00e7\u00e3o (Gatti\/Descobrimento), com apoio do 8\u00ba Batalh\u00e3o da Pol\u00edcia Militar.<\/p>\n<p class=\"wp-block-paragraph\"><em>Siga o Acorda Cidade no\u00a0<\/em><a href=\"https:\/\/news.google.com\/search?q=acorda%20cidade&amp;hl=pt-BR&amp;gl=BR&amp;ceid=BR%3Apt-419\"><strong><em>Google Not\u00edcias<\/em><\/strong><\/a><em>\u00a0e receba os principais destaques do dia. Participe tamb\u00e9m dos nossos canais no\u00a0<\/em><a href=\"https:\/\/www.whatsapp.com\/channel\/0029Va6Rb4v3WHTNnsh8WI3N\"><strong><em>WhatsApp<\/em><\/strong><\/a><em>\u00a0e\u00a0<\/em><a href=\"https:\/\/www.youtube.com\/@acordacidadenoticias\/videos\"><strong>YouTube<\/strong><\/a><em>\u00a0e do grupo no\u00a0<\/em><a href=\"https:\/\/t.me\/+sSz0khrgARA0ZmRh\"><strong><em>Telegram<\/em><\/strong><\/a><em>.<\/em><\/p>\n<\/div>\n","protected":false},"excerpt":{"rendered":"<p>Foto: Divulga\u00e7\u00e3o\/ Ascom-PCBA Um homem e uma mulher, ambos de 23 anos, foram presos em<\/p>\n","protected":false},"author":1,"featured_media":148304,"comment_status":"closed","ping_status":"closed","sticky":false,"template":"","format":"gallery","meta":{"footnotes":""},"categories":[8,9,6,57,56,10],"tags":[],"class_list":["post-148303","post","type-post","status-publish","format-gallery","has-post-thumbnail","hentry","category-bahia","category-brasil","category-feira-de-santana","category-mundo","category-policia","category-politica","post_format-post-format-gallery"],"featured_image_urls":{"full":["https:\/\/noticiasbahia360.com.br\/wp-content\/uploads\/2026\/09\/Homem-e-mulher-sao-presos-com-drogas-durante-operacao-no-sul-da-Bahia-Foto-Divulgacao-Ascom-PCBA.jpg",1200,900,false],"thumbnail":["https:\/\/noticiasbahia360.com.br\/wp-content\/uploads\/2026\/09\/Homem-e-mulher-sao-presos-com-drogas-durante-operacao-no-sul-da-Bahia-Foto-Divulgacao-Ascom-PCBA-150x150.jpg",150,150,true],"medium":["https:\/\/noticiasbahia360.com.br\/wp-content\/uploads\/2026\/09\/Homem-e-mulher-sao-presos-com-drogas-durante-operacao-no-sul-da-Bahia-Foto-Divulgacao-Ascom-PCBA-300x225.jpg",300,225,true],"medium_large":["https:\/\/noticiasbahia360.com.br\/wp-content\/uploads\/2026\/09\/Homem-e-mulher-sao-presos-com-drogas-durante-operacao-no-sul-da-Bahia-Foto-Divulgacao-Ascom-PCBA-768x576.jpg",640,480,true],"large":["https:\/\/noticiasbahia360.com.br\/wp-content\/uploads\/2026\/09\/Homem-e-mulher-sao-presos-com-drogas-durante-operacao-no-sul-da-Bahia-Foto-Divulgacao-Ascom-PCBA-1024x768.jpg",640,480,true],"1536x1536":["https:\/\/noticiasbahia360.com.br\/wp-content\/uploads\/2026\/09\/Homem-e-mulher-sao-presos-com-drogas-durante-operacao-no-sul-da-Bahia-Foto-Divulgacao-Ascom-PCBA.jpg",1200,900,false],"2048x2048":["https:\/\/noticiasbahia360.com.br\/wp-content\/uploads\/2026\/09\/Homem-e-mulher-sao-presos-com-drogas-durante-operacao-no-sul-da-Bahia-Foto-Divulgacao-Ascom-PCBA.jpg",1200,900,false],"chromenews-featured":["https:\/\/noticiasbahia360.com.br\/wp-content\/uploads\/2026\/09\/Homem-e-mulher-sao-presos-com-drogas-durante-operacao-no-sul-da-Bahia-Foto-Divulgacao-Ascom-PCBA-1024x768.jpg",1024,768,true],"chromenews-large":["https:\/\/noticiasbahia360.com.br\/wp-content\/uploads\/2026\/09\/Homem-e-mulher-sao-presos-com-drogas-durante-operacao-no-sul-da-Bahia-Foto-Divulgacao-Ascom-PCBA-825x575.jpg",825,575,true],"chromenews-medium":["https:\/\/noticiasbahia360.com.br\/wp-content\/uploads\/2026\/09\/Homem-e-mulher-sao-presos-com-drogas-durante-operacao-no-sul-da-Bahia-Foto-Divulgacao-Ascom-PCBA-590x410.jpg",590,410,true]},"author_info":{"display_name":"noticiasbahia360.com.br","author_link":"https:\/\/noticiasbahia360.com.br\/?author=1"},"category_info":"<a href=\"https:\/\/noticiasbahia360.com.br\/?cat=8\" rel=\"category\">Bahia<\/a> <a href=\"https:\/\/noticiasbahia360.com.br\/?cat=9\" rel=\"category\">Brasil<\/a> <a href=\"https:\/\/noticiasbahia360.com.br\/?cat=6\" rel=\"category\">Feira de Santana<\/a> <a href=\"https:\/\/noticiasbahia360.com.br\/?cat=57\" rel=\"category\">Mundo<\/a> <a href=\"https:\/\/noticiasbahia360.com.br\/?cat=56\" rel=\"category\">Pol\u00edcia<\/a> <a href=\"https:\/\/noticiasbahia360.com.br\/?cat=10\" rel=\"category\">Pol\u00edtica<\/a>","tag_info":"Pol\u00edtica","comment_count":"0","_links":{"self":[{"href":"https:\/\/noticiasbahia360.com.br\/index.php?rest_route=\/wp\/v2\/posts\/148303","targetHints":{"allow":["GET"]}}],"collection":[{"href":"https:\/\/noticiasbahia360.com.br\/index.php?rest_route=\/wp\/v2\/posts"}],"about":[{"href":"https:\/\/noticiasbahia360.com.br\/index.php?rest_route=\/wp\/v2\/types\/post"}],"author":[{"embeddable":true,"href":"https:\/\/noticiasbahia360.com.br\/index.php?rest_route=\/wp\/v2\/users\/1"}],"replies":[{"embeddable":true,"href":"https:\/\/noticiasbahia360.com.br\/index.php?rest_route=%2Fwp%2Fv2%2Fcomments&post=148303"}],"version-history":[{"count":0,"href":"https:\/\/noticiasbahia360.com.br\/index.php?rest_route=\/wp\/v2\/posts\/148303\/revisions"}],"wp:featuredmedia":[{"embeddable":true,"href":"https:\/\/noticiasbahia360.com.br\/index.php?rest_route=\/wp\/v2\/media\/148304"}],"wp:attachment":[{"href":"https:\/\/noticiasbahia360.com.br\/index.php?rest_route=%2Fwp%2Fv2%2Fmedia&parent=148303"}],"wp:term":[{"taxonomy":"category","embeddable":true,"href":"https:\/\/noticiasbahia360.com.br\/index.php?rest_route=%2Fwp%2Fv2%2Fcategories&post=148303"},{"taxonomy":"post_tag","embeddable":true,"href":"https:\/\/noticiasbahia360.com.br\/index.php?rest_route=%2Fwp%2Fv2%2Ftags&post=148303"}],"curies":[{"name":"wp","href":"https:\/\/api.w.org\/{rel}","templated":true}]}}