{"id":148305,"date":"2026-09-01T13:03:57","date_gmt":"2026-09-01T16:03:57","guid":{"rendered":"https:\/\/noticiasbahia360.com.br\/?p=148305"},"modified":"2026-09-01T13:03:57","modified_gmt":"2026-09-01T16:03:57","slug":"justica-determina-que-instagram-reative-conta-do-vice-prefeito-de-feira-de-santana-pablo-pede-indenizacao-de-40-salarios-minimos","status":"publish","type":"post","link":"https:\/\/noticiasbahia360.com.br\/?p=148305","title":{"rendered":"Justi\u00e7a determina que Instagram reative conta do vice-prefeito de Feira de Santana; Pablo pede indeniza\u00e7\u00e3o de 40 sal\u00e1rios m\u00ednimos"},"content":{"rendered":"<div>\n<div>\n<figure><img decoding=\"async\" src=\"http:\/\/noticiasbahia360.com.br\/wp-content\/uploads\/2026\/09\/Intagram-de-Pablo-robertor-foto-reproducao-1-1.jpg\" alt=\"Instagram de Pablo roberto\"><figcaption>Foto: Reprodu\u00e7\u00e3o \/ Redes Sociais <\/figcaption><\/figure>\n<\/div>\n<p class=\"wp-block-paragraph\">A Justi\u00e7a determinou que a plataforma de redes sociais Instagram restabele\u00e7a, no prazo de 48 horas, o acesso <a href=\"https:\/\/www.acordacidade.com.br\/politica\/instagram-bloqueia-conta-de-pablo-roberto-vice-prefeito-de-feira-de-santana\/\" data-type=\"link\" data-id=\"https:\/\/www.acordacidade.com.br\/politica\/instagram-bloqueia-conta-de-pablo-roberto-vice-prefeito-de-feira-de-santana\/\">a conta do vice-prefeito e secret\u00e1rio de Educa\u00e7\u00e3o de Feira de Santana, Pablo Roberto. <\/a>Em caso de descumprimento, foi estabelecida multa di\u00e1ria de R$ 300. A decis\u00e3o foi proferida nesta ter\u00e7a-feira (1\u00ba), pela ju\u00edza Josefa Cristina Tomaz Martins Kunrath, da 1\u00aa Vara do Sistema dos Juizados de Feira de Santana.<\/p>\n<h2 id=\"h-o-que-dizia-a-peticao-do-vice-prefeito\" class=\"wp-block-heading\">O que dizia a peti\u00e7\u00e3o do vice-prefeito<\/h2>\n<p class=\"wp-block-paragraph\">Na peti\u00e7\u00e3o, os advogados pediram que a conta fosse reativada em 24 horas, com multa di\u00e1ria sugerida de mil reais, ou seja, um prazo menor e um valor maior ao decidido pela justi\u00e7a. Al\u00e9m disso, tamb\u00e9m foi requerida a indeniza\u00e7\u00e3o por danos morais no valor de 40 sal\u00e1rios m\u00ednimos, o equivalente a R$ 64.840. Em sua decis\u00e3o a ju\u00edza n\u00e3o mencionou o pedido de indeniza\u00e7\u00e3o, mas salientou que em caso de descumprimento, outras medidas poder\u00e3o ser tomadas para garantir a efetividade da ordem judicial.<\/p>\n<p class=\"wp-block-paragraph\">No pedido de tutela de urg\u00eancia apresentado contra a Facebook Servi\u00e7os Online do Brasil Ltda, Pablo informou ser titular do perfil, que tinha mais de 55 mil seguidores quando foi desativado unilateralmente pela plataforma, sem avisos pr\u00e9vios. A<a href=\"https:\/\/www.acordacidade.com.br\/politica\/instagram-bloqueia-conta-de-pablo-roberto-vice-prefeito-de-feira-de-santana\/\" data-type=\"link\" data-id=\"https:\/\/www.acordacidade.com.br\/politica\/instagram-bloqueia-conta-de-pablo-roberto-vice-prefeito-de-feira-de-santana\/\"> not\u00edcia do bloqueio foi divulgada na segunda-feira, 31 de agosto.<\/a><\/p>\n<p class=\"wp-block-paragraph\">O documento detalha tamb\u00e9m que ele ficou sem acesso \u00e0s fotos e v\u00eddeos publicados na conta, alguns dos quais, segundo ele, n\u00e3o estavam armazenados em outro local. O vice-prefeito tamb\u00e9m menciona a perda de acesso a publica\u00e7\u00f5es, mensagens e outras funcionalidades.<\/p>\n<p class=\"wp-block-paragraph\">Segundo o relato apresentado \u00e0 Justi\u00e7a ao qual o portal Acorda Cidade teve acesso, Pablo Roberto afirma que tentou resolver o problema diretamente com o Instagram utilizando os canais disponibilizados pela plataforma, mas n\u00e3o obteve sucesso o que o levou a ingressar com uma a\u00e7\u00e3o na justi\u00e7a.<\/p>\n<p class=\"wp-block-paragraph\"><strong>Leia tamb\u00e9m:<\/strong><a href=\"https:\/\/www.acordacidade.com.br\/politica\/instagram-bloqueia-conta-de-pablo-roberto-vice-prefeito-de-feira-de-santana\/\" data-type=\"link\" data-id=\"https:\/\/www.acordacidade.com.br\/politica\/instagram-bloqueia-conta-de-pablo-roberto-vice-prefeito-de-feira-de-santana\/\"> Instagram bloqueia conta de Pablo Roberto, vice-prefeito de Feira de Santana<\/a><\/p>\n<p class=\"wp-block-paragraph\"><em>Siga o Acorda Cidade no\u00a0<\/em><a href=\"https:\/\/news.google.com\/search?q=acorda%20cidade&amp;hl=pt-BR&amp;gl=BR&amp;ceid=BR%3Apt-419\"><strong><em>Google Not\u00edcias<\/em><\/strong><\/a><em>\u00a0e receba os principais destaques do dia. Participe tamb\u00e9m dos nossos canais no\u00a0<\/em><a href=\"https:\/\/www.whatsapp.com\/channel\/0029Va6Rb4v3WHTNnsh8WI3N\"><strong><em>WhatsApp<\/em><\/strong><\/a><em>\u00a0e\u00a0<\/em><a href=\"https:\/\/www.youtube.com\/@acordacidadenoticias\/videos\"><strong>YouTube<\/strong><\/a><em>\u00a0e do grupo no\u00a0<\/em><a href=\"https:\/\/t.me\/+sSz0khrgARA0ZmRh\"><strong><em>Telegram<\/em><\/strong><\/a><em>.<\/em><\/p>\n<\/div>\n","protected":false},"excerpt":{"rendered":"<p>Foto: Reprodu\u00e7\u00e3o \/ Redes Sociais A Justi\u00e7a determinou que a plataforma de redes sociais Instagram<\/p>\n","protected":false},"author":1,"featured_media":148306,"comment_status":"closed","ping_status":"closed","sticky":false,"template":"","format":"gallery","meta":{"footnotes":""},"categories":[8,9,6,57,56,10],"tags":[],"class_list":["post-148305","post","type-post","status-publish","format-gallery","has-post-thumbnail","hentry","category-bahia","category-brasil","category-feira-de-santana","category-mundo","category-policia","category-politica","post_format-post-format-gallery"],"featured_image_urls":{"full":["https:\/\/noticiasbahia360.com.br\/wp-content\/uploads\/2026\/09\/Intagram-de-Pablo-robertor-foto-reproducao-1-1.jpg",1200,675,false],"thumbnail":["https:\/\/noticiasbahia360.com.br\/wp-content\/uploads\/2026\/09\/Intagram-de-Pablo-robertor-foto-reproducao-1-1-150x150.jpg",150,150,true],"medium":["https:\/\/noticiasbahia360.com.br\/wp-content\/uploads\/2026\/09\/Intagram-de-Pablo-robertor-foto-reproducao-1-1-300x169.jpg",300,169,true],"medium_large":["https:\/\/noticiasbahia360.com.br\/wp-content\/uploads\/2026\/09\/Intagram-de-Pablo-robertor-foto-reproducao-1-1-768x432.jpg",640,360,true],"large":["https:\/\/noticiasbahia360.com.br\/wp-content\/uploads\/2026\/09\/Intagram-de-Pablo-robertor-foto-reproducao-1-1-1024x576.jpg",640,360,true],"1536x1536":["https:\/\/noticiasbahia360.com.br\/wp-content\/uploads\/2026\/09\/Intagram-de-Pablo-robertor-foto-reproducao-1-1.jpg",1200,675,false],"2048x2048":["https:\/\/noticiasbahia360.com.br\/wp-content\/uploads\/2026\/09\/Intagram-de-Pablo-robertor-foto-reproducao-1-1.jpg",1200,675,false],"chromenews-featured":["https:\/\/noticiasbahia360.com.br\/wp-content\/uploads\/2026\/09\/Intagram-de-Pablo-robertor-foto-reproducao-1-1-1024x576.jpg",1024,576,true],"chromenews-large":["https:\/\/noticiasbahia360.com.br\/wp-content\/uploads\/2026\/09\/Intagram-de-Pablo-robertor-foto-reproducao-1-1-825x575.jpg",825,575,true],"chromenews-medium":["https:\/\/noticiasbahia360.com.br\/wp-content\/uploads\/2026\/09\/Intagram-de-Pablo-robertor-foto-reproducao-1-1-590x410.jpg",590,410,true]},"author_info":{"display_name":"noticiasbahia360.com.br","author_link":"https:\/\/noticiasbahia360.com.br\/?author=1"},"category_info":"<a href=\"https:\/\/noticiasbahia360.com.br\/?cat=8\" rel=\"category\">Bahia<\/a> <a href=\"https:\/\/noticiasbahia360.com.br\/?cat=9\" rel=\"category\">Brasil<\/a> <a href=\"https:\/\/noticiasbahia360.com.br\/?cat=6\" rel=\"category\">Feira de Santana<\/a> <a href=\"https:\/\/noticiasbahia360.com.br\/?cat=57\" rel=\"category\">Mundo<\/a> <a href=\"https:\/\/noticiasbahia360.com.br\/?cat=56\" rel=\"category\">Pol\u00edcia<\/a> <a href=\"https:\/\/noticiasbahia360.com.br\/?cat=10\" rel=\"category\">Pol\u00edtica<\/a>","tag_info":"Pol\u00edtica","comment_count":"0","_links":{"self":[{"href":"https:\/\/noticiasbahia360.com.br\/index.php?rest_route=\/wp\/v2\/posts\/148305","targetHints":{"allow":["GET"]}}],"collection":[{"href":"https:\/\/noticiasbahia360.com.br\/index.php?rest_route=\/wp\/v2\/posts"}],"about":[{"href":"https:\/\/noticiasbahia360.com.br\/index.php?rest_route=\/wp\/v2\/types\/post"}],"author":[{"embeddable":true,"href":"https:\/\/noticiasbahia360.com.br\/index.php?rest_route=\/wp\/v2\/users\/1"}],"replies":[{"embeddable":true,"href":"https:\/\/noticiasbahia360.com.br\/index.php?rest_route=%2Fwp%2Fv2%2Fcomments&post=148305"}],"version-history":[{"count":0,"href":"https:\/\/noticiasbahia360.com.br\/index.php?rest_route=\/wp\/v2\/posts\/148305\/revisions"}],"wp:featuredmedia":[{"embeddable":true,"href":"https:\/\/noticiasbahia360.com.br\/index.php?rest_route=\/wp\/v2\/media\/148306"}],"wp:attachment":[{"href":"https:\/\/noticiasbahia360.com.br\/index.php?rest_route=%2Fwp%2Fv2%2Fmedia&parent=148305"}],"wp:term":[{"taxonomy":"category","embeddable":true,"href":"https:\/\/noticiasbahia360.com.br\/index.php?rest_route=%2Fwp%2Fv2%2Fcategories&post=148305"},{"taxonomy":"post_tag","embeddable":true,"href":"https:\/\/noticiasbahia360.com.br\/index.php?rest_route=%2Fwp%2Fv2%2Ftags&post=148305"}],"curies":[{"name":"wp","href":"https:\/\/api.w.org\/{rel}","templated":true}]}}