{"id":148307,"date":"2026-09-01T13:03:58","date_gmt":"2026-09-01T16:03:58","guid":{"rendered":"https:\/\/noticiasbahia360.com.br\/?p=148307"},"modified":"2026-09-01T13:03:58","modified_gmt":"2026-09-01T16:03:58","slug":"feira-de-santana-e-mais-17-cidades-terao-radiacao-uv-muito-alta-ou-extrema-ate-domingo-6-aponta-inema","status":"publish","type":"post","link":"https:\/\/noticiasbahia360.com.br\/?p=148307","title":{"rendered":"Feira de Santana e mais 17 cidades ter\u00e3o radia\u00e7\u00e3o UV muito alta ou extrema at\u00e9 domingo (6), aponta Inema"},"content":{"rendered":"<div>\n<div>\n<figure><img decoding=\"async\" src=\"http:\/\/noticiasbahia360.com.br\/wp-content\/uploads\/2026\/09\/Juazeiro-Foto-Ascom-Inema.jpg\" alt=\"Rio S\u00e3o Francisco na orla de Juazeiro, na Bahia\"><figcaption>Foto: Ascom\/ Inema<\/figcaption><\/figure>\n<\/div>\n<p class=\"wp-block-paragraph\">A radia\u00e7\u00e3o ultravioleta (IUV) <a href=\"https:\/\/www.acordacidade.com.br\/bahia\/bahia-deve-registrar-niveis-muito-altos-e-extremos-de-radiacao-ultravioleta-ate-domingo-30\/\">deve permanecer<\/a> em n\u00edveis muito altos ou extremos na Bahia ao longo desta semana, com \u00edndices entre 9 e 12 nas 18 cidades monitoradas pelo Instituto do Meio Ambiente e Recursos H\u00eddricos (Inema). A previs\u00e3o \u00e9 v\u00e1lida at\u00e9 domingo (6) e foi elaborada com dados do Centro de Previs\u00e3o de Tempo e Estudos Clim\u00e1ticos (CPTEC) do Instituto Nacional de Pesquisas Espaciais (Inpe). No entanto, os valores est\u00e3o dentro do padr\u00e3o climatol\u00f3gico esperado para o per\u00edodo no Estado.<\/p>\n<p class=\"wp-block-paragraph\">Em Salvador, o \u00edndice deve permanecer em 10 at\u00e9 quinta-feira (3) e subir para 11, considerado extremo, entre sexta (4) e domingo. Feira de Santana ter\u00e1 comportamento semelhante. J\u00e1 Paulo Afonso, Juazeiro e Remanso podem atingir IUV 12 no s\u00e1bado e no domingo. Senhor do Bonfim e Morro do Chap\u00e9u tamb\u00e9m devem alcan\u00e7ar esse patamar no domingo.<\/p>\n<p class=\"wp-block-paragraph\">O \u00cdndice Ultravioleta mede a intensidade da radia\u00e7\u00e3o UV que chega \u00e0 superf\u00edcie e os poss\u00edveis efeitos sobre a sa\u00fade. Pela classifica\u00e7\u00e3o da Organiza\u00e7\u00e3o Mundial da Sa\u00fade (OMS), \u00edndices de 8 a 10 s\u00e3o considerados muito altos, enquanto valores acima de 11 s\u00e3o extremos.<\/p>\n<p class=\"wp-block-paragraph\">Diante dos n\u00edveis previstos, o Inema recomenda aten\u00e7\u00e3o redobrada durante a exposi\u00e7\u00e3o ao sol, principalmente entre 10h e 16h. O uso de protetor solar, chap\u00e9u e \u00f3culos com prote\u00e7\u00e3o contra raios UV, al\u00e9m da hidrata\u00e7\u00e3o, ajuda a reduzir os riscos \u00e0 pele e aos olhos.<\/p>\n<h2 id=\"h-previsao-do-tempo\" class=\"wp-block-heading\">Previs\u00e3o do Tempo<\/h2>\n<p class=\"wp-block-paragraph\">Al\u00e9m da radia\u00e7\u00e3o elevada, a Bahia ter\u00e1 predom\u00ednio de tempo seco e ensolarado nesta ter\u00e7a-feira (1\u00ba). Salvador, Regi\u00e3o Metropolitana (RMS), Rec\u00f4ncavo e Litoral Norte podem registrar pancadas de chuva pela manh\u00e3, com tempo firme \u00e0 tarde. No Oeste, Sudoeste e Vale do S\u00e3o Francisco, a umidade relativa do ar pode ficar abaixo de 20% nas horas mais quentes.<\/p>\n<p class=\"wp-block-paragraph\">Para quarta-feira (2), a aproxima\u00e7\u00e3o de um sistema frontal deve provocar chuva de moderada a forte intensidade no Extremo Sul. Na capital e no Rec\u00f4ncavo, s\u00e3o esperadas chuvas passageiras pela manh\u00e3. As temperaturas tamb\u00e9m permanecem elevadas. As m\u00e1ximas podem chegar a 40\u00b0C em munic\u00edpios como Ibotirama e Bom Jesus da Lapa, enquanto Paulo Afonso pode registrar at\u00e9 39\u00b0C e Juazeiro, 37\u00b0C.<\/p>\n<p class=\"wp-block-paragraph\"><strong>Leia tamb\u00e9m: <\/strong><a href=\"https:\/\/www.acordacidade.com.br\/bahia\/bahia-deve-registrar-niveis-muito-altos-e-extremos-de-radiacao-ultravioleta-ate-domingo-30\/\">Bahia deve registrar n\u00edveis muito altos e extremos de radia\u00e7\u00e3o ultravioleta at\u00e9 domingo (30)<\/a><\/p>\n<p class=\"wp-block-paragraph\"><em>Siga o Acorda Cidade no\u00a0<\/em><a href=\"https:\/\/news.google.com\/search?q=acorda%20cidade&amp;hl=pt-BR&amp;gl=BR&amp;ceid=BR%3Apt-419\"><strong><em>Google Not\u00edcias<\/em><\/strong><\/a><em>\u00a0e receba os principais destaques do dia. Participe tamb\u00e9m dos nossos canais no\u00a0<\/em><a href=\"https:\/\/www.whatsapp.com\/channel\/0029Va6Rb4v3WHTNnsh8WI3N\"><strong><em>WhatsApp<\/em><\/strong><\/a><em>\u00a0e\u00a0<\/em><a href=\"https:\/\/www.youtube.com\/@acordacidadenoticias\/videos\"><strong>YouTube<\/strong><\/a><em>\u00a0e do grupo no\u00a0<\/em><a href=\"https:\/\/t.me\/+sSz0khrgARA0ZmRh\"><strong><em>Telegram<\/em><\/strong><\/a><em>.<\/em><\/p>\n<\/div>\n","protected":false},"excerpt":{"rendered":"<p>Foto: Ascom\/ Inema A radia\u00e7\u00e3o ultravioleta (IUV) deve permanecer em n\u00edveis muito altos ou extremos<\/p>\n","protected":false},"author":1,"featured_media":148308,"comment_status":"closed","ping_status":"closed","sticky":false,"template":"","format":"gallery","meta":{"footnotes":""},"categories":[8,9,6,57,56,10],"tags":[],"class_list":["post-148307","post","type-post","status-publish","format-gallery","has-post-thumbnail","hentry","category-bahia","category-brasil","category-feira-de-santana","category-mundo","category-policia","category-politica","post_format-post-format-gallery"],"featured_image_urls":{"full":["https:\/\/noticiasbahia360.com.br\/wp-content\/uploads\/2026\/09\/Juazeiro-Foto-Ascom-Inema.jpg",1200,800,false],"thumbnail":["https:\/\/noticiasbahia360.com.br\/wp-content\/uploads\/2026\/09\/Juazeiro-Foto-Ascom-Inema-150x150.jpg",150,150,true],"medium":["https:\/\/noticiasbahia360.com.br\/wp-content\/uploads\/2026\/09\/Juazeiro-Foto-Ascom-Inema-300x200.jpg",300,200,true],"medium_large":["https:\/\/noticiasbahia360.com.br\/wp-content\/uploads\/2026\/09\/Juazeiro-Foto-Ascom-Inema-768x512.jpg",640,427,true],"large":["https:\/\/noticiasbahia360.com.br\/wp-content\/uploads\/2026\/09\/Juazeiro-Foto-Ascom-Inema-1024x683.jpg",640,427,true],"1536x1536":["https:\/\/noticiasbahia360.com.br\/wp-content\/uploads\/2026\/09\/Juazeiro-Foto-Ascom-Inema.jpg",1200,800,false],"2048x2048":["https:\/\/noticiasbahia360.com.br\/wp-content\/uploads\/2026\/09\/Juazeiro-Foto-Ascom-Inema.jpg",1200,800,false],"chromenews-featured":["https:\/\/noticiasbahia360.com.br\/wp-content\/uploads\/2026\/09\/Juazeiro-Foto-Ascom-Inema-1024x683.jpg",1024,683,true],"chromenews-large":["https:\/\/noticiasbahia360.com.br\/wp-content\/uploads\/2026\/09\/Juazeiro-Foto-Ascom-Inema-825x575.jpg",825,575,true],"chromenews-medium":["https:\/\/noticiasbahia360.com.br\/wp-content\/uploads\/2026\/09\/Juazeiro-Foto-Ascom-Inema-590x410.jpg",590,410,true]},"author_info":{"display_name":"noticiasbahia360.com.br","author_link":"https:\/\/noticiasbahia360.com.br\/?author=1"},"category_info":"<a href=\"https:\/\/noticiasbahia360.com.br\/?cat=8\" rel=\"category\">Bahia<\/a> <a href=\"https:\/\/noticiasbahia360.com.br\/?cat=9\" rel=\"category\">Brasil<\/a> <a href=\"https:\/\/noticiasbahia360.com.br\/?cat=6\" rel=\"category\">Feira de Santana<\/a> <a href=\"https:\/\/noticiasbahia360.com.br\/?cat=57\" rel=\"category\">Mundo<\/a> <a href=\"https:\/\/noticiasbahia360.com.br\/?cat=56\" rel=\"category\">Pol\u00edcia<\/a> <a href=\"https:\/\/noticiasbahia360.com.br\/?cat=10\" rel=\"category\">Pol\u00edtica<\/a>","tag_info":"Pol\u00edtica","comment_count":"0","_links":{"self":[{"href":"https:\/\/noticiasbahia360.com.br\/index.php?rest_route=\/wp\/v2\/posts\/148307","targetHints":{"allow":["GET"]}}],"collection":[{"href":"https:\/\/noticiasbahia360.com.br\/index.php?rest_route=\/wp\/v2\/posts"}],"about":[{"href":"https:\/\/noticiasbahia360.com.br\/index.php?rest_route=\/wp\/v2\/types\/post"}],"author":[{"embeddable":true,"href":"https:\/\/noticiasbahia360.com.br\/index.php?rest_route=\/wp\/v2\/users\/1"}],"replies":[{"embeddable":true,"href":"https:\/\/noticiasbahia360.com.br\/index.php?rest_route=%2Fwp%2Fv2%2Fcomments&post=148307"}],"version-history":[{"count":0,"href":"https:\/\/noticiasbahia360.com.br\/index.php?rest_route=\/wp\/v2\/posts\/148307\/revisions"}],"wp:featuredmedia":[{"embeddable":true,"href":"https:\/\/noticiasbahia360.com.br\/index.php?rest_route=\/wp\/v2\/media\/148308"}],"wp:attachment":[{"href":"https:\/\/noticiasbahia360.com.br\/index.php?rest_route=%2Fwp%2Fv2%2Fmedia&parent=148307"}],"wp:term":[{"taxonomy":"category","embeddable":true,"href":"https:\/\/noticiasbahia360.com.br\/index.php?rest_route=%2Fwp%2Fv2%2Fcategories&post=148307"},{"taxonomy":"post_tag","embeddable":true,"href":"https:\/\/noticiasbahia360.com.br\/index.php?rest_route=%2Fwp%2Fv2%2Ftags&post=148307"}],"curies":[{"name":"wp","href":"https:\/\/api.w.org\/{rel}","templated":true}]}}