{"id":148309,"date":"2026-09-01T13:03:59","date_gmt":"2026-09-01T16:03:59","guid":{"rendered":"https:\/\/noticiasbahia360.com.br\/?p=148309"},"modified":"2026-09-01T13:03:59","modified_gmt":"2026-09-01T16:03:59","slug":"iel-abre-mais-de-500-vagas-de-estagio-na-bahia-confira","status":"publish","type":"post","link":"https:\/\/noticiasbahia360.com.br\/?p=148309","title":{"rendered":"IEL abre mais de 500 vagas de est\u00e1gio na Bahia; confira"},"content":{"rendered":"<div>\n<div>\n<figure><img decoding=\"async\" src=\"http:\/\/noticiasbahia360.com.br\/wp-content\/uploads\/2026\/09\/Estagio-no-IEL-foto-Sistema-Fieb.jpg\" alt=\"Est\u00e1gio no IEL - Instituto Euvaldo Lodi\"><figcaption>Foto: Sistema Fieb<\/figcaption><\/figure>\n<\/div>\n<p class=\"wp-block-paragraph\">O Instituto Euvaldo Lodi (IEL) est\u00e1 com <strong>551 vagas de est\u00e1gio abertas<\/strong> em diferentes cidades da Bahia. Deste total, 339 s\u00e3o para Salvador e Regi\u00e3o Metropolitana, 17 para Juazeiro, 88 para as Regi\u00f5es Sul e Extremo Sul, <strong>60 para Feira de Santana<\/strong>, 25 para Vit\u00f3ria da Conquista e 22 para Barreiras. Al\u00e9m das vagas de est\u00e1gio, tamb\u00e9m s\u00e3o oferecidas <strong>20 vagas do programa Inova Talentos<\/strong>.<\/p>\n<p class=\"wp-block-paragraph\">As oportunidades abrangem n\u00edveis m\u00e9dio, t\u00e9cnico e superior, com bolsas que variam de <strong>R$ 450 a R$ 2.400<\/strong>, dependendo da unidade e da \u00e1rea de atua\u00e7\u00e3o.<\/p>\n<p class=\"wp-block-paragraph\">Os interessados devem fazer o cadastro no <a href=\"https:\/\/ielbahia.com.br\/portal-de-vagas\" data-type=\"link\" data-id=\"ielbahia.com.br\/portal-de-vagas\">site do IEL<\/a>, e acompanhar regularmente as vagas oferecidas. \u00c9 importante que os candidatos mantenham o cadastro sempre atualizado.<\/p>\n<p class=\"wp-block-paragraph\">Para quem tem celular com sistema Android, outra op\u00e7\u00e3o \u00e9 acessar o aplicativo <strong>IEL Vagas<\/strong>, plataforma criada para facilitar a intermedia\u00e7\u00e3o entre profissionais e estudantes com as empresas que buscam estagi\u00e1rios, aprendizes e bolsistas.<\/p>\n<h2 id=\"h-confira-as-vagas-disponiveis-por-regiao\" class=\"wp-block-heading\">Confira as vagas dispon\u00edveis por regi\u00e3o:<\/h2>\n<h3 id=\"h-salvador-e-regiao-339-vagas\" class=\"wp-block-heading\">Salvador e Regi\u00e3o: 339 vagas<\/h3>\n<p class=\"wp-block-paragraph\"><strong>\u00c1reas de atua\u00e7\u00e3o:<\/strong> Comunica\u00e7\u00e3o, T\u00e9cnico em Edifica\u00e7\u00f5es, Pedagogia, Arquitetura, Matem\u00e1tica, Design, Engenharia Qu\u00edmica, Servi\u00e7o Social, Administra\u00e7\u00e3o, T\u00e9cnico em Administra\u00e7\u00e3o, Gest\u00e3o Ambiental, T\u00e9cnico em Mecatr\u00f4nica, Gastronomia, T\u00e9cnico em Eletrot\u00e9cnica, Engenharia de Produ\u00e7\u00e3o, Eletroeletr\u00f4nica, Ci\u00eancias Cont\u00e1beis, Psicologia, Ensino M\u00e9dio, T\u00e9cnico em Qu\u00edmica, Marketing, Engenharia Civil, T\u00e9cnico em Log\u00edstica, Qu\u00edmica, Nutri\u00e7\u00e3o, Biologia, T\u00e9cnico em Log\u00edstica, Biomedicina, Arquitetura e Urbanismo, Automa\u00e7\u00e3o, T\u00e9cnico em Enfermagem, Arquivologia, Manuten\u00e7\u00e3o, Engenharia El\u00e9trica, Direito, Recursos Humanos, Educa\u00e7\u00e3o F\u00edsica, Engenharia Mec\u00e2nica, Seguran\u00e7a do Trabalho, Letras, T\u00e9cnico em El\u00e9trica, Enfermagem, Engenharia Ambiental, Tecnologia da Informa\u00e7\u00e3o, Farm\u00e1cia, Hist\u00f3ria, Ci\u00eancias Biol\u00f3gicas, T\u00e9cnico em Mec\u00e2nica, P\u00f3s-gradua\u00e7\u00e3o em Administra\u00e7\u00e3o.<\/p>\n<p class=\"wp-block-paragraph\"><strong>Cidades:<\/strong> Salvador; Alagoinhas; Cama\u00e7ari; Lauro de Freitas; Sim\u00f5es Filho; Mata de S\u00e3o Jo\u00e3o; Entre Rios; Madre de Deus; Candeias.<\/p>\n<p class=\"wp-block-paragraph\"><strong>Bolsas:<\/strong> variam de R$ 600,00 a R$ 2.400,00.<\/p>\n<h3 id=\"h-juazeiro-e-regiao-17-vagas\" class=\"wp-block-heading\">Juazeiro e Regi\u00e3o: 17 vagas<\/h3>\n<p class=\"wp-block-paragraph\"><strong>\u00c1reas de atua\u00e7\u00e3o:<\/strong> Administra\u00e7\u00e3o; Engenharia Agron\u00f4mica; Ci\u00eancias Cont\u00e1beis; Engenharia da Computa\u00e7\u00e3o; Engenharia Civil; Engenharia El\u00e9trica; Ensino M\u00e9dio; T\u00e9cnico em Edifica\u00e7\u00f5es; T\u00e9cnico em Seguran\u00e7a do Trabalho; T\u00e9cnico em Administra\u00e7\u00e3o e T\u00e9cnico em Recursos Humanos.<\/p>\n<p class=\"wp-block-paragraph\"><strong>Cidades:<\/strong> Jacobina e Juazeiro.<\/p>\n<p class=\"wp-block-paragraph\"><strong>Bolsas:<\/strong> variam de R$ 550,00 a R$ 1.645,00.<\/p>\n<h3 id=\"h-sul-e-extremo-sul-88-vagas\" class=\"wp-block-heading\">Sul e Extremo Sul: 88 vagas<\/h3>\n<p class=\"wp-block-paragraph\"><strong>\u00c1reas de atua\u00e7\u00e3o:<\/strong> Administra\u00e7\u00e3o (ADM), Arquitetura, Comunica\u00e7\u00e3o Social e Marketing, Cont\u00e1beis, Direito, Educa\u00e7\u00e3o F\u00edsica, Eletromec\u00e2nica, Ensino M\u00e9dio, Enfermagem, Engenharia de Produ\u00e7\u00e3o, Civil e de Controle, Pedagogia, T\u00e9cnico em Administra\u00e7\u00e3o, T\u00e9cnico em Log\u00edstica, T\u00e9cnico em Enfermagem, T\u00e9cnico em Seguran\u00e7a do Trabalho.<\/p>\n<p class=\"wp-block-paragraph\"><strong>Cidades:<\/strong> Eun\u00e1polis, Ilh\u00e9us, Itabuna, Porto Seguro, Itamaraju, Ipia\u00fa, Mucuri e Teixeira de Freitas.<\/p>\n<p class=\"wp-block-paragraph\"><strong>Bolsas:<\/strong> variam de R$ 550,00 a R$ 1.621,00.<\/p>\n<h3 id=\"h-feira-de-santana-e-regiao-60-vagas\" class=\"wp-block-heading\">Feira de Santana e Regi\u00e3o: 60 vagas<\/h3>\n<p class=\"wp-block-paragraph\"><strong>\u00c1reas de atua\u00e7\u00e3o:<\/strong> Administrativo, Atendimento, Comercial, Comunica\u00e7\u00e3o, Cont\u00e1bil, Educa\u00e7\u00e3o, Eletrot\u00e9cnica, Enfermagem, Laborat\u00f3rio, Log\u00edstica, Manuten\u00e7\u00e3o, Produ\u00e7\u00e3o, Vendas.<\/p>\n<p class=\"wp-block-paragraph\"><strong>Bolsas:<\/strong> variam de R$ 450,00 a R$ 1.621,00.<\/p>\n<h3 id=\"h-vitoria-da-conquista-e-regiao-25-vagas\" class=\"wp-block-heading\">Vit\u00f3ria da Conquista e Regi\u00e3o: 25 vagas<\/h3>\n<p class=\"wp-block-paragraph\"><strong>\u00c1reas de atua\u00e7\u00e3o:<\/strong> T\u00e9cnico em Enfermagem, Pedagogia, Marketing, Ci\u00eancias da Computa\u00e7\u00e3o, Ensino M\u00e9dio, Administra\u00e7\u00e3o, Ci\u00eancias Cont\u00e1beis, Economia, Agropecu\u00e1ria, Meio Ambiente, Design, Artes Gr\u00e1ficas, Artes Visuais (Design Gr\u00e1fico), Comunica\u00e7\u00e3o Visual Design, Sistemas, Recursos Humanos, Engenharia Civil.<\/p>\n<p class=\"wp-block-paragraph\"><strong>Cidades:<\/strong> Vit\u00f3ria da Conquista, Jequi\u00e9, Guanambi, Itapetinga.<\/p>\n<p class=\"wp-block-paragraph\"><strong>Bolsas:<\/strong> variam de R$ 550,00 a R$ 1.621,00.<\/p>\n<h3 id=\"h-barreiras-e-regiao-22-vagas\" class=\"wp-block-heading\">Barreiras e Regi\u00e3o: 22 vagas<\/h3>\n<p class=\"wp-block-paragraph\"><strong>\u00c1reas de atua\u00e7\u00e3o:<\/strong> Administra\u00e7\u00e3o, Pedagogia, Ci\u00eancias Cont\u00e1beis, Educa\u00e7\u00e3o F\u00edsica, Economia, Log\u00edstica, Gest\u00e3o Comercial, Recursos Humanos, Letras, Secretariado, Ci\u00eancias da Natureza (Biologia, Qu\u00edmica e F\u00edsica), Matem\u00e1tica, Gest\u00e3o Financeira, Agronomia, Enfermagem, Engenharia Agr\u00edcola, Engenharia de Produ\u00e7\u00e3o, Engenharia Civil, Arquitetura, Biomedicina, Geografia, Hist\u00f3ria e Seguran\u00e7a do Trabalho.<\/p>\n<p class=\"wp-block-paragraph\"><strong>Cidades:<\/strong> Santa Maria da Vit\u00f3ria, Lu\u00eds Eduardo Magalh\u00e3es e Barreiras.<\/p>\n<p class=\"wp-block-paragraph\"><strong>Bolsas:<\/strong> variam de R$ 450,00 a R$ 1.575,00.<\/p>\n<h2 id=\"h-prograna-inova-talentos\" class=\"wp-block-heading\">Prograna inova talentos<\/h2>\n<p class=\"wp-block-paragraph\">O Programa Inova Talentos do IEL tem foco em profissionais que j\u00e1 est\u00e3o formados, ou em processo de especializa\u00e7\u00e3o, para atuar como bolsistas em grandes empresas, principalmente no segmento industrial.<\/p>\n<p class=\"wp-block-paragraph\">Atualmente est\u00e3o abertas <strong>20 vagas para o Inova Talentos<\/strong>. Vale lembrar que as oportunidades s\u00e3o para profissionais com n\u00edvel superior completo ou em gradua\u00e7\u00e3o (a partir do 5\u00ba semestre).<\/p>\n<p class=\"wp-block-paragraph\"><strong>\u00c1reas de atua\u00e7\u00e3o:<\/strong> Engenharia e Tecnologia.<\/p>\n<p class=\"wp-block-paragraph\"><strong>Cidades:<\/strong> Salvador, Cama\u00e7ari, S\u00e3o Paulo e 100% remoto.<\/p>\n<p class=\"wp-block-paragraph\"><strong>Bolsas:<\/strong> variam de R$ 2.500 a R$ 5.500.<\/p>\n<p class=\"wp-block-paragraph\"><em>Siga o Acorda Cidade no\u00a0<\/em><a href=\"https:\/\/news.google.com\/search?q=acorda%20cidade&amp;hl=pt-BR&amp;gl=BR&amp;ceid=BR%3Apt-419\"><strong><em>Google Not\u00edcias<\/em><\/strong><\/a><em>\u00a0e receba os principais destaques do dia. Participe tamb\u00e9m dos nossos canais no\u00a0<\/em><a href=\"https:\/\/www.whatsapp.com\/channel\/0029Va6Rb4v3WHTNnsh8WI3N\"><strong><em>WhatsApp<\/em><\/strong><\/a><em>\u00a0e\u00a0<\/em><a href=\"https:\/\/www.youtube.com\/@acordacidadenoticias\/videos\"><strong>YouTube<\/strong><\/a><em>\u00a0e do grupo no\u00a0<\/em><a href=\"https:\/\/t.me\/+sSz0khrgARA0ZmRh\"><strong><em>Telegram<\/em><\/strong><\/a><em>.<\/em><a href=\"https:\/\/www.acordacidade.com.br\/colunas\/dilton-e-feito\/\"><\/a><\/p>\n<\/div>\n","protected":false},"excerpt":{"rendered":"<p>Foto: Sistema Fieb O Instituto Euvaldo Lodi (IEL) est\u00e1 com 551 vagas de est\u00e1gio abertas<\/p>\n","protected":false},"author":1,"featured_media":148310,"comment_status":"closed","ping_status":"closed","sticky":false,"template":"","format":"gallery","meta":{"footnotes":""},"categories":[8,9,6,57,56,10],"tags":[],"class_list":["post-148309","post","type-post","status-publish","format-gallery","has-post-thumbnail","hentry","category-bahia","category-brasil","category-feira-de-santana","category-mundo","category-policia","category-politica","post_format-post-format-gallery"],"featured_image_urls":{"full":["https:\/\/noticiasbahia360.com.br\/wp-content\/uploads\/2026\/09\/Estagio-no-IEL-foto-Sistema-Fieb.jpg",1200,900,false],"thumbnail":["https:\/\/noticiasbahia360.com.br\/wp-content\/uploads\/2026\/09\/Estagio-no-IEL-foto-Sistema-Fieb-150x150.jpg",150,150,true],"medium":["https:\/\/noticiasbahia360.com.br\/wp-content\/uploads\/2026\/09\/Estagio-no-IEL-foto-Sistema-Fieb-300x225.jpg",300,225,true],"medium_large":["https:\/\/noticiasbahia360.com.br\/wp-content\/uploads\/2026\/09\/Estagio-no-IEL-foto-Sistema-Fieb-768x576.jpg",640,480,true],"large":["https:\/\/noticiasbahia360.com.br\/wp-content\/uploads\/2026\/09\/Estagio-no-IEL-foto-Sistema-Fieb-1024x768.jpg",640,480,true],"1536x1536":["https:\/\/noticiasbahia360.com.br\/wp-content\/uploads\/2026\/09\/Estagio-no-IEL-foto-Sistema-Fieb.jpg",1200,900,false],"2048x2048":["https:\/\/noticiasbahia360.com.br\/wp-content\/uploads\/2026\/09\/Estagio-no-IEL-foto-Sistema-Fieb.jpg",1200,900,false],"chromenews-featured":["https:\/\/noticiasbahia360.com.br\/wp-content\/uploads\/2026\/09\/Estagio-no-IEL-foto-Sistema-Fieb-1024x768.jpg",1024,768,true],"chromenews-large":["https:\/\/noticiasbahia360.com.br\/wp-content\/uploads\/2026\/09\/Estagio-no-IEL-foto-Sistema-Fieb-825x575.jpg",825,575,true],"chromenews-medium":["https:\/\/noticiasbahia360.com.br\/wp-content\/uploads\/2026\/09\/Estagio-no-IEL-foto-Sistema-Fieb-590x410.jpg",590,410,true]},"author_info":{"display_name":"noticiasbahia360.com.br","author_link":"https:\/\/noticiasbahia360.com.br\/?author=1"},"category_info":"<a href=\"https:\/\/noticiasbahia360.com.br\/?cat=8\" rel=\"category\">Bahia<\/a> <a href=\"https:\/\/noticiasbahia360.com.br\/?cat=9\" rel=\"category\">Brasil<\/a> <a href=\"https:\/\/noticiasbahia360.com.br\/?cat=6\" rel=\"category\">Feira de Santana<\/a> <a href=\"https:\/\/noticiasbahia360.com.br\/?cat=57\" rel=\"category\">Mundo<\/a> <a href=\"https:\/\/noticiasbahia360.com.br\/?cat=56\" rel=\"category\">Pol\u00edcia<\/a> <a href=\"https:\/\/noticiasbahia360.com.br\/?cat=10\" rel=\"category\">Pol\u00edtica<\/a>","tag_info":"Pol\u00edtica","comment_count":"0","_links":{"self":[{"href":"https:\/\/noticiasbahia360.com.br\/index.php?rest_route=\/wp\/v2\/posts\/148309","targetHints":{"allow":["GET"]}}],"collection":[{"href":"https:\/\/noticiasbahia360.com.br\/index.php?rest_route=\/wp\/v2\/posts"}],"about":[{"href":"https:\/\/noticiasbahia360.com.br\/index.php?rest_route=\/wp\/v2\/types\/post"}],"author":[{"embeddable":true,"href":"https:\/\/noticiasbahia360.com.br\/index.php?rest_route=\/wp\/v2\/users\/1"}],"replies":[{"embeddable":true,"href":"https:\/\/noticiasbahia360.com.br\/index.php?rest_route=%2Fwp%2Fv2%2Fcomments&post=148309"}],"version-history":[{"count":0,"href":"https:\/\/noticiasbahia360.com.br\/index.php?rest_route=\/wp\/v2\/posts\/148309\/revisions"}],"wp:featuredmedia":[{"embeddable":true,"href":"https:\/\/noticiasbahia360.com.br\/index.php?rest_route=\/wp\/v2\/media\/148310"}],"wp:attachment":[{"href":"https:\/\/noticiasbahia360.com.br\/index.php?rest_route=%2Fwp%2Fv2%2Fmedia&parent=148309"}],"wp:term":[{"taxonomy":"category","embeddable":true,"href":"https:\/\/noticiasbahia360.com.br\/index.php?rest_route=%2Fwp%2Fv2%2Fcategories&post=148309"},{"taxonomy":"post_tag","embeddable":true,"href":"https:\/\/noticiasbahia360.com.br\/index.php?rest_route=%2Fwp%2Fv2%2Ftags&post=148309"}],"curies":[{"name":"wp","href":"https:\/\/api.w.org\/{rel}","templated":true}]}}