{"id":148315,"date":"2026-09-01T14:01:56","date_gmt":"2026-09-01T17:01:56","guid":{"rendered":"https:\/\/noticiasbahia360.com.br\/?p=148315"},"modified":"2026-09-01T14:01:56","modified_gmt":"2026-09-01T17:01:56","slug":"mec-divulga-resultado-da-lista-de-espera-do-prouni-2026","status":"publish","type":"post","link":"https:\/\/noticiasbahia360.com.br\/?p=148315","title":{"rendered":"MEC divulga resultado da lista de espera do Prouni 2026"},"content":{"rendered":"<div>\n<div>\n<figure><img decoding=\"async\" src=\"http:\/\/noticiasbahia360.com.br\/wp-content\/uploads\/2026\/09\/estudantes-Prouni_-foto-Fabio-Nakamura-MEC.jpg\" alt=\"estudantes Prouni_ foto F\u00e1bio Nakamura MEC\"><figcaption>Foto: F\u00e1bio Nakakura\/MEC<\/p>\n<\/figcaption><\/figure>\n<\/div>\n<p class=\"wp-block-paragraph\">Nesta\u00a0ter\u00e7a-feira (1), o Minist\u00e9rio da Educa\u00e7\u00e3o (MEC) divulgou o resultado da lista de espera do processo seletivo do segundo semestre de 2026 do Programa Universidade para Todos (<a href=\"https:\/\/prounialuno.mec.gov.br\/\" data-type=\"link\" data-id=\"https:\/\/prounialuno.mec.gov.br\/\">Prouni<\/a>). Os estudantes que manifestaram interesse nesta fase podem consultar a situa\u00e7\u00e3o da candidatura diretamente no <a href=\"https:\/\/acessounico.mec.gov.br\/\" data-type=\"link\" data-id=\"https:\/\/acessounico.mec.gov.br\/\">Portal \u00danico de Acesso ao Ensino Superior<\/a>, por meio da conta Gov.br.<\/p>\n<p class=\"wp-block-paragraph\">A lista de espera representa a \u00faltima oportunidade para o preenchimento das vagas n\u00e3o ocupadas ao longo da primeira e da segunda chamada do programa.<\/p>\n<p class=\"wp-block-paragraph\">Lembrando que a entrega da documenta\u00e7\u00e3o assegura ao candidato apenas a expectativa de direito \u00e0 bolsa ofertada no \u00e2mbito do Prouni para a qual a referida manifesta\u00e7\u00e3o foi efetuada, estando a concess\u00e3o do benef\u00edcio condicionado \u00e0 exist\u00eancia de bolsas remanescentes dispon\u00edveis e ao atendimento de todos os requisitos legais e regulamentares.<\/p>\n<p class=\"wp-block-paragraph\">Os candidatos pr\u00e9-selecionados na lista de espera devem ficar atentos ao prazo obrigat\u00f3rio para a valida\u00e7\u00e3o das informa\u00e7\u00f5es prestadas durante a inscri\u00e7\u00e3o:<\/p>\n<ul class=\"wp-block-list\">\n<li><strong>Prazo de atendimento: <\/strong>O per\u00edodo para a entrega e verifica\u00e7\u00e3o da documenta\u00e7\u00e3o junto \u00e0s institui\u00e7\u00f5es de ensino superior come\u00e7a nesta ter\u00e7a-feira, 1\u00ba de setembro, e encerra no dia 14 de setembro.<\/li>\n<li><strong>Procedimento de entrega: <\/strong>A comprova\u00e7\u00e3o dos dados deve ser realizada diretamente na institui\u00e7\u00e3o privada para a qual o estudante foi pr\u00e9-selecionado. Cada faculdade ou universidade define o formato de recebimento dos documentos, que pode ser presencial ou por meio de plataforma online.<\/li>\n<li><strong>Resultado final da institui\u00e7\u00e3o: <\/strong>A perda do prazo ou a n\u00e3o apresenta\u00e7\u00e3o dos documentos comprobat\u00f3rios acarreta a reprova\u00e7\u00e3o para a obten\u00e7\u00e3o das bolsas do Prouni.<\/li>\n<\/ul>\n<h2 id=\"h-documentacao-exigida\" class=\"wp-block-heading\">Documenta\u00e7\u00e3o exigida<\/h2>\n<p class=\"wp-block-paragraph\">Para comprovar as informa\u00e7\u00f5es declaradas na inscri\u00e7\u00e3o, o participante deve apresentar documentos originais com c\u00f3pias tais como: Identifica\u00e7\u00e3o do candidato e dos membros do grupo familiar, que incluem:<\/p>\n<ul class=\"wp-block-list\">\n<li>Comprovante de resid\u00eancia atualizado;<\/li>\n<li>Comprovantes de rendimento bruto mensal de todos os integrantes do grupo familiar;<\/li>\n<li>Comprovante de conclus\u00e3o do ensino m\u00e9dio em escola da rede p\u00fablica ou em institui\u00e7\u00e3o privada, conforme declarado na inscri\u00e7\u00e3o.<\/li>\n<\/ul>\n<p class=\"wp-block-paragraph\"><strong>Prouni \u2013<\/strong> O Programa Universidade para Todos \u00e9 uma iniciativa do MEC que concede bolsas de estudo integrais (100%) e parciais (50%) em cursos de gradua\u00e7\u00e3o em institui\u00e7\u00f5es privadas de educa\u00e7\u00e3o superior. <\/p>\n<p class=\"wp-block-paragraph\">O programa destina-se a estudantes brasileiros sem diploma de n\u00edvel superior que tenham participado do Exame Nacional do Ensino M\u00e9dio (Enem), alcan\u00e7ado nota m\u00ednima de 450 pontos na m\u00e9dia das provas e n\u00e3o tenham zerado a reda\u00e7\u00e3o.<\/p>\n<p class=\"wp-block-paragraph\"><em>Siga o Acorda Cidade no\u00a0<\/em><a href=\"https:\/\/news.google.com\/search?q=acorda%20cidade&amp;hl=pt-BR&amp;gl=BR&amp;ceid=BR%3Apt-419\"><strong><em>Google Not\u00edcias<\/em><\/strong><\/a><em>\u00a0e receba os principais destaques do dia. Participe tamb\u00e9m dos nossos canais no\u00a0<\/em><a href=\"https:\/\/www.whatsapp.com\/channel\/0029Va6Rb4v3WHTNnsh8WI3N\"><strong><em>WhatsApp<\/em><\/strong><\/a><em>\u00a0e\u00a0<\/em><a href=\"https:\/\/www.youtube.com\/@acordacidadenoticias\/videos\"><strong>YouTube<\/strong><\/a><em>\u00a0e do grupo no\u00a0<\/em><a href=\"https:\/\/t.me\/+sSz0khrgARA0ZmRh\"><strong><em>Telegram<\/em><\/strong><\/a><em>.<\/em><a href=\"https:\/\/www.acordacidade.com.br\/colunas\/dilton-e-feito\/\"><\/a><\/p>\n<\/div>\n","protected":false},"excerpt":{"rendered":"<p>Foto: F\u00e1bio Nakakura\/MEC Nesta\u00a0ter\u00e7a-feira (1), o Minist\u00e9rio da Educa\u00e7\u00e3o (MEC) divulgou o resultado da lista<\/p>\n","protected":false},"author":1,"featured_media":148316,"comment_status":"closed","ping_status":"closed","sticky":false,"template":"","format":"gallery","meta":{"footnotes":""},"categories":[8,9,6,57,56,10],"tags":[],"class_list":["post-148315","post","type-post","status-publish","format-gallery","has-post-thumbnail","hentry","category-bahia","category-brasil","category-feira-de-santana","category-mundo","category-policia","category-politica","post_format-post-format-gallery"],"featured_image_urls":{"full":["https:\/\/noticiasbahia360.com.br\/wp-content\/uploads\/2026\/09\/estudantes-Prouni_-foto-Fabio-Nakamura-MEC.jpg",1200,800,false],"thumbnail":["https:\/\/noticiasbahia360.com.br\/wp-content\/uploads\/2026\/09\/estudantes-Prouni_-foto-Fabio-Nakamura-MEC-150x150.jpg",150,150,true],"medium":["https:\/\/noticiasbahia360.com.br\/wp-content\/uploads\/2026\/09\/estudantes-Prouni_-foto-Fabio-Nakamura-MEC-300x200.jpg",300,200,true],"medium_large":["https:\/\/noticiasbahia360.com.br\/wp-content\/uploads\/2026\/09\/estudantes-Prouni_-foto-Fabio-Nakamura-MEC-768x512.jpg",640,427,true],"large":["https:\/\/noticiasbahia360.com.br\/wp-content\/uploads\/2026\/09\/estudantes-Prouni_-foto-Fabio-Nakamura-MEC-1024x683.jpg",640,427,true],"1536x1536":["https:\/\/noticiasbahia360.com.br\/wp-content\/uploads\/2026\/09\/estudantes-Prouni_-foto-Fabio-Nakamura-MEC.jpg",1200,800,false],"2048x2048":["https:\/\/noticiasbahia360.com.br\/wp-content\/uploads\/2026\/09\/estudantes-Prouni_-foto-Fabio-Nakamura-MEC.jpg",1200,800,false],"chromenews-featured":["https:\/\/noticiasbahia360.com.br\/wp-content\/uploads\/2026\/09\/estudantes-Prouni_-foto-Fabio-Nakamura-MEC-1024x683.jpg",1024,683,true],"chromenews-large":["https:\/\/noticiasbahia360.com.br\/wp-content\/uploads\/2026\/09\/estudantes-Prouni_-foto-Fabio-Nakamura-MEC-825x575.jpg",825,575,true],"chromenews-medium":["https:\/\/noticiasbahia360.com.br\/wp-content\/uploads\/2026\/09\/estudantes-Prouni_-foto-Fabio-Nakamura-MEC-590x410.jpg",590,410,true]},"author_info":{"display_name":"noticiasbahia360.com.br","author_link":"https:\/\/noticiasbahia360.com.br\/?author=1"},"category_info":"<a href=\"https:\/\/noticiasbahia360.com.br\/?cat=8\" rel=\"category\">Bahia<\/a> <a href=\"https:\/\/noticiasbahia360.com.br\/?cat=9\" rel=\"category\">Brasil<\/a> <a href=\"https:\/\/noticiasbahia360.com.br\/?cat=6\" rel=\"category\">Feira de Santana<\/a> <a href=\"https:\/\/noticiasbahia360.com.br\/?cat=57\" rel=\"category\">Mundo<\/a> <a href=\"https:\/\/noticiasbahia360.com.br\/?cat=56\" rel=\"category\">Pol\u00edcia<\/a> <a href=\"https:\/\/noticiasbahia360.com.br\/?cat=10\" rel=\"category\">Pol\u00edtica<\/a>","tag_info":"Pol\u00edtica","comment_count":"0","_links":{"self":[{"href":"https:\/\/noticiasbahia360.com.br\/index.php?rest_route=\/wp\/v2\/posts\/148315","targetHints":{"allow":["GET"]}}],"collection":[{"href":"https:\/\/noticiasbahia360.com.br\/index.php?rest_route=\/wp\/v2\/posts"}],"about":[{"href":"https:\/\/noticiasbahia360.com.br\/index.php?rest_route=\/wp\/v2\/types\/post"}],"author":[{"embeddable":true,"href":"https:\/\/noticiasbahia360.com.br\/index.php?rest_route=\/wp\/v2\/users\/1"}],"replies":[{"embeddable":true,"href":"https:\/\/noticiasbahia360.com.br\/index.php?rest_route=%2Fwp%2Fv2%2Fcomments&post=148315"}],"version-history":[{"count":0,"href":"https:\/\/noticiasbahia360.com.br\/index.php?rest_route=\/wp\/v2\/posts\/148315\/revisions"}],"wp:featuredmedia":[{"embeddable":true,"href":"https:\/\/noticiasbahia360.com.br\/index.php?rest_route=\/wp\/v2\/media\/148316"}],"wp:attachment":[{"href":"https:\/\/noticiasbahia360.com.br\/index.php?rest_route=%2Fwp%2Fv2%2Fmedia&parent=148315"}],"wp:term":[{"taxonomy":"category","embeddable":true,"href":"https:\/\/noticiasbahia360.com.br\/index.php?rest_route=%2Fwp%2Fv2%2Fcategories&post=148315"},{"taxonomy":"post_tag","embeddable":true,"href":"https:\/\/noticiasbahia360.com.br\/index.php?rest_route=%2Fwp%2Fv2%2Ftags&post=148315"}],"curies":[{"name":"wp","href":"https:\/\/api.w.org\/{rel}","templated":true}]}}