{"id":148317,"date":"2026-09-01T14:01:57","date_gmt":"2026-09-01T17:01:57","guid":{"rendered":"https:\/\/noticiasbahia360.com.br\/?p=148317"},"modified":"2026-09-01T14:01:57","modified_gmt":"2026-09-01T17:01:57","slug":"agu-derruba-18-perfis-que-vendiam-passaportes-vacinais-falsos-em-plataforma","status":"publish","type":"post","link":"https:\/\/noticiasbahia360.com.br\/?p=148317","title":{"rendered":"AGU derruba 18 perfis que vendiam passaportes vacinais falsos em plataforma"},"content":{"rendered":"<div>\n<div>\n<figure><img decoding=\"async\" src=\"http:\/\/noticiasbahia360.com.br\/wp-content\/uploads\/2026\/09\/Pessoas-usando-celular-Foto-Divulgacao.jpg\" alt=\"Pessoas usando celular\"><figcaption>Foto: Divulga\u00e7\u00e3o<\/figcaption><\/figure>\n<\/div>\n<p class=\"wp-block-paragraph\">A Advocacia-Geral da Uni\u00e3o (AGU) notificou o Telegram ap\u00f3s o Minist\u00e9rio da Sa\u00fade identificar 18 grupos e canais na plataforma que comercializavam ilegalmente comprovantes e passaportes vacinais falsificados. Ap\u00f3s a notifica\u00e7\u00e3o, o aplicativo removeu os grupos e canais denunciados e tamb\u00e9m excluiu a conta de um usu\u00e1rio identificado na apura\u00e7\u00e3o.\u00a0<\/p>\n<p class=\"wp-block-paragraph\">Os respons\u00e1veis pelos grupos ofereciam documentos falsificados e anunciavam, inclusive, a possibilidade de inserir registros adulterados nos sistemas oficiais de informa\u00e7\u00e3o do<a href=\"https:\/\/www.gov.br\/saude\/pt-br\/sus\">\u00a0Sistema \u00danico de Sa\u00fade (SUS)<\/a>.\u00a0<\/p>\n<p class=\"wp-block-paragraph\">A notifica\u00e7\u00e3o foi encaminhada pela Procuradoria Nacional da Uni\u00e3o de Defesa da Democracia (PNDD), da AGU, com base em relat\u00f3rio produzido pelo Minist\u00e9rio da Sa\u00fade. O documento apontou que a comercializa\u00e7\u00e3o de documentos falsos compromete a integridade da pol\u00edtica nacional de imuniza\u00e7\u00e3o e dos sistemas p\u00fablicos de informa\u00e7\u00e3o em sa\u00fade.\u00a0<\/p>\n<p class=\"wp-block-paragraph\">O relat\u00f3rio do Minist\u00e9rio da Sa\u00fade tamb\u00e9m apontou que a circula\u00e7\u00e3o de pessoas n\u00e3o vacinadas com documentos fraudulentos prejudica as estrat\u00e9gias de vigil\u00e2ncia, bloqueio e controle de doen\u00e7as imunopreven\u00edveis. A pr\u00e1tica pode ainda gerar uma falsa percep\u00e7\u00e3o sobre a cobertura vacinal e mascarar a exist\u00eancia de bols\u00f5es de baixa vacina\u00e7\u00e3o, dificultando a identifica\u00e7\u00e3o de popula\u00e7\u00f5es mais vulner\u00e1veis.\u00a0<\/p>\n<p class=\"wp-block-paragraph\">Al\u00e9m da notifica\u00e7\u00e3o ao Telegram, a AGU encaminhou as evid\u00eancias reunidas pelo Minist\u00e9rio da Sa\u00fade \u00e0 Pol\u00edcia Federal (PF), para apura\u00e7\u00e3o de poss\u00edveis crimes.\u00a0<\/p>\n<h2 id=\"h-dever-de-cuidado-das-plataformas-nbsp\" class=\"wp-block-heading\"><strong>Dever de cuidado das plataformas<\/strong>\u00a0<\/h2>\n<p class=\"wp-block-paragraph\">Na notifica\u00e7\u00e3o, a AGU destacou que a comercializa\u00e7\u00e3o e a circula\u00e7\u00e3o de documentos vacinais falsificados podem violar direitos constitucionais relacionados ao acesso \u00e0 informa\u00e7\u00e3o e \u00e0 sa\u00fade, al\u00e9m de dispositivos do C\u00f3digo de Defesa do Consumidor, do C\u00f3digo Penal e do Marco Civil da Internet.\u00a0<\/p>\n<p class=\"wp-block-paragraph\">O documento tamb\u00e9m cita o entendimento do Supremo Tribunal Federal (STF) sobre a responsabilidade das plataformas diante de conte\u00fados il\u00edcitos publicados por terceiros. A AGU ressaltou ainda os deveres atribu\u00eddos \u00e0s empresas de tecnologia no enfrentamento \u00e0 circula\u00e7\u00e3o de conte\u00fados criminosos ou il\u00edcitos.\u00a0<\/p>\n<h2 id=\"h-violacao-dos-termos-de-uso-nbsp\" class=\"wp-block-heading\"><strong>Viola\u00e7\u00e3o dos termos de uso<\/strong>\u00a0<\/h2>\n<p class=\"wp-block-paragraph\">A AGU tamb\u00e9m apontou que os grupos identificados pelo Minist\u00e9rio da Sa\u00fade violavam os pr\u00f3prios termos de uso do Telegram, que pro\u00edbem o compartilhamento de conte\u00fados ilegais e estabelecem medidas como a remo\u00e7\u00e3o de conte\u00fado e o banimento de contas.\u00a0<\/p>\n<p class=\"wp-block-paragraph\">A atua\u00e7\u00e3o integra as a\u00e7\u00f5es do Minist\u00e9rio da Sa\u00fade de enfrentamento \u00e0 desinforma\u00e7\u00e3o e de prote\u00e7\u00e3o da integridade das informa\u00e7\u00f5es relacionadas \u00e0 vacina\u00e7\u00e3o no pa\u00eds.\u00a0<\/p>\n<p class=\"wp-block-paragraph\"><em>Siga o Acorda Cidade no\u00a0<\/em><a href=\"https:\/\/news.google.com\/search?q=acorda%20cidade&amp;hl=pt-BR&amp;gl=BR&amp;ceid=BR%3Apt-419\"><strong><em>Google Not\u00edcias<\/em><\/strong><\/a><em>\u00a0e receba os principais destaques do dia. Participe tamb\u00e9m dos nossos canais no\u00a0<\/em><a href=\"https:\/\/www.whatsapp.com\/channel\/0029Va6Rb4v3WHTNnsh8WI3N\"><strong><em>WhatsApp<\/em><\/strong><\/a><em>\u00a0e\u00a0<\/em><a href=\"https:\/\/www.youtube.com\/@acordacidadenoticias\/videos\"><strong>YouTube<\/strong><\/a><em>\u00a0e do grupo no\u00a0<\/em><a href=\"https:\/\/t.me\/+sSz0khrgARA0ZmRh\"><strong><em>Telegram<\/em><\/strong><\/a><em>.<\/em><a href=\"https:\/\/www.acordacidade.com.br\/colunas\/dilton-e-feito\/\"><\/a><\/p>\n<\/div>\n","protected":false},"excerpt":{"rendered":"<p>Foto: Divulga\u00e7\u00e3o A Advocacia-Geral da Uni\u00e3o (AGU) notificou o Telegram ap\u00f3s o Minist\u00e9rio da Sa\u00fade<\/p>\n","protected":false},"author":1,"featured_media":148318,"comment_status":"closed","ping_status":"closed","sticky":false,"template":"","format":"gallery","meta":{"footnotes":""},"categories":[8,9,6,57,56,10],"tags":[],"class_list":["post-148317","post","type-post","status-publish","format-gallery","has-post-thumbnail","hentry","category-bahia","category-brasil","category-feira-de-santana","category-mundo","category-policia","category-politica","post_format-post-format-gallery"],"featured_image_urls":{"full":["https:\/\/noticiasbahia360.com.br\/wp-content\/uploads\/2026\/09\/Pessoas-usando-celular-Foto-Divulgacao.jpg",1200,800,false],"thumbnail":["https:\/\/noticiasbahia360.com.br\/wp-content\/uploads\/2026\/09\/Pessoas-usando-celular-Foto-Divulgacao-150x150.jpg",150,150,true],"medium":["https:\/\/noticiasbahia360.com.br\/wp-content\/uploads\/2026\/09\/Pessoas-usando-celular-Foto-Divulgacao-300x200.jpg",300,200,true],"medium_large":["https:\/\/noticiasbahia360.com.br\/wp-content\/uploads\/2026\/09\/Pessoas-usando-celular-Foto-Divulgacao-768x512.jpg",640,427,true],"large":["https:\/\/noticiasbahia360.com.br\/wp-content\/uploads\/2026\/09\/Pessoas-usando-celular-Foto-Divulgacao-1024x683.jpg",640,427,true],"1536x1536":["https:\/\/noticiasbahia360.com.br\/wp-content\/uploads\/2026\/09\/Pessoas-usando-celular-Foto-Divulgacao.jpg",1200,800,false],"2048x2048":["https:\/\/noticiasbahia360.com.br\/wp-content\/uploads\/2026\/09\/Pessoas-usando-celular-Foto-Divulgacao.jpg",1200,800,false],"chromenews-featured":["https:\/\/noticiasbahia360.com.br\/wp-content\/uploads\/2026\/09\/Pessoas-usando-celular-Foto-Divulgacao-1024x683.jpg",1024,683,true],"chromenews-large":["https:\/\/noticiasbahia360.com.br\/wp-content\/uploads\/2026\/09\/Pessoas-usando-celular-Foto-Divulgacao-825x575.jpg",825,575,true],"chromenews-medium":["https:\/\/noticiasbahia360.com.br\/wp-content\/uploads\/2026\/09\/Pessoas-usando-celular-Foto-Divulgacao-590x410.jpg",590,410,true]},"author_info":{"display_name":"noticiasbahia360.com.br","author_link":"https:\/\/noticiasbahia360.com.br\/?author=1"},"category_info":"<a href=\"https:\/\/noticiasbahia360.com.br\/?cat=8\" rel=\"category\">Bahia<\/a> <a href=\"https:\/\/noticiasbahia360.com.br\/?cat=9\" rel=\"category\">Brasil<\/a> <a href=\"https:\/\/noticiasbahia360.com.br\/?cat=6\" rel=\"category\">Feira de Santana<\/a> <a href=\"https:\/\/noticiasbahia360.com.br\/?cat=57\" rel=\"category\">Mundo<\/a> <a href=\"https:\/\/noticiasbahia360.com.br\/?cat=56\" rel=\"category\">Pol\u00edcia<\/a> <a href=\"https:\/\/noticiasbahia360.com.br\/?cat=10\" rel=\"category\">Pol\u00edtica<\/a>","tag_info":"Pol\u00edtica","comment_count":"0","_links":{"self":[{"href":"https:\/\/noticiasbahia360.com.br\/index.php?rest_route=\/wp\/v2\/posts\/148317","targetHints":{"allow":["GET"]}}],"collection":[{"href":"https:\/\/noticiasbahia360.com.br\/index.php?rest_route=\/wp\/v2\/posts"}],"about":[{"href":"https:\/\/noticiasbahia360.com.br\/index.php?rest_route=\/wp\/v2\/types\/post"}],"author":[{"embeddable":true,"href":"https:\/\/noticiasbahia360.com.br\/index.php?rest_route=\/wp\/v2\/users\/1"}],"replies":[{"embeddable":true,"href":"https:\/\/noticiasbahia360.com.br\/index.php?rest_route=%2Fwp%2Fv2%2Fcomments&post=148317"}],"version-history":[{"count":0,"href":"https:\/\/noticiasbahia360.com.br\/index.php?rest_route=\/wp\/v2\/posts\/148317\/revisions"}],"wp:featuredmedia":[{"embeddable":true,"href":"https:\/\/noticiasbahia360.com.br\/index.php?rest_route=\/wp\/v2\/media\/148318"}],"wp:attachment":[{"href":"https:\/\/noticiasbahia360.com.br\/index.php?rest_route=%2Fwp%2Fv2%2Fmedia&parent=148317"}],"wp:term":[{"taxonomy":"category","embeddable":true,"href":"https:\/\/noticiasbahia360.com.br\/index.php?rest_route=%2Fwp%2Fv2%2Fcategories&post=148317"},{"taxonomy":"post_tag","embeddable":true,"href":"https:\/\/noticiasbahia360.com.br\/index.php?rest_route=%2Fwp%2Fv2%2Ftags&post=148317"}],"curies":[{"name":"wp","href":"https:\/\/api.w.org\/{rel}","templated":true}]}}