{"id":148319,"date":"2026-09-01T14:01:59","date_gmt":"2026-09-01T17:01:59","guid":{"rendered":"https:\/\/noticiasbahia360.com.br\/?p=148319"},"modified":"2026-09-01T14:01:59","modified_gmt":"2026-09-01T17:01:59","slug":"artistas-e-produtores-tem-ate-21-de-setembro-para-se-inscrever-em-editais-da-aldir-blanc","status":"publish","type":"post","link":"https:\/\/noticiasbahia360.com.br\/?p=148319","title":{"rendered":"Artistas e produtores t\u00eam at\u00e9 21 de setembro para se inscrever em editais da Aldir Blanc"},"content":{"rendered":"<div>\n<div>\n<figure><img decoding=\"async\" src=\"http:\/\/noticiasbahia360.com.br\/wp-content\/uploads\/2026\/09\/Espetaculo-Causos-de-Ze-Boco-e-Mane-Preguica-Cia-Teatro-Grio-5-640.jpg\" alt=\"\"><figcaption>Foto: Divulga\u00e7\u00e3o<\/figcaption><\/figure>\n<\/div>\n<p class=\"wp-block-paragraph\">A Secretaria Municipal de Cultura, Esporte e Lazer (Secel) prorrogou o prazo para inscri\u00e7\u00f5es nos editais do 2\u00ba Ciclo da Pol\u00edtica Nacional Aldir Blanc de Fomento \u00e0 Cultura (Pnab). Agora, os interessados ter\u00e3o at\u00e9 a pr\u00f3xima segunda-feira, 21 de setembro, para realizar a inscri\u00e7\u00e3o e participar dos editais.<\/p>\n<p class=\"wp-block-paragraph\">A prorroga\u00e7\u00e3o tem como objetivo ampliar a ades\u00e3o de agentes e fazedores de cultura do munic\u00edpio, al\u00e9m de proporcionar mais flexibilidade para aqueles que ainda precisam resolver pend\u00eancias relacionadas \u00e0 documenta\u00e7\u00e3o necess\u00e1ria para a participa\u00e7\u00e3o.<\/p>\n<p class=\"wp-block-paragraph\">A iniciativa busca garantir que um n\u00famero maior de artistas, produtores, coletivos e demais agentes culturais possa ter acesso \u00e0s oportunidades de fomento disponibilizadas por meio do programa.<\/p>\n<p class=\"wp-block-paragraph\">A Secel orienta os interessados a aproveitarem o novo prazo para conferir a documenta\u00e7\u00e3o exigida nos respectivos editais e concluir suas inscri\u00e7\u00f5es dentro do per\u00edodo estabelecido.<\/p>\n<p class=\"wp-block-paragraph\">A a\u00e7\u00e3o integra as pol\u00edticas de incentivo e fortalecimento da cultura desenvolvidas pela Prefeitura de Feira de Santana, por meio da Secel, com recursos da Pol\u00edtica Nacional Aldir Blanc.<\/p>\n<ul class=\"wp-block-list\">\n<li>Link para inscri\u00e7\u00e3o:\u00a0<a href=\"https:\/\/pnabfsa.com.br\/modulos\/auth\/login.php#pag\" target=\"_blank\" rel=\"noreferrer noopener\">https:\/\/pnabfsa.com.br\/modulos\/auth\/login.php#pag<\/a><\/li>\n<li>Link do edital: <a href=\"https:\/\/diariooficial.feiradesantana.ba.gov.br\/atos\/executivo\/1CERAGSH100820261812.pdf\" target=\"_blank\" rel=\"noreferrer noopener\">https:\/\/diariooficial.feiradesantana.ba.gov.br\/atos\/executivo\/1CERAGSH100820261812.pdf<\/a><\/li>\n<\/ul>\n<p class=\"wp-block-paragraph\"><em>As informa\u00e7\u00f5es s\u00e3o da Secretaria de Comunica\u00e7\u00e3o Social de Feira de Santana (Secom)<\/em>.<\/p>\n<p class=\"wp-block-paragraph\"><em>Siga o Acorda Cidade no\u00a0<\/em><a href=\"https:\/\/news.google.com\/search?q=acorda%20cidade&amp;hl=pt-BR&amp;gl=BR&amp;ceid=BR%3Apt-419\"><strong><em>Google Not\u00edcias<\/em><\/strong><\/a><em>\u00a0e receba os principais destaques do dia. Participe tamb\u00e9m dos nossos canais no\u00a0<\/em><a href=\"https:\/\/www.whatsapp.com\/channel\/0029Va6Rb4v3WHTNnsh8WI3N\"><strong><em>WhatsApp<\/em><\/strong><\/a><em>\u00a0e\u00a0<\/em><a href=\"https:\/\/www.youtube.com\/@acordacidadenoticias\/videos\"><strong>YouTube<\/strong><\/a><em>\u00a0e do grupo no\u00a0<\/em><a href=\"https:\/\/t.me\/+sSz0khrgARA0ZmRh\"><strong><em>Telegram<\/em><\/strong><\/a><em>.<\/em><a href=\"https:\/\/www.acordacidade.com.br\/colunas\/dilton-e-feito\/\"><\/a><\/p>\n<\/div>\n","protected":false},"excerpt":{"rendered":"<p>Foto: Divulga\u00e7\u00e3o A Secretaria Municipal de Cultura, Esporte e Lazer (Secel) prorrogou o prazo para<\/p>\n","protected":false},"author":1,"featured_media":148320,"comment_status":"closed","ping_status":"closed","sticky":false,"template":"","format":"gallery","meta":{"footnotes":""},"categories":[8,9,6,57,56,10],"tags":[],"class_list":["post-148319","post","type-post","status-publish","format-gallery","has-post-thumbnail","hentry","category-bahia","category-brasil","category-feira-de-santana","category-mundo","category-policia","category-politica","post_format-post-format-gallery"],"featured_image_urls":{"full":["https:\/\/noticiasbahia360.com.br\/wp-content\/uploads\/2026\/09\/Espetaculo-Causos-de-Ze-Boco-e-Mane-Preguica-Cia-Teatro-Grio-5-640.jpg",640,426,false],"thumbnail":["https:\/\/noticiasbahia360.com.br\/wp-content\/uploads\/2026\/09\/Espetaculo-Causos-de-Ze-Boco-e-Mane-Preguica-Cia-Teatro-Grio-5-640-150x150.jpg",150,150,true],"medium":["https:\/\/noticiasbahia360.com.br\/wp-content\/uploads\/2026\/09\/Espetaculo-Causos-de-Ze-Boco-e-Mane-Preguica-Cia-Teatro-Grio-5-640-300x200.jpg",300,200,true],"medium_large":["https:\/\/noticiasbahia360.com.br\/wp-content\/uploads\/2026\/09\/Espetaculo-Causos-de-Ze-Boco-e-Mane-Preguica-Cia-Teatro-Grio-5-640.jpg",640,426,false],"large":["https:\/\/noticiasbahia360.com.br\/wp-content\/uploads\/2026\/09\/Espetaculo-Causos-de-Ze-Boco-e-Mane-Preguica-Cia-Teatro-Grio-5-640.jpg",640,426,false],"1536x1536":["https:\/\/noticiasbahia360.com.br\/wp-content\/uploads\/2026\/09\/Espetaculo-Causos-de-Ze-Boco-e-Mane-Preguica-Cia-Teatro-Grio-5-640.jpg",640,426,false],"2048x2048":["https:\/\/noticiasbahia360.com.br\/wp-content\/uploads\/2026\/09\/Espetaculo-Causos-de-Ze-Boco-e-Mane-Preguica-Cia-Teatro-Grio-5-640.jpg",640,426,false],"chromenews-featured":["https:\/\/noticiasbahia360.com.br\/wp-content\/uploads\/2026\/09\/Espetaculo-Causos-de-Ze-Boco-e-Mane-Preguica-Cia-Teatro-Grio-5-640.jpg",640,426,false],"chromenews-large":["https:\/\/noticiasbahia360.com.br\/wp-content\/uploads\/2026\/09\/Espetaculo-Causos-de-Ze-Boco-e-Mane-Preguica-Cia-Teatro-Grio-5-640.jpg",640,426,false],"chromenews-medium":["https:\/\/noticiasbahia360.com.br\/wp-content\/uploads\/2026\/09\/Espetaculo-Causos-de-Ze-Boco-e-Mane-Preguica-Cia-Teatro-Grio-5-640-590x410.jpg",590,410,true]},"author_info":{"display_name":"noticiasbahia360.com.br","author_link":"https:\/\/noticiasbahia360.com.br\/?author=1"},"category_info":"<a href=\"https:\/\/noticiasbahia360.com.br\/?cat=8\" rel=\"category\">Bahia<\/a> <a href=\"https:\/\/noticiasbahia360.com.br\/?cat=9\" rel=\"category\">Brasil<\/a> <a href=\"https:\/\/noticiasbahia360.com.br\/?cat=6\" rel=\"category\">Feira de Santana<\/a> <a href=\"https:\/\/noticiasbahia360.com.br\/?cat=57\" rel=\"category\">Mundo<\/a> <a href=\"https:\/\/noticiasbahia360.com.br\/?cat=56\" rel=\"category\">Pol\u00edcia<\/a> <a href=\"https:\/\/noticiasbahia360.com.br\/?cat=10\" rel=\"category\">Pol\u00edtica<\/a>","tag_info":"Pol\u00edtica","comment_count":"0","_links":{"self":[{"href":"https:\/\/noticiasbahia360.com.br\/index.php?rest_route=\/wp\/v2\/posts\/148319","targetHints":{"allow":["GET"]}}],"collection":[{"href":"https:\/\/noticiasbahia360.com.br\/index.php?rest_route=\/wp\/v2\/posts"}],"about":[{"href":"https:\/\/noticiasbahia360.com.br\/index.php?rest_route=\/wp\/v2\/types\/post"}],"author":[{"embeddable":true,"href":"https:\/\/noticiasbahia360.com.br\/index.php?rest_route=\/wp\/v2\/users\/1"}],"replies":[{"embeddable":true,"href":"https:\/\/noticiasbahia360.com.br\/index.php?rest_route=%2Fwp%2Fv2%2Fcomments&post=148319"}],"version-history":[{"count":0,"href":"https:\/\/noticiasbahia360.com.br\/index.php?rest_route=\/wp\/v2\/posts\/148319\/revisions"}],"wp:featuredmedia":[{"embeddable":true,"href":"https:\/\/noticiasbahia360.com.br\/index.php?rest_route=\/wp\/v2\/media\/148320"}],"wp:attachment":[{"href":"https:\/\/noticiasbahia360.com.br\/index.php?rest_route=%2Fwp%2Fv2%2Fmedia&parent=148319"}],"wp:term":[{"taxonomy":"category","embeddable":true,"href":"https:\/\/noticiasbahia360.com.br\/index.php?rest_route=%2Fwp%2Fv2%2Fcategories&post=148319"},{"taxonomy":"post_tag","embeddable":true,"href":"https:\/\/noticiasbahia360.com.br\/index.php?rest_route=%2Fwp%2Fv2%2Ftags&post=148319"}],"curies":[{"name":"wp","href":"https:\/\/api.w.org\/{rel}","templated":true}]}}