{"id":148321,"date":"2026-09-01T15:02:50","date_gmt":"2026-09-01T18:02:50","guid":{"rendered":"https:\/\/noticiasbahia360.com.br\/?p=148321"},"modified":"2026-09-01T15:02:50","modified_gmt":"2026-09-01T18:02:50","slug":"campanha-de-multivacinacao-termina-nesta-terca-1-com-mais-de-8-milhoes-de-doses-aplicadas","status":"publish","type":"post","link":"https:\/\/noticiasbahia360.com.br\/?p=148321","title":{"rendered":"Campanha de Multivacina\u00e7\u00e3o termina nesta ter\u00e7a (1) com mais de 8 milh\u00f5es de doses aplicadas"},"content":{"rendered":"<div>\n<div>\n<figure><img decoding=\"async\" src=\"http:\/\/noticiasbahia360.com.br\/wp-content\/uploads\/2026\/09\/Vacinacao-Foto-Tomaz-Silva-Agencia-Brasil.jpg\" alt=\"Vacina\u00e7\u00e3o\"><figcaption>Foto: Tomaz Silva\/ Ag\u00eancia Brasil<\/figcaption><\/figure>\n<\/div>\n<p class=\"wp-block-paragraph\">Ag\u00eancia Brasil- Mais de 8 milh\u00f5es de doses de vacinas foram aplicadas em todo o pa\u00eds durante a Campanha Nacional de Multivacina\u00e7\u00e3o de 2026, iniciada em 3 de agosto e que se encerra nesta ter\u00e7a-feira (1\u00ba).<img decoding=\"async\" src=\"https:\/\/agenciabrasil.ebc.com.br\/ebc.png?id=1701232&amp;o=node\"><img decoding=\"async\" src=\"https:\/\/agenciabrasil.ebc.com.br\/ebc.gif?id=1701232&amp;o=node\"><\/p>\n<p class=\"wp-block-paragraph\">Realizada pelo Minist\u00e9rio da Sa\u00fade, em parceria com estados e munic\u00edpios, a campanha nacional combate doen\u00e7as preven\u00edveis por imuniza\u00e7\u00e3o.\u00a0<strong>O p\u00fablico alvo \u00e9 de crian\u00e7as e adolescentes menores de 15 anos<\/strong>.<\/p>\n<p class=\"wp-block-paragraph\">Somente no Dia D da Multivacina\u00e7\u00e3o, realizado em 22 de agosto,\u00a0mais de 1 milh\u00e3o de doses foram aplicadas.<\/p>\n<p class=\"wp-block-paragraph\">Os pais e respons\u00e1veis ainda podem aproveitar o \u00faltimo dia da mobiliza\u00e7\u00e3o e procurar a Unidade B\u00e1sica de Sa\u00fade (UBS) mais pr\u00f3xima para atualiza\u00e7\u00e3o do Calend\u00e1rio Vacinal das crian\u00e7as e adolescentes.<\/p>\n<h2 id=\"h-doencas-que-podem-ser-prevenidas\" class=\"wp-block-heading\">Doen\u00e7as que podem ser prevenidas<\/h2>\n<p class=\"wp-block-paragraph\">Entre as enfermidades\u00a0que podem ser evitadas pela vacina\u00e7\u00e3o ofertada pelo SUS est\u00e3o:<\/p>\n<ul class=\"wp-block-list\">\n<li><strong>sarampo,<\/strong><\/li>\n<li><strong>dengue,<\/strong><\/li>\n<li><strong>formas graves de tuberculose,<\/strong><\/li>\n<li><strong>hepatites A e B,<\/strong><\/li>\n<li><strong>difteria,<\/strong><\/li>\n<li><strong>t\u00e9tano,<\/strong><\/li>\n<li><strong>coqueluche,<\/strong><\/li>\n<li><strong>poliomielite,<\/strong><\/li>\n<li><strong>infec\u00e7\u00f5es por rotav\u00edrus,<\/strong><\/li>\n<li><strong>pneumonias e meningites causadas por pneumococos e meningococos,<\/strong><\/li>\n<li><strong>influenza (gripe),<\/strong><\/li>\n<li><strong>covid-19,<\/strong><\/li>\n<li><strong>febre amarela,<\/strong><\/li>\n<li><strong>caxumba,<\/strong><\/li>\n<li><strong>rub\u00e9ola,<\/strong><\/li>\n<li><strong>varicela (catapora),<\/strong><\/li>\n<li><strong>infec\u00e7\u00f5es pelo papilomav\u00edrus humano (HPV)<\/strong>.<\/li>\n<\/ul>\n<p class=\"wp-block-paragraph\">Pela primeira vez, a vacina pneumoc\u00f3cica 20-valente (Pneumo 20)\u00a0foi ofertada em uma Campanha Nacional de Multivacina\u00e7\u00e3o, ap\u00f3s ter sido incorporada, neste ano, ao Calend\u00e1rio Nacional de Vacina\u00e7\u00e3o.<\/p>\n<p class=\"wp-block-paragraph\">O novo imunizante conjugado protege contra 20 sorotipos da bact\u00e9ria\u00a0<em>Streptococcus pneumoniae<\/em>\u00a0que causam doen\u00e7as como pneumonias e meningites,<\/p>\n<h2 id=\"h-vacinacao-o-ano-inteiro\" class=\"wp-block-heading\">Vacina\u00e7\u00e3o o ano inteiro<\/h2>\n<p class=\"wp-block-paragraph\">Mesmo com o fim da Campanha Nacional de Multivacina\u00e7\u00e3o de 2026, as vacinas previstas no\u00a0<a href=\"https:\/\/www.gov.br\/saude\/pt-br\/vacinacao\/calendario\" target=\"_blank\" rel=\"noreferrer noopener\">Calend\u00e1rio Nacional de Vacina\u00e7\u00e3o<\/a>\u00a0permanecem dispon\u00edveis regularmente durante todo o ano no Sistema \u00danico de Sa\u00fade (SUS) e nos pontos de vacina\u00e7\u00e3o organizados pelos estados e munic\u00edpios.<\/p>\n<p class=\"wp-block-paragraph\">A vacina\u00e7\u00e3o \u00e9 feita de acordo com o hist\u00f3rico de cada crian\u00e7a ou adolescente: ap\u00f3s a avalia\u00e7\u00e3o da caderneta, os profissionais de sa\u00fade identificam quais vacinas s\u00e3o necess\u00e1rias para iniciar, completar ou atualizar o esquema recomendado.<\/p>\n<h2 id=\"h-reforco-contra-o-sarampo\" class=\"wp-block-heading\">Refor\u00e7o contra o sarampo<\/h2>\n<p class=\"wp-block-paragraph\">A vacina\u00e7\u00e3o contra o sarampo tamb\u00e9m foi intensificada nos munic\u00edpios de S\u00e3o Paulo, Guarulhos e S\u00e3o Bernardo do Campo, em S\u00e3o Paulo.<\/p>\n<p class=\"wp-block-paragraph\">O refor\u00e7o contra o sarampo foi adotado depois que a Secretaria de Estado da Sa\u00fade de S\u00e3o Paulo\u00a0confirmou a ocorr\u00eancia de casos da doen\u00e7a.<\/p>\n<p class=\"wp-block-paragraph\">Somente em 2026, at\u00e9 27 de agosto, j\u00e1 s\u00e3o 26\u00a0ocorr\u00eancias do tipo. Entre as pessoas infectadas, 19 delas n\u00e3o tinham se vacinado ou tinham esquema vacinal incompleto.<\/p>\n<p class=\"wp-block-paragraph\">Em 2025, foram registrados 38 casos de sarampo importados ou relacionados \u00e0 importa\u00e7\u00e3o no pa\u00eds.<\/p>\n<p class=\"wp-block-paragraph\"><em>Siga o Acorda Cidade no\u00a0<\/em><a href=\"https:\/\/news.google.com\/search?q=acorda%20cidade&amp;hl=pt-BR&amp;gl=BR&amp;ceid=BR%3Apt-419\"><strong><em>Google Not\u00edcias<\/em><\/strong><\/a><em>\u00a0e receba os principais destaques do dia. Participe tamb\u00e9m dos nossos canais no\u00a0<\/em><a href=\"https:\/\/www.whatsapp.com\/channel\/0029Va6Rb4v3WHTNnsh8WI3N\"><strong><em>WhatsApp<\/em><\/strong><\/a><em>\u00a0e\u00a0<\/em><a href=\"https:\/\/www.youtube.com\/@acordacidadenoticias\/videos\"><strong>YouTube<\/strong><\/a><em>\u00a0e do grupo no\u00a0<\/em><a href=\"https:\/\/t.me\/+sSz0khrgARA0ZmRh\"><strong><em>Telegram<\/em><\/strong><\/a><em>.<\/em><a href=\"https:\/\/www.acordacidade.com.br\/colunas\/dilton-e-feito\/\"><\/a><\/p>\n<\/div>\n","protected":false},"excerpt":{"rendered":"<p>Foto: Tomaz Silva\/ Ag\u00eancia Brasil Ag\u00eancia Brasil- Mais de 8 milh\u00f5es de doses de vacinas<\/p>\n","protected":false},"author":1,"featured_media":148322,"comment_status":"closed","ping_status":"closed","sticky":false,"template":"","format":"gallery","meta":{"footnotes":""},"categories":[8,9,6,57,56,10],"tags":[],"class_list":["post-148321","post","type-post","status-publish","format-gallery","has-post-thumbnail","hentry","category-bahia","category-brasil","category-feira-de-santana","category-mundo","category-policia","category-politica","post_format-post-format-gallery"],"featured_image_urls":{"full":["https:\/\/noticiasbahia360.com.br\/wp-content\/uploads\/2026\/09\/Vacinacao-Foto-Tomaz-Silva-Agencia-Brasil.jpg",1200,718,false],"thumbnail":["https:\/\/noticiasbahia360.com.br\/wp-content\/uploads\/2026\/09\/Vacinacao-Foto-Tomaz-Silva-Agencia-Brasil-150x150.jpg",150,150,true],"medium":["https:\/\/noticiasbahia360.com.br\/wp-content\/uploads\/2026\/09\/Vacinacao-Foto-Tomaz-Silva-Agencia-Brasil-300x180.jpg",300,180,true],"medium_large":["https:\/\/noticiasbahia360.com.br\/wp-content\/uploads\/2026\/09\/Vacinacao-Foto-Tomaz-Silva-Agencia-Brasil-768x460.jpg",640,383,true],"large":["https:\/\/noticiasbahia360.com.br\/wp-content\/uploads\/2026\/09\/Vacinacao-Foto-Tomaz-Silva-Agencia-Brasil-1024x613.jpg",640,383,true],"1536x1536":["https:\/\/noticiasbahia360.com.br\/wp-content\/uploads\/2026\/09\/Vacinacao-Foto-Tomaz-Silva-Agencia-Brasil.jpg",1200,718,false],"2048x2048":["https:\/\/noticiasbahia360.com.br\/wp-content\/uploads\/2026\/09\/Vacinacao-Foto-Tomaz-Silva-Agencia-Brasil.jpg",1200,718,false],"chromenews-featured":["https:\/\/noticiasbahia360.com.br\/wp-content\/uploads\/2026\/09\/Vacinacao-Foto-Tomaz-Silva-Agencia-Brasil-1024x613.jpg",1024,613,true],"chromenews-large":["https:\/\/noticiasbahia360.com.br\/wp-content\/uploads\/2026\/09\/Vacinacao-Foto-Tomaz-Silva-Agencia-Brasil-825x575.jpg",825,575,true],"chromenews-medium":["https:\/\/noticiasbahia360.com.br\/wp-content\/uploads\/2026\/09\/Vacinacao-Foto-Tomaz-Silva-Agencia-Brasil-590x410.jpg",590,410,true]},"author_info":{"display_name":"noticiasbahia360.com.br","author_link":"https:\/\/noticiasbahia360.com.br\/?author=1"},"category_info":"<a href=\"https:\/\/noticiasbahia360.com.br\/?cat=8\" rel=\"category\">Bahia<\/a> <a href=\"https:\/\/noticiasbahia360.com.br\/?cat=9\" rel=\"category\">Brasil<\/a> <a href=\"https:\/\/noticiasbahia360.com.br\/?cat=6\" rel=\"category\">Feira de Santana<\/a> <a href=\"https:\/\/noticiasbahia360.com.br\/?cat=57\" rel=\"category\">Mundo<\/a> <a href=\"https:\/\/noticiasbahia360.com.br\/?cat=56\" rel=\"category\">Pol\u00edcia<\/a> <a href=\"https:\/\/noticiasbahia360.com.br\/?cat=10\" rel=\"category\">Pol\u00edtica<\/a>","tag_info":"Pol\u00edtica","comment_count":"0","_links":{"self":[{"href":"https:\/\/noticiasbahia360.com.br\/index.php?rest_route=\/wp\/v2\/posts\/148321","targetHints":{"allow":["GET"]}}],"collection":[{"href":"https:\/\/noticiasbahia360.com.br\/index.php?rest_route=\/wp\/v2\/posts"}],"about":[{"href":"https:\/\/noticiasbahia360.com.br\/index.php?rest_route=\/wp\/v2\/types\/post"}],"author":[{"embeddable":true,"href":"https:\/\/noticiasbahia360.com.br\/index.php?rest_route=\/wp\/v2\/users\/1"}],"replies":[{"embeddable":true,"href":"https:\/\/noticiasbahia360.com.br\/index.php?rest_route=%2Fwp%2Fv2%2Fcomments&post=148321"}],"version-history":[{"count":0,"href":"https:\/\/noticiasbahia360.com.br\/index.php?rest_route=\/wp\/v2\/posts\/148321\/revisions"}],"wp:featuredmedia":[{"embeddable":true,"href":"https:\/\/noticiasbahia360.com.br\/index.php?rest_route=\/wp\/v2\/media\/148322"}],"wp:attachment":[{"href":"https:\/\/noticiasbahia360.com.br\/index.php?rest_route=%2Fwp%2Fv2%2Fmedia&parent=148321"}],"wp:term":[{"taxonomy":"category","embeddable":true,"href":"https:\/\/noticiasbahia360.com.br\/index.php?rest_route=%2Fwp%2Fv2%2Fcategories&post=148321"},{"taxonomy":"post_tag","embeddable":true,"href":"https:\/\/noticiasbahia360.com.br\/index.php?rest_route=%2Fwp%2Fv2%2Ftags&post=148321"}],"curies":[{"name":"wp","href":"https:\/\/api.w.org\/{rel}","templated":true}]}}