{"id":148323,"date":"2026-09-01T15:02:51","date_gmt":"2026-09-01T18:02:51","guid":{"rendered":"https:\/\/noticiasbahia360.com.br\/?p=148323"},"modified":"2026-09-01T15:02:51","modified_gmt":"2026-09-01T18:02:51","slug":"dez-pessoas-sao-presas-durante-operacao-contra-organizacoes-criminosas-no-norte-da-bahia","status":"publish","type":"post","link":"https:\/\/noticiasbahia360.com.br\/?p=148323","title":{"rendered":"Dez pessoas s\u00e3o presas durante opera\u00e7\u00e3o contra organiza\u00e7\u00f5es criminosas no norte da Bahia"},"content":{"rendered":"<div>\n<div>\n<figure><img decoding=\"async\" src=\"http:\/\/noticiasbahia360.com.br\/wp-content\/uploads\/2026\/09\/Operacao-Mandatum.jpg\" alt=\"Opera\u00e7\u00e3o Premium Mandatum\"><figcaption>Foto: Divulga\u00e7\u00e3o\/MPBA<\/figcaption><\/figure>\n<\/div>\n<p class=\"wp-block-paragraph\">Dez pessoas foram presas nesta ter\u00e7a-feira (1\u00ba), em Juazeiro durante a Opera\u00e7\u00e3o Premium Mandatum. A 5\u00aa e 6\u00aa fases da opera\u00e7\u00e3o foram deflagradas pelo Minist\u00e9rio P\u00fablico do Estado da Bahia (MPBA), por meio do por meio do Grupo de Atua\u00e7\u00e3o Especial de Combate \u00e0s Organiza\u00e7\u00f5es Criminosas e Investiga\u00e7\u00f5es Criminais Norte (Gaeco Norte), com o objetivo de desarticular organiza\u00e7\u00f5es criminosas envolvidas com tr\u00e1fico de drogas, homic\u00eddios e lavagem de dinheiro com atua\u00e7\u00e3o em Juazeiro, Senhor do Bonfim e munic\u00edpios da regi\u00e3o norte do estado.<\/p>\n<h2 id=\"h-conjunto-penal-de-juazeiro\" class=\"wp-block-heading\">Conjunto Penal de Juazeiro<\/h2>\n<p class=\"wp-block-paragraph\">Foram cumpridos oito mandados de pris\u00e3o, parte deles no Conjunto Penal de Juazeiro, onde tr\u00eas presos foram inclu\u00eddos no Regime Disciplinar Diferenciado com transfer\u00eancia para unidade prisional de seguran\u00e7a m\u00e1xima. Foram realizadas ainda duas pris\u00f5es em flagrante e executados 18 mandados de busca e apreens\u00e3o, todos em Juazeiro. As ordens judiciais foram expedidas pela 1\u00aa Vara Criminal de Senhor do Bonfim e pela 2\u00aa Vara Criminal de Juazeiro.<\/p>\n<p class=\"wp-block-paragraph\">Parte dos mandados foi cumprida no CPJ, onde integrantes da organiza\u00e7\u00e3o criminosa, mesmo presos, continuavam comandando atividades il\u00edcitas e determinando a\u00e7\u00f5es criminosas a partir do CPJ, com o aux\u00edlio de comparsas em liberdade. <\/p>\n<p class=\"wp-block-paragraph\">As investiga\u00e7\u00f5es dessas novas fases identificaram tamb\u00e9m novos poss\u00edveis integrantes de uma organiza\u00e7\u00e3o criminosa com ramifica\u00e7\u00f5es em Senhor do Bonfim, incluindo a suposta participa\u00e7\u00e3o de um advogado. <\/p>\n<p class=\"wp-block-paragraph\">As a\u00e7\u00f5es de hoje foram realizadas com o apoio Pol\u00edcia da Militar da Bahia, por meio do Comando de Policiamento da Regi\u00e3o Norte \u2013 CPRN (Rondesp Norte, 73\u00aa, 74\u00aa, 75\u00aa e 76\u00aa CIPM) e da CIPE \u2013 Caatinga, bem como da Secretaria de Administra\u00e7\u00e3o Penitenci\u00e1ria (Seap). As investiga\u00e7\u00f5es seguem sob segredo de Justi\u00e7a.<\/p>\n<p class=\"wp-block-paragraph\">Al\u00e9m do cumprimento das ordens judiciais de pris\u00e3o, busca e transfer\u00eancia, nas duas fases a Justi\u00e7a deferiu o afastamento do sigilo de dados telef\u00f4nicos e telem\u00e1ticos dos dispositivos eletr\u00f4nicos eventualmente apreendidos, permitindo o aprofundamento das investiga\u00e7\u00f5es e a an\u00e1lise de redes de contato e movimenta\u00e7\u00f5es financeiras do grupo criminoso.<\/p>\n<p class=\"wp-block-paragraph\"><em>Siga o Acorda Cidade no\u00a0<\/em><a href=\"https:\/\/news.google.com\/search?q=acorda%20cidade&amp;hl=pt-BR&amp;gl=BR&amp;ceid=BR%3Apt-419\"><strong><em>Google Not\u00edcias<\/em><\/strong><\/a><em>\u00a0e receba os principais destaques do dia. Participe tamb\u00e9m dos nossos canais no\u00a0<\/em><a href=\"https:\/\/www.whatsapp.com\/channel\/0029Va6Rb4v3WHTNnsh8WI3N\"><strong><em>WhatsApp<\/em><\/strong><\/a><em>\u00a0e\u00a0<\/em><a href=\"https:\/\/www.youtube.com\/@acordacidadenoticias\/videos\"><strong>YouTube<\/strong><\/a><em>\u00a0e do grupo no\u00a0<\/em><a href=\"https:\/\/t.me\/+sSz0khrgARA0ZmRh\"><strong><em>Telegram<\/em><\/strong><\/a><em>.<\/em><a href=\"https:\/\/www.acordacidade.com.br\/colunas\/dilton-e-feito\/\"><\/a><\/p>\n<\/div>\n","protected":false},"excerpt":{"rendered":"<p>Foto: Divulga\u00e7\u00e3o\/MPBA Dez pessoas foram presas nesta ter\u00e7a-feira (1\u00ba), em Juazeiro durante a Opera\u00e7\u00e3o Premium<\/p>\n","protected":false},"author":1,"featured_media":148324,"comment_status":"closed","ping_status":"closed","sticky":false,"template":"","format":"gallery","meta":{"footnotes":""},"categories":[8,9,6,57,56,10],"tags":[],"class_list":["post-148323","post","type-post","status-publish","format-gallery","has-post-thumbnail","hentry","category-bahia","category-brasil","category-feira-de-santana","category-mundo","category-policia","category-politica","post_format-post-format-gallery"],"featured_image_urls":{"full":["https:\/\/noticiasbahia360.com.br\/wp-content\/uploads\/2026\/09\/Operacao-Mandatum.jpg",1200,800,false],"thumbnail":["https:\/\/noticiasbahia360.com.br\/wp-content\/uploads\/2026\/09\/Operacao-Mandatum-150x150.jpg",150,150,true],"medium":["https:\/\/noticiasbahia360.com.br\/wp-content\/uploads\/2026\/09\/Operacao-Mandatum-300x200.jpg",300,200,true],"medium_large":["https:\/\/noticiasbahia360.com.br\/wp-content\/uploads\/2026\/09\/Operacao-Mandatum-768x512.jpg",640,427,true],"large":["https:\/\/noticiasbahia360.com.br\/wp-content\/uploads\/2026\/09\/Operacao-Mandatum-1024x683.jpg",640,427,true],"1536x1536":["https:\/\/noticiasbahia360.com.br\/wp-content\/uploads\/2026\/09\/Operacao-Mandatum.jpg",1200,800,false],"2048x2048":["https:\/\/noticiasbahia360.com.br\/wp-content\/uploads\/2026\/09\/Operacao-Mandatum.jpg",1200,800,false],"chromenews-featured":["https:\/\/noticiasbahia360.com.br\/wp-content\/uploads\/2026\/09\/Operacao-Mandatum-1024x683.jpg",1024,683,true],"chromenews-large":["https:\/\/noticiasbahia360.com.br\/wp-content\/uploads\/2026\/09\/Operacao-Mandatum-825x575.jpg",825,575,true],"chromenews-medium":["https:\/\/noticiasbahia360.com.br\/wp-content\/uploads\/2026\/09\/Operacao-Mandatum-590x410.jpg",590,410,true]},"author_info":{"display_name":"noticiasbahia360.com.br","author_link":"https:\/\/noticiasbahia360.com.br\/?author=1"},"category_info":"<a href=\"https:\/\/noticiasbahia360.com.br\/?cat=8\" rel=\"category\">Bahia<\/a> <a href=\"https:\/\/noticiasbahia360.com.br\/?cat=9\" rel=\"category\">Brasil<\/a> <a href=\"https:\/\/noticiasbahia360.com.br\/?cat=6\" rel=\"category\">Feira de Santana<\/a> <a href=\"https:\/\/noticiasbahia360.com.br\/?cat=57\" rel=\"category\">Mundo<\/a> <a href=\"https:\/\/noticiasbahia360.com.br\/?cat=56\" rel=\"category\">Pol\u00edcia<\/a> <a href=\"https:\/\/noticiasbahia360.com.br\/?cat=10\" rel=\"category\">Pol\u00edtica<\/a>","tag_info":"Pol\u00edtica","comment_count":"0","_links":{"self":[{"href":"https:\/\/noticiasbahia360.com.br\/index.php?rest_route=\/wp\/v2\/posts\/148323","targetHints":{"allow":["GET"]}}],"collection":[{"href":"https:\/\/noticiasbahia360.com.br\/index.php?rest_route=\/wp\/v2\/posts"}],"about":[{"href":"https:\/\/noticiasbahia360.com.br\/index.php?rest_route=\/wp\/v2\/types\/post"}],"author":[{"embeddable":true,"href":"https:\/\/noticiasbahia360.com.br\/index.php?rest_route=\/wp\/v2\/users\/1"}],"replies":[{"embeddable":true,"href":"https:\/\/noticiasbahia360.com.br\/index.php?rest_route=%2Fwp%2Fv2%2Fcomments&post=148323"}],"version-history":[{"count":0,"href":"https:\/\/noticiasbahia360.com.br\/index.php?rest_route=\/wp\/v2\/posts\/148323\/revisions"}],"wp:featuredmedia":[{"embeddable":true,"href":"https:\/\/noticiasbahia360.com.br\/index.php?rest_route=\/wp\/v2\/media\/148324"}],"wp:attachment":[{"href":"https:\/\/noticiasbahia360.com.br\/index.php?rest_route=%2Fwp%2Fv2%2Fmedia&parent=148323"}],"wp:term":[{"taxonomy":"category","embeddable":true,"href":"https:\/\/noticiasbahia360.com.br\/index.php?rest_route=%2Fwp%2Fv2%2Fcategories&post=148323"},{"taxonomy":"post_tag","embeddable":true,"href":"https:\/\/noticiasbahia360.com.br\/index.php?rest_route=%2Fwp%2Fv2%2Ftags&post=148323"}],"curies":[{"name":"wp","href":"https:\/\/api.w.org\/{rel}","templated":true}]}}