{"id":148325,"date":"2026-09-01T15:02:52","date_gmt":"2026-09-01T18:02:52","guid":{"rendered":"https:\/\/noticiasbahia360.com.br\/?p=148325"},"modified":"2026-09-01T15:02:52","modified_gmt":"2026-09-01T18:02:52","slug":"gabriel-jesus-e-anunciado-como-reforco-do-barcelona-ate-2029","status":"publish","type":"post","link":"https:\/\/noticiasbahia360.com.br\/?p=148325","title":{"rendered":"Gabriel Jesus \u00e9 anunciado como refor\u00e7o do Barcelona at\u00e9 2029"},"content":{"rendered":"<div>\n<div>\n<figure><img decoding=\"async\" src=\"http:\/\/noticiasbahia360.com.br\/wp-content\/uploads\/2026\/09\/gabriel-jesus-barcelona.jpg\" alt=\"Gabriel Jesus \u00e9 anunciado como refor\u00e7o do Barcelona at\u00e9 2029\"><figcaption>Gabriel Jesus &#8211; Foto: Divulga\u00e7\u00e3o\/FC Barcelona<\/figcaption><\/figure>\n<\/div>\n<p class=\"wp-block-paragraph\">O Barcelona anunciou nesta ter\u00e7a-feira (1\u00ba) a contrata\u00e7\u00e3o de Gabriel Jesus. Aos 29 anos, o atacante brasileiro deixa o Arsenal e assina contrato com o clube catal\u00e3o at\u00e9 junho de 2029. A transfer\u00eancia foi fechada por cerca de 10 milh\u00f5es de euros (aproximadamente R$ 60 milh\u00f5es), al\u00e9m de b\u00f4nus previstos no acordo.<\/p>\n<p class=\"wp-block-paragraph\">Gabriel Jesus chega ao \u201cBar\u00e7a\u201d para refor\u00e7ar o setor ofensivo ap\u00f3s as sa\u00eddas de jogadores como Robert Lewandowski e Ferr\u00e1n Torres. O clube espanhol tamb\u00e9m havia tentado avan\u00e7ar pela contrata\u00e7\u00e3o de Juli\u00e1n \u00c1lvarez, do Atl\u00e9tico de Madrid, mas n\u00e3o conseguiu chegar a um acordo.<\/p>\n<figure class=\"wp-block-embed is-type-rich is-provider-x wp-block-embed-x\">\n<div class=\"wp-block-embed__wrapper\">\n<blockquote class=\"twitter-tweet\" data-width=\"500\" data-dnt=\"true\">\n<p lang=\"en\" dir=\"ltr\">Pressure. Intensity. Instinct. Goals.<br \/>Gabriel Jesus. <a href=\"https:\/\/t.co\/cMyUEYBUbN\">pic.twitter.com\/cMyUEYBUbN<\/a><\/p>\n<p>\u2014 FC Barcelona (@FCBarcelona) <a href=\"https:\/\/x.com\/FCBarcelona\/status\/2094769858206400947?ref_src=twsrc%5Etfw\">September 1, 2026<\/a><\/p><\/blockquote>\n<p><script async src=\"https:\/\/platform.x.com\/widgets.js\" charset=\"utf-8\"><\/script>\n<\/div>\n<\/figure>\n<p class=\"wp-block-paragraph\">O brasileiro desembarcou na Espanha na segunda-feira (31), realizou exames m\u00e9dicos e acompanhou no Camp Nou a vit\u00f3ria do Barcelona por 5 a 2 sobre o Rayo Vallecano.<\/p>\n<p class=\"wp-block-paragraph\">O atacante, conhecido pela versatilidade, pode atuar tanto no meio quanto pelas laterais do campo. Na apresenta\u00e7\u00e3o, Gabriel Jesus destacou a qualidade do elenco catal\u00e3o e afirmou que chega para contribuir com o grupo.<\/p>\n<p class=\"wp-block-paragraph\">Revelado pelo Palmeiras, o jogador deixou o futebol brasileiro em 2017 para defender o Manchester City. Em 2022, foi contratado pelo Arsenal, onde permaneceu por quatro temporadas. Agora, ter\u00e1 sua terceira experi\u00eancia no futebol europeu com a camisa do Barcelona.<\/p>\n<p class=\"wp-block-paragraph\"><em>Siga o Acorda Cidade no\u00a0<\/em><a href=\"https:\/\/news.google.com\/search?q=acorda%20cidade&amp;hl=pt-BR&amp;gl=BR&amp;ceid=BR%3Apt-419\"><strong><em>Google Not\u00edcias<\/em><\/strong><\/a><em>\u00a0e receba os principais destaques do dia. Participe tamb\u00e9m dos nossos canais no\u00a0<\/em><a href=\"https:\/\/www.whatsapp.com\/channel\/0029Va6Rb4v3WHTNnsh8WI3N\"><strong><em>WhatsApp<\/em><\/strong><\/a><em>\u00a0e\u00a0<\/em><a href=\"https:\/\/www.youtube.com\/@acordacidadenoticias\/videos\"><strong>YouTube<\/strong><\/a><em>\u00a0e do grupo no\u00a0<\/em><a href=\"https:\/\/t.me\/+sSz0khrgARA0ZmRh\"><strong><em>Telegram<\/em><\/strong><\/a><em>.<\/em><\/p>\n<\/div>\n","protected":false},"excerpt":{"rendered":"<p>Gabriel Jesus &#8211; Foto: Divulga\u00e7\u00e3o\/FC Barcelona O Barcelona anunciou nesta ter\u00e7a-feira (1\u00ba) a contrata\u00e7\u00e3o de<\/p>\n","protected":false},"author":1,"featured_media":148326,"comment_status":"closed","ping_status":"closed","sticky":false,"template":"","format":"gallery","meta":{"footnotes":""},"categories":[8,9,6,57,56,10],"tags":[],"class_list":["post-148325","post","type-post","status-publish","format-gallery","has-post-thumbnail","hentry","category-bahia","category-brasil","category-feira-de-santana","category-mundo","category-policia","category-politica","post_format-post-format-gallery"],"featured_image_urls":{"full":["https:\/\/noticiasbahia360.com.br\/wp-content\/uploads\/2026\/09\/gabriel-jesus-barcelona.jpg",1200,930,false],"thumbnail":["https:\/\/noticiasbahia360.com.br\/wp-content\/uploads\/2026\/09\/gabriel-jesus-barcelona-150x150.jpg",150,150,true],"medium":["https:\/\/noticiasbahia360.com.br\/wp-content\/uploads\/2026\/09\/gabriel-jesus-barcelona-300x233.jpg",300,233,true],"medium_large":["https:\/\/noticiasbahia360.com.br\/wp-content\/uploads\/2026\/09\/gabriel-jesus-barcelona-768x595.jpg",640,496,true],"large":["https:\/\/noticiasbahia360.com.br\/wp-content\/uploads\/2026\/09\/gabriel-jesus-barcelona-1024x794.jpg",640,496,true],"1536x1536":["https:\/\/noticiasbahia360.com.br\/wp-content\/uploads\/2026\/09\/gabriel-jesus-barcelona.jpg",1200,930,false],"2048x2048":["https:\/\/noticiasbahia360.com.br\/wp-content\/uploads\/2026\/09\/gabriel-jesus-barcelona.jpg",1200,930,false],"chromenews-featured":["https:\/\/noticiasbahia360.com.br\/wp-content\/uploads\/2026\/09\/gabriel-jesus-barcelona-1024x794.jpg",1024,794,true],"chromenews-large":["https:\/\/noticiasbahia360.com.br\/wp-content\/uploads\/2026\/09\/gabriel-jesus-barcelona-825x575.jpg",825,575,true],"chromenews-medium":["https:\/\/noticiasbahia360.com.br\/wp-content\/uploads\/2026\/09\/gabriel-jesus-barcelona-590x410.jpg",590,410,true]},"author_info":{"display_name":"noticiasbahia360.com.br","author_link":"https:\/\/noticiasbahia360.com.br\/?author=1"},"category_info":"<a href=\"https:\/\/noticiasbahia360.com.br\/?cat=8\" rel=\"category\">Bahia<\/a> <a href=\"https:\/\/noticiasbahia360.com.br\/?cat=9\" rel=\"category\">Brasil<\/a> <a href=\"https:\/\/noticiasbahia360.com.br\/?cat=6\" rel=\"category\">Feira de Santana<\/a> <a href=\"https:\/\/noticiasbahia360.com.br\/?cat=57\" rel=\"category\">Mundo<\/a> <a href=\"https:\/\/noticiasbahia360.com.br\/?cat=56\" rel=\"category\">Pol\u00edcia<\/a> <a href=\"https:\/\/noticiasbahia360.com.br\/?cat=10\" rel=\"category\">Pol\u00edtica<\/a>","tag_info":"Pol\u00edtica","comment_count":"0","_links":{"self":[{"href":"https:\/\/noticiasbahia360.com.br\/index.php?rest_route=\/wp\/v2\/posts\/148325","targetHints":{"allow":["GET"]}}],"collection":[{"href":"https:\/\/noticiasbahia360.com.br\/index.php?rest_route=\/wp\/v2\/posts"}],"about":[{"href":"https:\/\/noticiasbahia360.com.br\/index.php?rest_route=\/wp\/v2\/types\/post"}],"author":[{"embeddable":true,"href":"https:\/\/noticiasbahia360.com.br\/index.php?rest_route=\/wp\/v2\/users\/1"}],"replies":[{"embeddable":true,"href":"https:\/\/noticiasbahia360.com.br\/index.php?rest_route=%2Fwp%2Fv2%2Fcomments&post=148325"}],"version-history":[{"count":0,"href":"https:\/\/noticiasbahia360.com.br\/index.php?rest_route=\/wp\/v2\/posts\/148325\/revisions"}],"wp:featuredmedia":[{"embeddable":true,"href":"https:\/\/noticiasbahia360.com.br\/index.php?rest_route=\/wp\/v2\/media\/148326"}],"wp:attachment":[{"href":"https:\/\/noticiasbahia360.com.br\/index.php?rest_route=%2Fwp%2Fv2%2Fmedia&parent=148325"}],"wp:term":[{"taxonomy":"category","embeddable":true,"href":"https:\/\/noticiasbahia360.com.br\/index.php?rest_route=%2Fwp%2Fv2%2Fcategories&post=148325"},{"taxonomy":"post_tag","embeddable":true,"href":"https:\/\/noticiasbahia360.com.br\/index.php?rest_route=%2Fwp%2Fv2%2Ftags&post=148325"}],"curies":[{"name":"wp","href":"https:\/\/api.w.org\/{rel}","templated":true}]}}