{"id":148327,"date":"2026-09-01T16:02:52","date_gmt":"2026-09-01T19:02:52","guid":{"rendered":"https:\/\/noticiasbahia360.com.br\/?p=148327"},"modified":"2026-09-01T16:02:52","modified_gmt":"2026-09-01T19:02:52","slug":"mae-de-miguel-se-forma-em-direito-seis-anos-apos-morte-do-filho-e-emociona-ao-levar-foto-da-crianca-para-cerimonia","status":"publish","type":"post","link":"https:\/\/noticiasbahia360.com.br\/?p=148327","title":{"rendered":"M\u00e3e de Miguel se forma em Direito seis anos ap\u00f3s morte do filho e emociona ao levar foto da crian\u00e7a para cerim\u00f4nia"},"content":{"rendered":"<div>\n<div>\n<figure><img decoding=\"async\" src=\"http:\/\/noticiasbahia360.com.br\/wp-content\/uploads\/2026\/09\/Mirtes-Santana-mae-do-pequeno-Miguel-.webp\" alt=\"M\u00e3e de Miguel se forma em Direito seis anos ap\u00f3s morte do filho e emociona ao levar foto da crian\u00e7a para cerim\u00f4nia\"><figcaption>Foto: Reprodu\u00e7\u00e3o\/Redes Sociais <\/figcaption><\/figure>\n<\/div>\n<p class=\"wp-block-paragraph\">Seis anos ap\u00f3s perder o filho Miguel Ot\u00e1vio, de 5 anos, Mirtes Renata Santana concluiu a gradua\u00e7\u00e3o em Direito e transformou a cerim\u00f4nia de formatura em uma homenagem \u00e0 mem\u00f3ria do menino. A solenidade aconteceu no \u00faltimo s\u00e1bado (29), no Grande Recife. Ao entrar no sal\u00e3o, Mirtes carregava um porta-retrato com a fotografia de Miguel, enquanto a m\u00fasica \u201cMaria, Maria\u201d, de Milton Nascimento e Fernando Brant, era executada. A mesma imagem da crian\u00e7a foi exibida no tel\u00e3o durante a cerim\u00f4nia.<\/p>\n<p class=\"wp-block-paragraph\">A cena, registrada em v\u00eddeo e compartilhada nas redes sociais, emocionou os presentes e repercutiu nas redes sociais. Mirtes foi acompanhada pela m\u00e3e, Marta, pela irm\u00e3, Fabiana, e por duas amigas. A forma\u00e7\u00e3o em Direito come\u00e7ou depois da morte do filho e passou a fazer parte da trajet\u00f3ria de luta da pernambucana.<\/p>\n<figure class=\"wp-block-embed is-type-rich is-provider-instagram wp-block-embed-instagram\">\n<div class=\"wp-block-embed__wrapper\"><iframe title=\"Instagram frame\" loading=\"lazy\" height=\"628\" class=\"instagram-embed-iframe\" src=\"https:\/\/www.instagram.com\/reel\/DcvcfzjR2G4\/embed\/\" allowtransparency=\"true\" frameborder=\"0\" scrolling=\"no\" onload=\"(function(o){window.instagramIframe = window.instagramIframe || []; window.instagramIframe.push(o);})(this)\" style=\"border: 0px; margin: 0 auto; max-width: 658px; width: calc(100% - 2px); border-radius: 4px; box-shadow: rgba(0, 0, 0, 0.498039) 0px 0px 1px 0px, rgba(0, 0, 0, 0.14902) 0px 1px 10px 0px; display: block; padding: 0px; background: rgb(255, 255, 255);\"><\/iframe><\/div>\n<\/figure>\n<p class=\"wp-block-paragraph\"><strong>A hist\u00f3ria de Mirtes rodou o Brasil com pedidos por justi\u00e7a desde os primeiros dias ap\u00f3s a morte de Miguel. Como o Acorda Cidade divulgou, <a href=\"https:\/\/www.acordacidade.com.br\/brasil\/caso-miguel-completa-4-anos-sem-conclusao-tortura-grande-diz-mae\/\" data-type=\"link\" data-id=\"https:\/\/www.acordacidade.com.br\/brasil\/caso-miguel-completa-4-anos-sem-conclusao-tortura-grande-diz-mae\/\">Mirtes afirmou que a demora na conclus\u00e3o do processo representava uma \u201ctortura grande\u201d<\/a> e relatou que decidiu cursar Direito para compreender melhor o processo do filho e tamb\u00e9m ajudar outras pessoas.<\/strong><\/p>\n<p class=\"wp-block-paragraph\">A formatura, portanto, marca uma nova etapa na trajet\u00f3ria de Mirtes: a conquista de um diploma constru\u00edda em meio ao luto e \u00e0 luta pela mem\u00f3ria de Miguel. Na cerim\u00f4nia, a fotografia do menino ocupou o lugar simb\u00f3lico de quem, segundo a m\u00e3e, continua sendo parte fundamental de cada conquista.<\/p>\n<h2 id=\"h-relembre-o-caso-miguel\" class=\"wp-block-heading\">Relembre o caso Miguel<\/h2>\n<p class=\"wp-block-paragraph\">Miguel Ot\u00e1vio morreu em 2 de junho de 2020, aos 5 anos, ap\u00f3s cair do nono andar de um edif\u00edcio de luxo no bairro de S\u00e3o Jos\u00e9, na regi\u00e3o central do Recife. Na \u00e9poca, Mirtes trabalhava como empregada dom\u00e9stica no apartamento e havia sa\u00eddo para passear com o cachorro dos patr\u00f5es. Miguel ficou sob os cuidados da ent\u00e3o patroa da m\u00e3e, Sar\u00ed Corte Real.<\/p>\n<figure class=\"wp-block-image size-full is-resized\"><img fetchpriority=\"high\" decoding=\"async\" width=\"640\" height=\"550\" src=\"http:\/\/noticiasbahia360.com.br\/wp-content\/uploads\/2026\/09\/Mirtes-Renata-Santana-Caso-Miguel-Recife4.png\" alt=\"Miguel \" class=\"wp-image-424478\" style=\"width:840px;height:auto\" srcset=\"http:\/\/noticiasbahia360.com.br\/wp-content\/uploads\/2026\/09\/Mirtes-Renata-Santana-Caso-Miguel-Recife4.png 640w, https:\/\/www.acordacidade.com.br\/wp-content\/uploads\/2024\/08\/08143149\/Mirtes-Renata-Santana-Caso-Miguel-Recife4-300x258.png 300w, https:\/\/www.acordacidade.com.br\/wp-content\/uploads\/2024\/08\/08143149\/Mirtes-Renata-Santana-Caso-Miguel-Recife4-150x129.png 150w\" sizes=\"(max-width: 640px) 100vw, 640px\"><figcaption class=\"wp-element-caption\">Foto: Reprodu\u00e7\u00e3o\/Redes Sociais <\/figcaption><\/figure>\n<p class=\"wp-block-paragraph\">Segundo as investiga\u00e7\u00f5es, o menino entrou sozinho no elevador, chegou ao nono andar e acessou uma \u00e1rea pr\u00f3xima aos equipamentos de ar-condicionado, de onde caiu de aproximadamente 35 metros de altura. A Pol\u00edcia Civil apontou, ainda em 2020, que imagens das c\u00e2meras de seguran\u00e7a registraram a intera\u00e7\u00e3o entre Miguel e Sar\u00ed antes de a crian\u00e7a entrar no elevador.<\/p>\n<p class=\"wp-block-paragraph\">Sar\u00ed Corte Real foi condenada por abandono de incapaz com resultado morte. A pena, inicialmente fixada em oito anos e seis meses, foi reduzida para sete anos de pris\u00e3o em regime inicialmente fechado. Em maio de 2026, o Tribunal de Justi\u00e7a de Pernambuco manteve a condena\u00e7\u00e3o por seis votos a cinco. Sar\u00ed continua recorrendo em liberdade e ainda pode recorrer ao Superior Tribunal de Justi\u00e7a (STJ).<\/p>\n<p class=\"wp-block-paragraph\"><strong>Leia tamb\u00e9m: <a href=\"https:\/\/www.acordacidade.com.br\/brasil\/caso-miguel-completa-4-anos-sem-conclusao-tortura-grande-diz-mae\/\" data-type=\"link\" data-id=\"https:\/\/www.acordacidade.com.br\/brasil\/caso-miguel-completa-4-anos-sem-conclusao-tortura-grande-diz-mae\/\">Caso Miguel completa 4 anos sem conclus\u00e3o: \u201ctortura grande\u201d, diz m\u00e3e<\/a><\/strong><\/p>\n<p class=\"wp-block-paragraph\"><em>Siga o Acorda Cidade no\u00a0<\/em><a href=\"https:\/\/news.google.com\/search?q=acorda%20cidade&amp;hl=pt-BR&amp;gl=BR&amp;ceid=BR%3Apt-419\"><strong><em>Google Not\u00edcias<\/em><\/strong><\/a><em>\u00a0e receba os principais destaques do dia. Participe tamb\u00e9m dos nossos canais no\u00a0<\/em><a href=\"https:\/\/www.whatsapp.com\/channel\/0029Va6Rb4v3WHTNnsh8WI3N\"><strong><em>WhatsApp<\/em><\/strong><\/a><em>\u00a0e\u00a0<\/em><a href=\"https:\/\/www.youtube.com\/@acordacidadenoticias\/videos\"><strong>YouTube<\/strong><\/a><em>\u00a0e do grupo no\u00a0<\/em><a href=\"https:\/\/t.me\/+sSz0khrgARA0ZmRh\"><strong><em>Telegram<\/em><\/strong><\/a><em>.<\/em><\/p>\n<\/div>\n","protected":false},"excerpt":{"rendered":"<p>Foto: Reprodu\u00e7\u00e3o\/Redes Sociais Seis anos ap\u00f3s perder o filho Miguel Ot\u00e1vio, de 5 anos, Mirtes<\/p>\n","protected":false},"author":1,"featured_media":148328,"comment_status":"closed","ping_status":"closed","sticky":false,"template":"","format":"gallery","meta":{"footnotes":""},"categories":[8,9,6,57,56,10],"tags":[],"class_list":["post-148327","post","type-post","status-publish","format-gallery","has-post-thumbnail","hentry","category-bahia","category-brasil","category-feira-de-santana","category-mundo","category-policia","category-politica","post_format-post-format-gallery"],"featured_image_urls":{"full":["https:\/\/noticiasbahia360.com.br\/wp-content\/uploads\/2026\/09\/Mirtes-Santana-mae-do-pequeno-Miguel-.webp",1200,676,false],"thumbnail":["https:\/\/noticiasbahia360.com.br\/wp-content\/uploads\/2026\/09\/Mirtes-Santana-mae-do-pequeno-Miguel--150x150.webp",150,150,true],"medium":["https:\/\/noticiasbahia360.com.br\/wp-content\/uploads\/2026\/09\/Mirtes-Santana-mae-do-pequeno-Miguel--300x169.webp",300,169,true],"medium_large":["https:\/\/noticiasbahia360.com.br\/wp-content\/uploads\/2026\/09\/Mirtes-Santana-mae-do-pequeno-Miguel--768x433.webp",640,361,true],"large":["https:\/\/noticiasbahia360.com.br\/wp-content\/uploads\/2026\/09\/Mirtes-Santana-mae-do-pequeno-Miguel--1024x577.webp",640,361,true],"1536x1536":["https:\/\/noticiasbahia360.com.br\/wp-content\/uploads\/2026\/09\/Mirtes-Santana-mae-do-pequeno-Miguel-.webp",1200,676,false],"2048x2048":["https:\/\/noticiasbahia360.com.br\/wp-content\/uploads\/2026\/09\/Mirtes-Santana-mae-do-pequeno-Miguel-.webp",1200,676,false],"chromenews-featured":["https:\/\/noticiasbahia360.com.br\/wp-content\/uploads\/2026\/09\/Mirtes-Santana-mae-do-pequeno-Miguel--1024x577.webp",1024,577,true],"chromenews-large":["https:\/\/noticiasbahia360.com.br\/wp-content\/uploads\/2026\/09\/Mirtes-Santana-mae-do-pequeno-Miguel--825x575.webp",825,575,true],"chromenews-medium":["https:\/\/noticiasbahia360.com.br\/wp-content\/uploads\/2026\/09\/Mirtes-Santana-mae-do-pequeno-Miguel--590x410.webp",590,410,true]},"author_info":{"display_name":"noticiasbahia360.com.br","author_link":"https:\/\/noticiasbahia360.com.br\/?author=1"},"category_info":"<a href=\"https:\/\/noticiasbahia360.com.br\/?cat=8\" rel=\"category\">Bahia<\/a> <a href=\"https:\/\/noticiasbahia360.com.br\/?cat=9\" rel=\"category\">Brasil<\/a> <a href=\"https:\/\/noticiasbahia360.com.br\/?cat=6\" rel=\"category\">Feira de Santana<\/a> <a href=\"https:\/\/noticiasbahia360.com.br\/?cat=57\" rel=\"category\">Mundo<\/a> <a href=\"https:\/\/noticiasbahia360.com.br\/?cat=56\" rel=\"category\">Pol\u00edcia<\/a> <a href=\"https:\/\/noticiasbahia360.com.br\/?cat=10\" rel=\"category\">Pol\u00edtica<\/a>","tag_info":"Pol\u00edtica","comment_count":"0","_links":{"self":[{"href":"https:\/\/noticiasbahia360.com.br\/index.php?rest_route=\/wp\/v2\/posts\/148327","targetHints":{"allow":["GET"]}}],"collection":[{"href":"https:\/\/noticiasbahia360.com.br\/index.php?rest_route=\/wp\/v2\/posts"}],"about":[{"href":"https:\/\/noticiasbahia360.com.br\/index.php?rest_route=\/wp\/v2\/types\/post"}],"author":[{"embeddable":true,"href":"https:\/\/noticiasbahia360.com.br\/index.php?rest_route=\/wp\/v2\/users\/1"}],"replies":[{"embeddable":true,"href":"https:\/\/noticiasbahia360.com.br\/index.php?rest_route=%2Fwp%2Fv2%2Fcomments&post=148327"}],"version-history":[{"count":0,"href":"https:\/\/noticiasbahia360.com.br\/index.php?rest_route=\/wp\/v2\/posts\/148327\/revisions"}],"wp:featuredmedia":[{"embeddable":true,"href":"https:\/\/noticiasbahia360.com.br\/index.php?rest_route=\/wp\/v2\/media\/148328"}],"wp:attachment":[{"href":"https:\/\/noticiasbahia360.com.br\/index.php?rest_route=%2Fwp%2Fv2%2Fmedia&parent=148327"}],"wp:term":[{"taxonomy":"category","embeddable":true,"href":"https:\/\/noticiasbahia360.com.br\/index.php?rest_route=%2Fwp%2Fv2%2Fcategories&post=148327"},{"taxonomy":"post_tag","embeddable":true,"href":"https:\/\/noticiasbahia360.com.br\/index.php?rest_route=%2Fwp%2Fv2%2Ftags&post=148327"}],"curies":[{"name":"wp","href":"https:\/\/api.w.org\/{rel}","templated":true}]}}