{"id":148332,"date":"2026-09-01T16:02:55","date_gmt":"2026-09-01T19:02:55","guid":{"rendered":"https:\/\/noticiasbahia360.com.br\/?p=148332"},"modified":"2026-09-01T16:02:55","modified_gmt":"2026-09-01T19:02:55","slug":"cpr-l-registrou-quase-400-ocorrencias-de-poluicao-sonora-durante-operacao-paredao-entre-marco-e-agosto-deste-ano","status":"publish","type":"post","link":"https:\/\/noticiasbahia360.com.br\/?p=148332","title":{"rendered":"CPR-L registrou quase 400 ocorr\u00eancias de polui\u00e7\u00e3o sonora durante Opera\u00e7\u00e3o Pared\u00e3o entre mar\u00e7o e agosto deste ano"},"content":{"rendered":"<div>\n<div>\n<figure><img decoding=\"async\" src=\"http:\/\/noticiasbahia360.com.br\/wp-content\/uploads\/2026\/09\/operacao-paredao.jpg\" alt=\"opera\u00e7\u00e3o pared\u00e3o\"><figcaption>Foto: Divulga\u00e7\u00e3o\/ PMBA<\/figcaption><\/figure>\n<\/div>\n<p class=\"wp-block-paragraph\">O Comando de Policiamento Regional Leste (CPR-L) registrou 384 ocorr\u00eancias de polui\u00e7\u00e3o sonora, durante as a\u00e7\u00f5es da Opera\u00e7\u00e3o Pared\u00e3o, deflagradas entre mar\u00e7o a agosto deste ano, em Feira de Santana e mais 16 munic\u00edpios da regi\u00e3o.<\/p>\n<figure class=\"wp-block-image size-full\"><img fetchpriority=\"high\" fetchpriority=\"high\" decoding=\"async\" width=\"1200\" height=\"891\" src=\"http:\/\/noticiasbahia360.com.br\/wp-content\/uploads\/2026\/09\/Operacao-Paredao-em-Feira_-foto-PM.jpg\" alt=\"Opera\u00e7\u00e3o Pared\u00e3o em Feira de Santana_ foto PM\" class=\"wp-image-686432\" srcset=\"http:\/\/noticiasbahia360.com.br\/wp-content\/uploads\/2026\/09\/Operacao-Paredao-em-Feira_-foto-PM.jpg 1200w, https:\/\/uploads.acordacidade.com.br\/2026\/08\/Operacao-Paredao-em-Feira_-foto-PM-750x557.jpg 750w, https:\/\/uploads.acordacidade.com.br\/2026\/08\/Operacao-Paredao-em-Feira_-foto-PM-1000x743.jpg 1000w, https:\/\/uploads.acordacidade.com.br\/2026\/08\/Operacao-Paredao-em-Feira_-foto-PM-450x334.jpg 450w, https:\/\/uploads.acordacidade.com.br\/2026\/08\/Operacao-Paredao-em-Feira_-foto-PM-150x111.jpg 150w\" sizes=\"(max-width: 1200px) 100vw, 1200px\"><figcaption class=\"wp-element-caption\">Foto: Divulga\u00e7\u00e3o\/Pol\u00edcia Militar<\/figcaption><\/figure>\n<p class=\"wp-block-paragraph\">Durante esse per\u00edodo, as equipes da Pol\u00edcia Militar autuaram 163 ve\u00edculos e apreenderam 57 equipamentos sonoros, conhecidos como pared\u00e3o. Conforme o CPR-L, foram lavrados 44 Termos Circunstanciados de Ocorr\u00eancia (TCO) na delegacia. Al\u00e9m disso, nove festas foram encerradas e uma arma de fogo apreendida.<\/p>\n<p class=\"wp-block-paragraph\">Em entrevista ao Acorda Cidade, o comandante do CPR-L, coronel Michel M\u00fcller destacou que a Opera\u00e7\u00e3o Pared\u00e3o \u00e9 realizada pela Pol\u00edcia Militar em todo o territ\u00f3rio baiano, por determina\u00e7\u00e3o do comandante-geral, Coronel Magalh\u00e3es.<\/p>\n<figure class=\"wp-block-image size-full\"><img decoding=\"async\" width=\"1200\" height=\"675\" src=\"http:\/\/noticiasbahia360.com.br\/wp-content\/uploads\/2026\/09\/Coronel-Michel-Muller.jpg\" alt=\"Coronel Michel M\u00fcller\" class=\"wp-image-658563\" srcset=\"http:\/\/noticiasbahia360.com.br\/wp-content\/uploads\/2026\/09\/Coronel-Michel-Muller.jpg 1200w, https:\/\/uploads.acordacidade.com.br\/2026\/05\/Coronel-Michel-Muller-750x422.jpg 750w, https:\/\/uploads.acordacidade.com.br\/2026\/05\/Coronel-Michel-Muller-1000x563.jpg 1000w, https:\/\/uploads.acordacidade.com.br\/2026\/05\/Coronel-Michel-Muller-450x253.jpg 450w, https:\/\/uploads.acordacidade.com.br\/2026\/05\/Coronel-Michel-Muller-150x84.jpg 150w\" sizes=\"(max-width: 1200px) 100vw, 1200px\"><figcaption class=\"wp-element-caption\">Coronel Michel M\u00fcller | Foto: Ed Santos\/ Acorda Cidade<\/figcaption><\/figure>\n<p class=\"wp-block-paragraph\">Ele destacou ainda que o Cicom Portal do Sert\u00e3o j\u00e1 registrou este ano 16 mil liga\u00e7\u00f5es por parte da comunidade, por quest\u00f5es ligadas \u00e0 perturba\u00e7\u00e3o de sossego.<\/p>\n<p class=\"wp-block-paragraph\">\u201cForam 16 mil liga\u00e7\u00f5es para o 190 de pessoas que estavam se queixando de perturba\u00e7\u00e3o do sossego alheio, notadamente perturba\u00e7\u00e3o provocada por ve\u00edculos automotores conhecidos como \u2018pared\u00e3o\u2019. E a\u00ed, n\u00f3s temos o nome da opera\u00e7\u00e3o, que \u00e9 um enfrentamento da Pol\u00edcia Militar, n\u00e3o \u00e0s pessoas que cumprem a legisla\u00e7\u00e3o e t\u00eam o seu ve\u00edculo de som para a produ\u00e7\u00e3o de eventos, para a participa\u00e7\u00e3o em eventos diversos dentro da legalidade. N\u00f3s nos referimos \u00e0queles que extrapolam os limites da lei, perturbam a comunidade e isso determina uma a\u00e7\u00e3o forte da nossa Pol\u00edcia Militar.\u201d<\/p>\n<h2 id=\"h-feira-de-santana\" class=\"wp-block-heading\"><strong>Feira de Santana<\/strong><\/h2>\n<p class=\"wp-block-paragraph\"><a href=\"https:\/\/www.acordacidade.com.br\/policia\/cpr-l-registra-37-ocorrencias-durante-a-operacao-paredao-em-feira-de-santana\/\" data-type=\"link\" data-id=\"https:\/\/www.acordacidade.com.br\/policia\/cpr-l-registra-37-ocorrencias-durante-a-operacao-paredao-em-feira-de-santana\/\">Somente no \u00faltimo final de semana, em Feira de Santana, a Pol\u00edcia Militar registrou 37 ocorr\u00eancias durante a Opera\u00e7\u00e3o Pared\u00e3o. <\/a>A a\u00e7\u00e3o foi deflagrada nos dias 29 e 30, por meio do Comando de Policiamento da Regi\u00e3o Leste (CPR-L) no munic\u00edpio.<\/p>\n<p class=\"wp-block-paragraph\">As equipes fiscalizaram os bairros Pedra Ferrada, Bara\u00fanas, Asa Branca, Queimadinha, 35\u00b0BI e Lagoa Grande. Durante as abordagens a ve\u00edculos, foram emitidas onze notifica\u00e7\u00f5es de equipamentos sonoros.<\/p>\n<p class=\"wp-block-paragraph\"><em>Com informa\u00e7\u00f5es do rep\u00f3rter Ed Santos, do Acorda Cidade.<\/em><\/p>\n<h2 id=\"h-leia-mais\" class=\"wp-block-heading\">Leia mais:<\/h2>\n<p class=\"wp-block-paragraph\"><a href=\"https:\/\/www.acordacidade.com.br\/policia\/cpr-l-registra-37-ocorrencias-durante-a-operacao-paredao-em-feira-de-santana\/\" data-type=\"link\" data-id=\"https:\/\/www.acordacidade.com.br\/policia\/cpr-l-registra-37-ocorrencias-durante-a-operacao-paredao-em-feira-de-santana\/\">CPR-L registra 37 ocorr\u00eancias durante a opera\u00e7\u00e3o Pared\u00e3o em Feira de Santana<\/a><\/p>\n<p class=\"wp-block-paragraph\"><a href=\"https:\/\/www.acordacidade.com.br\/policia\/pm-intensifica-operacao-paredao-e-apreende-veiculos-na-capital\/\" data-type=\"link\" data-id=\"https:\/\/www.acordacidade.com.br\/policia\/pm-intensifica-operacao-paredao-e-apreende-veiculos-na-capital\/\">PM intensifica Opera\u00e7\u00e3o Pared\u00e3o e apreende ve\u00edculos na capital<\/a><a href=\"https:\/\/www.acordacidade.com.br\/policia\/cpr-l-registra-37-ocorrencias-durante-a-operacao-paredao-em-feira-de-santana\/\" data-type=\"link\" data-id=\"https:\/\/www.acordacidade.com.br\/policia\/cpr-l-registra-37-ocorrencias-durante-a-operacao-paredao-em-feira-de-santana\/\"><br \/><\/a><\/p>\n<p class=\"wp-block-paragraph\"><em>Siga o Acorda Cidade no\u00a0<\/em><a href=\"https:\/\/news.google.com\/search?q=acorda%20cidade&amp;hl=pt-BR&amp;gl=BR&amp;ceid=BR%3Apt-419\"><strong><em>Google Not\u00edcias<\/em><\/strong><\/a><em>\u00a0e receba os principais destaques do dia. Participe tamb\u00e9m dos nossos canais no\u00a0<\/em><a href=\"https:\/\/www.whatsapp.com\/channel\/0029Va6Rb4v3WHTNnsh8WI3N\"><strong><em>WhatsApp<\/em><\/strong><\/a><em>\u00a0e\u00a0<\/em><a href=\"https:\/\/www.youtube.com\/@acordacidadenoticias\/videos\"><strong>YouTube<\/strong><\/a><em>\u00a0e do grupo no\u00a0<\/em><a href=\"https:\/\/t.me\/+sSz0khrgARA0ZmRh\"><strong><em>Telegram<\/em><\/strong><\/a><em>.<\/em><\/p>\n<\/div>\n","protected":false},"excerpt":{"rendered":"<p>Foto: Divulga\u00e7\u00e3o\/ PMBA O Comando de Policiamento Regional Leste (CPR-L) registrou 384 ocorr\u00eancias de polui\u00e7\u00e3o<\/p>\n","protected":false},"author":1,"featured_media":148333,"comment_status":"closed","ping_status":"closed","sticky":false,"template":"","format":"gallery","meta":{"footnotes":""},"categories":[8,9,6,57,56,10],"tags":[],"class_list":["post-148332","post","type-post","status-publish","format-gallery","has-post-thumbnail","hentry","category-bahia","category-brasil","category-feira-de-santana","category-mundo","category-policia","category-politica","post_format-post-format-gallery"],"featured_image_urls":{"full":["https:\/\/noticiasbahia360.com.br\/wp-content\/uploads\/2026\/09\/operacao-paredao.jpg",1200,823,false],"thumbnail":["https:\/\/noticiasbahia360.com.br\/wp-content\/uploads\/2026\/09\/operacao-paredao-150x150.jpg",150,150,true],"medium":["https:\/\/noticiasbahia360.com.br\/wp-content\/uploads\/2026\/09\/operacao-paredao-300x206.jpg",300,206,true],"medium_large":["https:\/\/noticiasbahia360.com.br\/wp-content\/uploads\/2026\/09\/operacao-paredao-768x527.jpg",640,439,true],"large":["https:\/\/noticiasbahia360.com.br\/wp-content\/uploads\/2026\/09\/operacao-paredao-1024x702.jpg",640,439,true],"1536x1536":["https:\/\/noticiasbahia360.com.br\/wp-content\/uploads\/2026\/09\/operacao-paredao.jpg",1200,823,false],"2048x2048":["https:\/\/noticiasbahia360.com.br\/wp-content\/uploads\/2026\/09\/operacao-paredao.jpg",1200,823,false],"chromenews-featured":["https:\/\/noticiasbahia360.com.br\/wp-content\/uploads\/2026\/09\/operacao-paredao-1024x702.jpg",1024,702,true],"chromenews-large":["https:\/\/noticiasbahia360.com.br\/wp-content\/uploads\/2026\/09\/operacao-paredao-825x575.jpg",825,575,true],"chromenews-medium":["https:\/\/noticiasbahia360.com.br\/wp-content\/uploads\/2026\/09\/operacao-paredao-590x410.jpg",590,410,true]},"author_info":{"display_name":"noticiasbahia360.com.br","author_link":"https:\/\/noticiasbahia360.com.br\/?author=1"},"category_info":"<a href=\"https:\/\/noticiasbahia360.com.br\/?cat=8\" rel=\"category\">Bahia<\/a> <a href=\"https:\/\/noticiasbahia360.com.br\/?cat=9\" rel=\"category\">Brasil<\/a> <a href=\"https:\/\/noticiasbahia360.com.br\/?cat=6\" rel=\"category\">Feira de Santana<\/a> <a href=\"https:\/\/noticiasbahia360.com.br\/?cat=57\" rel=\"category\">Mundo<\/a> <a href=\"https:\/\/noticiasbahia360.com.br\/?cat=56\" rel=\"category\">Pol\u00edcia<\/a> <a href=\"https:\/\/noticiasbahia360.com.br\/?cat=10\" rel=\"category\">Pol\u00edtica<\/a>","tag_info":"Pol\u00edtica","comment_count":"0","_links":{"self":[{"href":"https:\/\/noticiasbahia360.com.br\/index.php?rest_route=\/wp\/v2\/posts\/148332","targetHints":{"allow":["GET"]}}],"collection":[{"href":"https:\/\/noticiasbahia360.com.br\/index.php?rest_route=\/wp\/v2\/posts"}],"about":[{"href":"https:\/\/noticiasbahia360.com.br\/index.php?rest_route=\/wp\/v2\/types\/post"}],"author":[{"embeddable":true,"href":"https:\/\/noticiasbahia360.com.br\/index.php?rest_route=\/wp\/v2\/users\/1"}],"replies":[{"embeddable":true,"href":"https:\/\/noticiasbahia360.com.br\/index.php?rest_route=%2Fwp%2Fv2%2Fcomments&post=148332"}],"version-history":[{"count":0,"href":"https:\/\/noticiasbahia360.com.br\/index.php?rest_route=\/wp\/v2\/posts\/148332\/revisions"}],"wp:featuredmedia":[{"embeddable":true,"href":"https:\/\/noticiasbahia360.com.br\/index.php?rest_route=\/wp\/v2\/media\/148333"}],"wp:attachment":[{"href":"https:\/\/noticiasbahia360.com.br\/index.php?rest_route=%2Fwp%2Fv2%2Fmedia&parent=148332"}],"wp:term":[{"taxonomy":"category","embeddable":true,"href":"https:\/\/noticiasbahia360.com.br\/index.php?rest_route=%2Fwp%2Fv2%2Fcategories&post=148332"},{"taxonomy":"post_tag","embeddable":true,"href":"https:\/\/noticiasbahia360.com.br\/index.php?rest_route=%2Fwp%2Fv2%2Ftags&post=148332"}],"curies":[{"name":"wp","href":"https:\/\/api.w.org\/{rel}","templated":true}]}}