{"id":148336,"date":"2026-09-01T17:02:32","date_gmt":"2026-09-01T20:02:32","guid":{"rendered":"https:\/\/noticiasbahia360.com.br\/?p=148336"},"modified":"2026-09-01T17:02:32","modified_gmt":"2026-09-01T20:02:32","slug":"pgr-tera-cinco-dias-para-se-manifestar-sobre-supostas-conversas-entre-vorcaro-e-moraes","status":"publish","type":"post","link":"https:\/\/noticiasbahia360.com.br\/?p=148336","title":{"rendered":"PGR ter\u00e1 cinco dias para se manifestar sobre supostas conversas entre Vorcaro e Moraes"},"content":{"rendered":"<div>\n<div>\n<figure><img decoding=\"async\" src=\"http:\/\/noticiasbahia360.com.br\/wp-content\/uploads\/2026\/09\/pgr-foto-jose-cruz-agencia-brasil.jpg\" alt=\"PGR\"><figcaption>Foto: Jos\u00e9 Cruz\/Ag\u00eancia Brasil<\/figcaption><\/figure>\n<\/div>\n<p class=\"wp-block-paragraph\">Ag\u00eancia Brasil- <strong>O ministro Andr\u00e9 Mendon\u00e7a, do Supremo Tribunal Federal (STF), deu prazo de cinco dias para a Procuradoria-Geral da Rep\u00fablica (PGR) se manifestar sobre o relat\u00f3rio da Pol\u00edcia Federal (PF) que faz men\u00e7\u00f5es ao ministro Alexandre de Moraes e o pr\u00f3prio procurador-geral, Paulo Gonet.<\/strong><img decoding=\"async\" src=\"https:\/\/agenciabrasil.ebc.com.br\/ebc.png?id=1701267&amp;o=node\"><img decoding=\"async\" src=\"https:\/\/agenciabrasil.ebc.com.br\/ebc.gif?id=1701267&amp;o=node\"><\/p>\n<p class=\"wp-block-paragraph\">As cita\u00e7\u00f5es aos nomes de Moraes e Gonet foram captadas pela PF a partir da quebra de sigilo do celular do ex-banqueiro Daniel Vorcaro, alvo das investiga\u00e7\u00f5es da Opera\u00e7\u00e3o Compliance Zero, que investiga fraudes financeiras no Banco Master. O sigilo do relat\u00f3rio de investiga\u00e7\u00e3o foi retirado nesta ter\u00e7a-feira (1\u00b0).\u00a0<\/p>\n<p class=\"wp-block-paragraph\"><strong>De acordo com a PF, Vorcaro teria conversado diretamente com um contato salvo em nome do ministro.\u00a0<\/strong>Parte das supostas conversas foram apagadas porque o contato salvo em nome do ministro usava mensagens de atualiza\u00e7\u00e3o \u00fanica e as escrevia no bloco de notas, mecanismo que impede a recupera\u00e7\u00e3o completa dos dados.<\/p>\n<p class=\"wp-block-paragraph\">Em uma das mensagens que foram recuperadas, Vorcaro diz ao contato atribu\u00eddo a Moraes que \u201cestava tentando antecipar os investigadores\u201d. A conversa teria ocorrido no dia 17 de novembro de 2025.<\/p>\n<p class=\"wp-block-paragraph\">No caso de Paulo Gonet, o procurador-geral \u00e9 citado por terceiros que trocaram mensagens com Vorcaro. Em uma das conversas, ocorrida em 2024, um interlocutor chamado Ciro Soares diz que \u201cGonet \u00e9 firme\u201d.<\/p>\n<h2 id=\"h-pf\" class=\"wp-block-heading\">PF<\/h2>\n<p class=\"wp-block-paragraph\"><strong>O relat\u00f3rio da PF tamb\u00e9m mostra cita\u00e7\u00f5es ao nome do diretor-geral da corpora\u00e7\u00e3o, Andrei Passos.\u00a0<\/strong>Segundo os investigadores, o contato de Andrei n\u00e3o foi encontrado na lista de contatos de Vorcaro, mas ele foi citado em uma conversa entre o ex-banqueiro e o ex-deputado F\u00e1bio Faria, ocorrida em abril de 2024.<\/p>\n<p class=\"wp-block-paragraph\">Faria pergunta a Vorcaro se ele aceitaria convidar Andrei para um evento em Londres. Em seguida, uma secret\u00e1ria ligada ao diretor-geral entrou em contato com a organiza\u00e7\u00e3o do evento para acertar as tratativas da viagem.<\/p>\n<p class=\"wp-block-paragraph\"><em>Siga o Acorda Cidade no\u00a0<\/em><a href=\"https:\/\/news.google.com\/search?q=acorda%20cidade&amp;hl=pt-BR&amp;gl=BR&amp;ceid=BR%3Apt-419\"><strong><em>Google Not\u00edcias<\/em><\/strong><\/a><em>\u00a0e receba os principais destaques do dia. Participe tamb\u00e9m dos nossos canais no\u00a0<\/em><a href=\"https:\/\/www.whatsapp.com\/channel\/0029Va6Rb4v3WHTNnsh8WI3N\"><strong><em>WhatsApp<\/em><\/strong><\/a><em>\u00a0e\u00a0<\/em><a href=\"https:\/\/www.youtube.com\/@acordacidadenoticias\/videos\"><strong>YouTube<\/strong><\/a><em>\u00a0e do grupo no\u00a0<\/em><a href=\"https:\/\/t.me\/+sSz0khrgARA0ZmRh\"><strong><em>Telegram<\/em><\/strong><\/a><em>.<\/em><\/p>\n<\/div>\n","protected":false},"excerpt":{"rendered":"<p>Foto: Jos\u00e9 Cruz\/Ag\u00eancia Brasil Ag\u00eancia Brasil- O ministro Andr\u00e9 Mendon\u00e7a, do Supremo Tribunal Federal (STF),<\/p>\n","protected":false},"author":1,"featured_media":148337,"comment_status":"closed","ping_status":"closed","sticky":false,"template":"","format":"gallery","meta":{"footnotes":""},"categories":[8,9,6,57,56,10],"tags":[],"class_list":["post-148336","post","type-post","status-publish","format-gallery","has-post-thumbnail","hentry","category-bahia","category-brasil","category-feira-de-santana","category-mundo","category-policia","category-politica","post_format-post-format-gallery"],"featured_image_urls":{"full":["https:\/\/noticiasbahia360.com.br\/wp-content\/uploads\/2026\/09\/pgr-foto-jose-cruz-agencia-brasil.jpg",1200,718,false],"thumbnail":["https:\/\/noticiasbahia360.com.br\/wp-content\/uploads\/2026\/09\/pgr-foto-jose-cruz-agencia-brasil-150x150.jpg",150,150,true],"medium":["https:\/\/noticiasbahia360.com.br\/wp-content\/uploads\/2026\/09\/pgr-foto-jose-cruz-agencia-brasil-300x180.jpg",300,180,true],"medium_large":["https:\/\/noticiasbahia360.com.br\/wp-content\/uploads\/2026\/09\/pgr-foto-jose-cruz-agencia-brasil-768x460.jpg",640,383,true],"large":["https:\/\/noticiasbahia360.com.br\/wp-content\/uploads\/2026\/09\/pgr-foto-jose-cruz-agencia-brasil-1024x613.jpg",640,383,true],"1536x1536":["https:\/\/noticiasbahia360.com.br\/wp-content\/uploads\/2026\/09\/pgr-foto-jose-cruz-agencia-brasil.jpg",1200,718,false],"2048x2048":["https:\/\/noticiasbahia360.com.br\/wp-content\/uploads\/2026\/09\/pgr-foto-jose-cruz-agencia-brasil.jpg",1200,718,false],"chromenews-featured":["https:\/\/noticiasbahia360.com.br\/wp-content\/uploads\/2026\/09\/pgr-foto-jose-cruz-agencia-brasil-1024x613.jpg",1024,613,true],"chromenews-large":["https:\/\/noticiasbahia360.com.br\/wp-content\/uploads\/2026\/09\/pgr-foto-jose-cruz-agencia-brasil-825x575.jpg",825,575,true],"chromenews-medium":["https:\/\/noticiasbahia360.com.br\/wp-content\/uploads\/2026\/09\/pgr-foto-jose-cruz-agencia-brasil-590x410.jpg",590,410,true]},"author_info":{"display_name":"noticiasbahia360.com.br","author_link":"https:\/\/noticiasbahia360.com.br\/?author=1"},"category_info":"<a href=\"https:\/\/noticiasbahia360.com.br\/?cat=8\" rel=\"category\">Bahia<\/a> <a href=\"https:\/\/noticiasbahia360.com.br\/?cat=9\" rel=\"category\">Brasil<\/a> <a href=\"https:\/\/noticiasbahia360.com.br\/?cat=6\" rel=\"category\">Feira de Santana<\/a> <a href=\"https:\/\/noticiasbahia360.com.br\/?cat=57\" rel=\"category\">Mundo<\/a> <a href=\"https:\/\/noticiasbahia360.com.br\/?cat=56\" rel=\"category\">Pol\u00edcia<\/a> <a href=\"https:\/\/noticiasbahia360.com.br\/?cat=10\" rel=\"category\">Pol\u00edtica<\/a>","tag_info":"Pol\u00edtica","comment_count":"0","_links":{"self":[{"href":"https:\/\/noticiasbahia360.com.br\/index.php?rest_route=\/wp\/v2\/posts\/148336","targetHints":{"allow":["GET"]}}],"collection":[{"href":"https:\/\/noticiasbahia360.com.br\/index.php?rest_route=\/wp\/v2\/posts"}],"about":[{"href":"https:\/\/noticiasbahia360.com.br\/index.php?rest_route=\/wp\/v2\/types\/post"}],"author":[{"embeddable":true,"href":"https:\/\/noticiasbahia360.com.br\/index.php?rest_route=\/wp\/v2\/users\/1"}],"replies":[{"embeddable":true,"href":"https:\/\/noticiasbahia360.com.br\/index.php?rest_route=%2Fwp%2Fv2%2Fcomments&post=148336"}],"version-history":[{"count":0,"href":"https:\/\/noticiasbahia360.com.br\/index.php?rest_route=\/wp\/v2\/posts\/148336\/revisions"}],"wp:featuredmedia":[{"embeddable":true,"href":"https:\/\/noticiasbahia360.com.br\/index.php?rest_route=\/wp\/v2\/media\/148337"}],"wp:attachment":[{"href":"https:\/\/noticiasbahia360.com.br\/index.php?rest_route=%2Fwp%2Fv2%2Fmedia&parent=148336"}],"wp:term":[{"taxonomy":"category","embeddable":true,"href":"https:\/\/noticiasbahia360.com.br\/index.php?rest_route=%2Fwp%2Fv2%2Fcategories&post=148336"},{"taxonomy":"post_tag","embeddable":true,"href":"https:\/\/noticiasbahia360.com.br\/index.php?rest_route=%2Fwp%2Fv2%2Ftags&post=148336"}],"curies":[{"name":"wp","href":"https:\/\/api.w.org\/{rel}","templated":true}]}}