{"id":148340,"date":"2026-09-01T17:02:35","date_gmt":"2026-09-01T20:02:35","guid":{"rendered":"https:\/\/noticiasbahia360.com.br\/?p=148340"},"modified":"2026-09-01T17:02:35","modified_gmt":"2026-09-01T20:02:35","slug":"pnd-2026-candidatos-poderao-consultar-local-e-horario-da-prova-a-partir-do-dia-9","status":"publish","type":"post","link":"https:\/\/noticiasbahia360.com.br\/?p=148340","title":{"rendered":"PND 2026: candidatos poder\u00e3o consultar local e hor\u00e1rio da prova a partir do dia 9"},"content":{"rendered":"<div>\n<div>\n<figure><img decoding=\"async\" src=\"http:\/\/noticiasbahia360.com.br\/wp-content\/uploads\/2026\/09\/PND2026.jpg\" alt=\"\"><figcaption>Foto: Tomaz Silva\/Ag\u00eancia Brasil<\/figcaption><\/figure>\n<\/div>\n<p class=\"wp-block-paragraph\">Ag\u00eancia Brasil \u2014 <strong>O cart\u00e3o de confirma\u00e7\u00e3o de inscri\u00e7\u00e3o na\u00a0Prova Nacional Docente (PND) 2026 ser\u00e1 divulgado no pr\u00f3ximo dia 9 pelo Instituto Nacional de Estudos e Pesquisas Educacionais An\u00edsio Teixeira (Inep).\u00a0<\/strong>A data inicial prevista para publica\u00e7\u00e3o do documento estava marcada para esta segunda-feira (31).<img decoding=\"async\" src=\"https:\/\/agenciabrasil.ebc.com.br\/ebc.png?id=1701261&amp;o=node\"><img decoding=\"async\" src=\"https:\/\/agenciabrasil.ebc.com.br\/ebc.gif?id=1701261&amp;o=node\"><\/p>\n<p class=\"wp-block-paragraph\"><strong>O documento informa data, hor\u00e1rio e local de aplica\u00e7\u00e3o da prova, n\u00famero de inscri\u00e7\u00e3o, al\u00e9m de indicar, quando for o caso, o atendimento especializado aprovado e uso do nome social. O candidato pode acessar o cart\u00e3o na P\u00e1gina do Participante da Prova Nacional Docente (PND) diretamente pelo\u00a0<a href=\"https:\/\/pnd.inep.gov.br\/\" target=\"_blank\" rel=\"noreferrer noopener\">Sistema PND<\/a>.<\/strong><\/p>\n<p class=\"wp-block-paragraph\">A Prova Nacional Docente (PND) \u00e9 um exame anual do Minist\u00e9rio da Educa\u00e7\u00e3o (MEC) para facilitar a contrata\u00e7\u00e3o de professores. As redes p\u00fablicas de ensino podem usar os resultados do certame \u2013\u00a0chamada de\u00a0Enem dos Professores \u2013\u00a0em processos seletivos,\u00a0de forma classificat\u00f3ria, eliminat\u00f3ria ou complementar \u00e0 prova pr\u00e1tica. A PND n\u00e3o \u00e9 obrigat\u00f3ria para os professores.<\/p>\n<p class=\"wp-block-paragraph\">Para orientar os candidatos\u00a0a n\u00e3o perderem\u00a0prazos importantes, o Inep elaborou o\u00a0<a href=\"http:\/\/%20https\/\/www.gov.br\/mec\/pt-br\/mais-professores\/arquivos\/GuiaParticPND2026.pdf\" target=\"_blank\" rel=\"noreferrer noopener\">Guia do Participante da Prova Nacional Docente \u2013 2026<\/a>.<\/p>\n<h2 id=\"h-cronograma\" class=\"wp-block-heading\">Cronograma<\/h2>\n<p class=\"wp-block-paragraph\">A retifica\u00e7\u00e3o da nova data de divulga\u00e7\u00e3o do cart\u00e3o de confirma\u00e7\u00e3o da inscri\u00e7\u00e3o\u00a0foi publicada pelo Inep no\u00a0<a href=\"https:\/\/www.in.gov.br\/web\/dou\/-\/retificacao-728480497\" target=\"_blank\" rel=\"noreferrer noopener\">Di\u00e1rio Oficial da Uni\u00e3o<\/a>. As demais datas do cronograma da PND 2026 est\u00e3o mantidas.<\/p>\n<p class=\"wp-block-paragraph\"><strong>Conforme previsto no\u00a0<a href=\"https:\/\/www.in.gov.br\/en\/web\/dou\/-\/edital-n-67-de-22-de-maio-de-2026-708710229\" target=\"_blank\" rel=\"noreferrer noopener\">edital<\/a>\u00a0da PND 2026, a aplica\u00e7\u00e3o das provas est\u00e1 marcada para 20 de setembro em todos os estados, no Distrito Federal e nos munic\u00edpios listados no Portal do Inep<\/strong>.<\/p>\n<p class=\"wp-block-paragraph\">Confira as demais datas do cronograma da PND 2026:<\/p>\n<ul class=\"wp-block-list\">\n<li>aplica\u00e7\u00e3o da prova: 20 de setembro;<\/li>\n<li>divulga\u00e7\u00e3o dos cadernos de prova, da grade de corre\u00e7\u00e3o da quest\u00e3o discursiva e das vers\u00f5es preliminares dos gabaritos das quest\u00f5es objetivas: 24 de setembro;<\/li>\n<li>recurso da vers\u00e3o preliminar dos gabaritos das quest\u00f5es objetivas: 24 e 25 de setembro;<\/li>\n<li>reaplica\u00e7\u00e3o da prova para casos espec\u00edficos: 18 de outubro;<\/li>\n<li>divulga\u00e7\u00e3o dos cadernos de prova, da grade de corre\u00e7\u00e3o da quest\u00e3o discursiva e das vers\u00f5es preliminares dos gabaritos das quest\u00f5es objetiva: 24 de outubro;<\/li>\n<li>divulga\u00e7\u00e3o da corre\u00e7\u00e3o preliminar da resposta da quest\u00e3o discursiva: 10 de novembro;<\/li>\n<li>recurso da corre\u00e7\u00e3o da resposta da quest\u00e3o discursiva: 10 a 12 de novembro;<\/li>\n<li>divulga\u00e7\u00e3o do resultado final: 15 de dezembro.<\/li>\n<\/ul>\n<h2 id=\"h-provas\" class=\"wp-block-heading\">Provas<\/h2>\n<p class=\"wp-block-paragraph\">A avalia\u00e7\u00e3o te\u00f3rica ter\u00e1 como base o Exame Nacional de Desempenho de Estudantes (Enade) das Licenciaturas, que, desde a edi\u00e7\u00e3o de 2024, foca nos cursos de forma\u00e7\u00e3o docente.<\/p>\n<p class=\"wp-block-paragraph\"><strong>A prova, com dura\u00e7\u00e3o total de cinco horas e 30 minutos, ser\u00e1 composta por uma parte de forma\u00e7\u00e3o geral docente, comum aos <a href=\"https:\/\/www.acordacidade.com.br\/tag\/cursos\/\" data-type=\"post_tag\" data-id=\"36478\">cursos<\/a> de todas as \u00e1reas, e outra de componente espec\u00edfico, pr\u00f3prio de cada \u00e1rea de avalia\u00e7\u00e3o das licenciaturas.<\/strong><\/p>\n<p class=\"wp-block-paragraph\">A parte de forma\u00e7\u00e3o geral docente ter\u00e1 30 quest\u00f5es de m\u00faltipla escolha, envolvendo situa\u00e7\u00f5es-problema e uma quest\u00e3o discursiva que avaliar\u00e1 aspectos como clareza, coer\u00eancia, coes\u00e3o, estrat\u00e9gias argumentativas, vocabul\u00e1rio e gram\u00e1tica adequados \u00e0 norma padr\u00e3o da l\u00edngua portuguesa.<\/p>\n<p class=\"wp-block-paragraph\">A parte de componente espec\u00edfico de cada \u00e1rea de avalia\u00e7\u00e3o da PND ter\u00e1 50 quest\u00f5es de m\u00faltipla escolha envolvendo situa\u00e7\u00f5es-problema e estudos de caso.<\/p>\n<h2 id=\"h-areas-da-licenciatura\" class=\"wp-block-heading\">\u00c1reas da licenciatura<\/h2>\n<p class=\"wp-block-paragraph\"><strong>Nesta edi\u00e7\u00e3o, 21 \u00e1reas da licenciatura ser\u00e3o avaliadas. Em rela\u00e7\u00e3o a 2025, a amplia\u00e7\u00e3o de \u00e1reas da PND em 2026 incluiu as licenciaturas em: teatro, dan\u00e7a, ci\u00eancias naturais e letras e espanhol.<\/strong><\/p>\n<ul class=\"wp-block-list\">\n<li>artes visuais<\/li>\n<li>ci\u00eancias biol\u00f3gicas (biologia)<\/li>\n<li>ci\u00eancias naturais (ci\u00eancias da natureza)<\/li>\n<li>ci\u00eancias sociais<\/li>\n<li>computa\u00e7\u00e3o<\/li>\n<li>dan\u00e7a<\/li>\n<li>educa\u00e7\u00e3o f\u00edsica<\/li>\n<li>filosofia<\/li>\n<li>f\u00edsica<\/li>\n<li>geografia<\/li>\n<li>hist\u00f3ria<\/li>\n<li>letras espanhol<\/li>\n<li>letras ingl\u00eas<\/li>\n<li>letras portugu\u00eas<\/li>\n<li>letras portugu\u00eas e espanhol<\/li>\n<li>letras portugu\u00eas e ingl\u00eas<\/li>\n<li>matem\u00e1tica<\/li>\n<li>m\u00fasica<\/li>\n<li>pedagogia<\/li>\n<li>qu\u00edmica<\/li>\n<li>teatro<\/li>\n<\/ul>\n<h2 id=\"h-pnd\" class=\"wp-block-heading\">PND<\/h2>\n<p class=\"wp-block-paragraph\">A Prova Nacional Docente, al\u00e9m de estimular a realiza\u00e7\u00e3o de concursos p\u00fablicos nas redes p\u00fablicas de ensino, tem os objetivos de melhorar a qualidade dos processos seletivos para professores, e, tamb\u00e9m, induzir o aumento de professores qualificados no magist\u00e9rio p\u00fablico.<\/p>\n<p class=\"wp-block-paragraph\">A iniciativa federal voltada aos licenciados integra o programa\u00a0<a href=\"https:\/\/www.gov.br\/mec\/pt-br\/mais-professores\" target=\"_blank\" rel=\"noreferrer noopener\">Mais Professores<\/a>\u00a0para o Brasil que re\u00fane a\u00e7\u00f5es integradas para promover a valoriza\u00e7\u00e3o e a qualifica\u00e7\u00e3o do magist\u00e9rio da educa\u00e7\u00e3o b\u00e1sica e o incentivo \u00e0 doc\u00eancia no Brasil.<\/p>\n<p class=\"wp-block-paragraph\"><em>Siga o Acorda Cidade no\u00a0<\/em><a href=\"https:\/\/news.google.com\/search?q=acorda%20cidade&amp;hl=pt-BR&amp;gl=BR&amp;ceid=BR%3Apt-419\"><strong><em>Google Not\u00edcias<\/em><\/strong><\/a><em>\u00a0e receba os principais destaques do dia. Participe tamb\u00e9m dos nossos canais no\u00a0<\/em><a href=\"https:\/\/www.whatsapp.com\/channel\/0029Va6Rb4v3WHTNnsh8WI3N\"><strong><em>WhatsApp<\/em><\/strong><\/a><em>\u00a0e\u00a0<\/em><a href=\"https:\/\/www.youtube.com\/@acordacidadenoticias\/videos\"><strong>YouTube<\/strong><\/a><em>\u00a0e do grupo no\u00a0<\/em><a href=\"https:\/\/t.me\/+sSz0khrgARA0ZmRh\"><strong><em>Telegram<\/em><\/strong><\/a><em>.<\/em><\/p>\n<\/div>\n","protected":false},"excerpt":{"rendered":"<p>Foto: Tomaz Silva\/Ag\u00eancia Brasil Ag\u00eancia Brasil \u2014 O cart\u00e3o de confirma\u00e7\u00e3o de inscri\u00e7\u00e3o na\u00a0Prova Nacional<\/p>\n","protected":false},"author":1,"featured_media":148341,"comment_status":"closed","ping_status":"closed","sticky":false,"template":"","format":"gallery","meta":{"footnotes":""},"categories":[8,9,6,57,56,10],"tags":[],"class_list":["post-148340","post","type-post","status-publish","format-gallery","has-post-thumbnail","hentry","category-bahia","category-brasil","category-feira-de-santana","category-mundo","category-policia","category-politica","post_format-post-format-gallery"],"featured_image_urls":{"full":["https:\/\/noticiasbahia360.com.br\/wp-content\/uploads\/2026\/09\/PND2026.jpg",1200,718,false],"thumbnail":["https:\/\/noticiasbahia360.com.br\/wp-content\/uploads\/2026\/09\/PND2026-150x150.jpg",150,150,true],"medium":["https:\/\/noticiasbahia360.com.br\/wp-content\/uploads\/2026\/09\/PND2026-300x180.jpg",300,180,true],"medium_large":["https:\/\/noticiasbahia360.com.br\/wp-content\/uploads\/2026\/09\/PND2026-768x460.jpg",640,383,true],"large":["https:\/\/noticiasbahia360.com.br\/wp-content\/uploads\/2026\/09\/PND2026-1024x613.jpg",640,383,true],"1536x1536":["https:\/\/noticiasbahia360.com.br\/wp-content\/uploads\/2026\/09\/PND2026.jpg",1200,718,false],"2048x2048":["https:\/\/noticiasbahia360.com.br\/wp-content\/uploads\/2026\/09\/PND2026.jpg",1200,718,false],"chromenews-featured":["https:\/\/noticiasbahia360.com.br\/wp-content\/uploads\/2026\/09\/PND2026-1024x613.jpg",1024,613,true],"chromenews-large":["https:\/\/noticiasbahia360.com.br\/wp-content\/uploads\/2026\/09\/PND2026-825x575.jpg",825,575,true],"chromenews-medium":["https:\/\/noticiasbahia360.com.br\/wp-content\/uploads\/2026\/09\/PND2026-590x410.jpg",590,410,true]},"author_info":{"display_name":"noticiasbahia360.com.br","author_link":"https:\/\/noticiasbahia360.com.br\/?author=1"},"category_info":"<a href=\"https:\/\/noticiasbahia360.com.br\/?cat=8\" rel=\"category\">Bahia<\/a> <a href=\"https:\/\/noticiasbahia360.com.br\/?cat=9\" rel=\"category\">Brasil<\/a> <a href=\"https:\/\/noticiasbahia360.com.br\/?cat=6\" rel=\"category\">Feira de Santana<\/a> <a href=\"https:\/\/noticiasbahia360.com.br\/?cat=57\" rel=\"category\">Mundo<\/a> <a href=\"https:\/\/noticiasbahia360.com.br\/?cat=56\" rel=\"category\">Pol\u00edcia<\/a> <a href=\"https:\/\/noticiasbahia360.com.br\/?cat=10\" rel=\"category\">Pol\u00edtica<\/a>","tag_info":"Pol\u00edtica","comment_count":"0","_links":{"self":[{"href":"https:\/\/noticiasbahia360.com.br\/index.php?rest_route=\/wp\/v2\/posts\/148340","targetHints":{"allow":["GET"]}}],"collection":[{"href":"https:\/\/noticiasbahia360.com.br\/index.php?rest_route=\/wp\/v2\/posts"}],"about":[{"href":"https:\/\/noticiasbahia360.com.br\/index.php?rest_route=\/wp\/v2\/types\/post"}],"author":[{"embeddable":true,"href":"https:\/\/noticiasbahia360.com.br\/index.php?rest_route=\/wp\/v2\/users\/1"}],"replies":[{"embeddable":true,"href":"https:\/\/noticiasbahia360.com.br\/index.php?rest_route=%2Fwp%2Fv2%2Fcomments&post=148340"}],"version-history":[{"count":0,"href":"https:\/\/noticiasbahia360.com.br\/index.php?rest_route=\/wp\/v2\/posts\/148340\/revisions"}],"wp:featuredmedia":[{"embeddable":true,"href":"https:\/\/noticiasbahia360.com.br\/index.php?rest_route=\/wp\/v2\/media\/148341"}],"wp:attachment":[{"href":"https:\/\/noticiasbahia360.com.br\/index.php?rest_route=%2Fwp%2Fv2%2Fmedia&parent=148340"}],"wp:term":[{"taxonomy":"category","embeddable":true,"href":"https:\/\/noticiasbahia360.com.br\/index.php?rest_route=%2Fwp%2Fv2%2Fcategories&post=148340"},{"taxonomy":"post_tag","embeddable":true,"href":"https:\/\/noticiasbahia360.com.br\/index.php?rest_route=%2Fwp%2Fv2%2Ftags&post=148340"}],"curies":[{"name":"wp","href":"https:\/\/api.w.org\/{rel}","templated":true}]}}